{"id":21750,"date":"2022-09-13T15:36:49","date_gmt":"2022-09-13T18:36:49","guid":{"rendered":"https:\/\/radiorevelacionfm.cl\/?p=21750"},"modified":"2022-09-13T15:36:49","modified_gmt":"2022-09-13T18:36:49","slug":"programa-gobierno-en-terreno-genero-dialogo-ciudadano-en-localidad-de-balmaceda","status":"publish","type":"post","link":"https:\/\/radiorevelacionfm.cl\/?p=21750","title":{"rendered":"Programa Gobierno en Terreno gener\u00f3 di\u00e1logo ciudadano en localidad de Balmaceda"},"content":{"rendered":"<div class=\"flex_column av_one_full  flex_column_div av-zero-column-padding first  avia-builder-el-0  el_before_av_one_full  avia-builder-el-first  \" style='border-radius:0px; '><div  class='avia-image-container  av-styling-    avia-builder-el-1  avia-builder-el-no-sibling  avia-align-center '  itemprop=\"image\" itemscope=\"itemscope\" itemtype=\"https:\/\/schema.org\/ImageObject\"  ><div class='avia-image-container-inner'><div class='avia-image-overlay-wrap'><img decoding=\"async\" class='wp-image-21751 avia-img-lazy-loading-not-21751 avia_image' src=\"https:\/\/radiorevelacionfm.cl\/wp-content\/uploads\/2022\/09\/IMG_1068-1-1.jpg\" alt='' title='IMG_1068 (1) (1)' height=\"600\" width=\"904\"  itemprop=\"thumbnailUrl\" srcset=\"https:\/\/radiorevelacionfm.cl\/wp-content\/uploads\/2022\/09\/IMG_1068-1-1.jpg 904w, https:\/\/radiorevelacionfm.cl\/wp-content\/uploads\/2022\/09\/IMG_1068-1-1-300x199.jpg 300w, https:\/\/radiorevelacionfm.cl\/wp-content\/uploads\/2022\/09\/IMG_1068-1-1-768x510.jpg 768w, https:\/\/radiorevelacionfm.cl\/wp-content\/uploads\/2022\/09\/IMG_1068-1-1-705x468.jpg 705w, https:\/\/radiorevelacionfm.cl\/wp-content\/uploads\/2022\/09\/IMG_1068-1-1-600x398.jpg 600w\" sizes=\"(max-width: 904px) 100vw, 904px\" \/><\/div><\/div><\/div><\/div><div class=\"flex_column av_one_full  flex_column_div av-zero-column-padding first  avia-builder-el-2  el_after_av_one_full  el_before_av_one_full  column-top-margin\" style='border-radius:0px; '><section class=\"av_textblock_section \"  itemscope=\"itemscope\" itemtype=\"https:\/\/schema.org\/BlogPosting\" itemprop=\"blogPost\" ><div class='avia_textblock  '   itemprop=\"text\" ><p style=\"text-align: center;\"><strong><span style=\"font-size: 18pt;\">Programa Gobierno en Terreno gener\u00f3 di\u00e1logo ciudadano en localidad de Balmaceda <\/span><\/strong><\/p>\n<div id=\"gtx-trans\" style=\"position: absolute; left: -50px; top: 4.31534px;\">\n<div class=\"gtx-trans-icon\"><\/div>\n<\/div>\n<\/div><\/section><\/div><div class=\"flex_column av_one_full  flex_column_div av-zero-column-padding first  avia-builder-el-4  el_after_av_one_full  el_before_av_hr  column-top-margin\" style='border-radius:0px; '><section class=\"av_textblock_section \"  itemscope=\"itemscope\" itemtype=\"https:\/\/schema.org\/BlogPosting\" itemprop=\"blogPost\" ><div class='avia_textblock  '   itemprop=\"text\" ><p style=\"font-weight: 400; text-align: justify;\">Una jornada de di\u00e1logo ciudadano y atenci\u00f3n directa a la comunidad, realiz\u00f3 el Programa Gobierno en Terreno en la escuela Jos\u00e9 Antol\u00edn Silva Orme\u00f1o de la localidad de Balmaceda.<\/p>\n<p style=\"font-weight: 400; text-align: justify;\">La actividad fue encabezada por el Delegado Presidencial Regional, Rodrigo Araya, junto a la presidenta de la Junta Vecinal, Ang\u00e9lica Cifuentes, quien valor\u00f3 la atenci\u00f3n directa de los servicios p\u00fablicos.<\/p>\n<p style=\"font-weight: 400; text-align: justify;\">\u201cEstoy muy orgullosa y agradecida de haber contado con todos los servicios en la comunidad de Balmaceda. Es muy importante para la comunidad, porque es la forma de que ellos est\u00e9n m\u00e1s cerca de nuestras autoridades, puedan dar a conocer sus problem\u00e1ticas y las posibles soluciones, porque muchas veces tenemos que viajar, no contamos con el tiempo, el clima no nos acompa\u00f1a y esta es la mejor instancia de tenerlos aqu\u00ed en casa\u201d, se\u00f1al\u00f3.<\/p>\n<p style=\"font-weight: 400; text-align: justify;\">El Delegado Rodrigo Araya expres\u00f3 que el Programa Gobierno en Terreno acerca los servicios p\u00fablicos del Estado a las personas, constituyendo una instancia de participaci\u00f3n ciudadana, en la que es posible comunicar medidas que aplica el Gobierno, y levantar necesidades locales.<\/p>\n<p style=\"font-weight: 400; text-align: justify;\">\u201cLa presidenta de la Junta de Vecinos nos hab\u00eda hecho llegar varias inquietudes, pudimos traerle algunas respuestas concretas y planes de trabajo respecto de otra tem\u00e1tica que surgi\u00f3 en la reuni\u00f3n, que fue tremendamente provechosa. Tenemos el desaf\u00edo por delante de c\u00f3mo articulamos a todos los servicios de manera m\u00e1s eficiente y eficaz, considerando el crecimiento que va a tener esta poblaci\u00f3n en los pr\u00f3ximos dos a\u00f1os. Por lo tanto, ah\u00ed tenemos el desaf\u00edo de c\u00f3mo podemos ir anteponi\u00e9ndonos a estos nuevos desaf\u00edos y llegar a tiempo con las soluciones\u201d, expres\u00f3.<\/p>\n<p style=\"font-weight: 400; text-align: justify;\">Para la presidenta del Taller de Ancianos Mc Iver, Mar\u00eda Ester Ponce, fue provechoso abordar inquietudes y propuestas orientadas hacia la inclusi\u00f3n de las personas mayores.<\/p>\n<p style=\"font-weight: 400; text-align: justify;\">\u201cQue los adultos mayores tengan un vida m\u00e1s activa y saludable, ya no contamos con el comedor, pero hemos ido actualizando las convivencias, los encuentros. Tenemos en estos momentos un proyecto que ganamos del Fondo Regional del 7% que consiste en un pod\u00f3logo y una nutricionista, as\u00ed es que es muy importante porque son 35 personas que se van a estar atendiendo durante tres meses y otro proyecto que tenemos de audici\u00f3n\u201d, indic\u00f3.<\/p>\n<p style=\"font-weight: 400; text-align: justify;\">En Balmaceda atendieron la Seremi de Salud y Servicio de Salud, Seremis de Educaci\u00f3n, Agricultura, Deportes, Medio Ambiente, Econom\u00eda, Justicia y Derechos Humanos, Bienes Nacionales, Vivienda y Urbanismo y Cultura; Coordinador Regional de Seguridad P\u00fablica, Indap, SAG y Conaf, Fosis, Prodemu y Registro Civil, entre otros.<\/p>\n<p style=\"font-weight: 400; text-align: justify;\">El Programa Gobierno en Terreno es desarrollado en toda la regi\u00f3n por las Delegaciones Presidenciales Regional y Provinciales, con el objetivo de promover el acceso a la informaci\u00f3n y comunicaci\u00f3n directa entre las personas y servicios p\u00fablicos.<\/p>\n<\/div><\/section><\/div><div  style='height:50px' class='hr hr-invisible   avia-builder-el-6  el_after_av_one_full  el_before_av_social_share '><span class='hr-inner ' ><span class='hr-inner-style'><\/span><\/span><\/div><\/p>\n<div  class='av-social-sharing-box  avia-builder-el-7  el_after_av_hr  el_before_av_hr  '><div class='av-share-box'><h5 class='av-share-link-description av-no-toc '>Compartir esta noticia<\/h5><ul class='av-share-box-list noLightbox'><li class='av-share-link av-social-link-facebook' ><a target=\"_blank\" aria-label=\"Compartir en Facebook\" href='https:\/\/www.facebook.com\/sharer.php?u=https:\/\/radiorevelacionfm.cl\/?p=21750&#038;t=Programa%20Gobierno%20en%20Terreno%20gener%C3%B3%20di%C3%A1logo%20ciudadano%20en%20localidad%20de%20Balmaceda' aria-hidden='false' data-av_icon='\ue8f3' data-av_iconfont='entypo-fontello' title='' data-avia-related-tooltip='Compartir en Facebook' rel=\"noopener\"><span class='avia_hidden_link_text'>Compartir en Facebook<\/span><\/a><\/li><li class='av-share-link av-social-link-twitter' ><a target=\"_blank\" aria-label=\"Compartir en Twitter\" href='https:\/\/twitter.com\/share?text=Programa%20Gobierno%20en%20Terreno%20gener%C3%B3%20di%C3%A1logo%20ciudadano%20en%20localidad%20de%20Balmaceda&#038;url=https:\/\/radiorevelacionfm.cl\/?p=21750' aria-hidden='false' data-av_icon='\ue8f1' data-av_iconfont='entypo-fontello' title='' data-avia-related-tooltip='Compartir en Twitter' rel=\"noopener\"><span class='avia_hidden_link_text'>Compartir en Twitter<\/span><\/a><\/li><li class='av-share-link av-social-link-whatsapp' ><a target=\"_blank\" aria-label=\"Compartir en Whatsapp\" href='https:\/\/api.whatsapp.com\/send?text=https:\/\/radiorevelacionfm.cl\/?p=21750' aria-hidden='false' data-av_icon='\uf232' data-av_iconfont='entypo-fontello' title='' data-avia-related-tooltip='Compartir en Whatsapp' rel=\"noopener\"><span class='avia_hidden_link_text'>Compartir en Whatsapp<\/span><\/a><\/li><li class='av-share-link av-social-link-linkedin' ><a target=\"_blank\" aria-label=\"Compartir en LinkedIn\" href='https:\/\/linkedin.com\/shareArticle?mini=true&#038;title=Programa%20Gobierno%20en%20Terreno%20gener%C3%B3%20di%C3%A1logo%20ciudadano%20en%20localidad%20de%20Balmaceda&#038;url=https:\/\/radiorevelacionfm.cl\/?p=21750' aria-hidden='false' data-av_icon='\ue8fc' data-av_iconfont='entypo-fontello' title='' data-avia-related-tooltip='Compartir en LinkedIn' rel=\"noopener\"><span class='avia_hidden_link_text'>Compartir en LinkedIn<\/span><\/a><\/li><li class='av-share-link av-social-link-mail' ><a  aria-label=\"Compartir por correo\" href='mailto:?subject=Programa%20Gobierno%20en%20Terreno%20gener%C3%B3%20di%C3%A1logo%20ciudadano%20en%20localidad%20de%20Balmaceda&#038;body=https:\/\/radiorevelacionfm.cl\/?p=21750' aria-hidden='false' data-av_icon='\ue805' data-av_iconfont='entypo-fontello' title='' data-avia-related-tooltip='Compartir por correo'><span class='avia_hidden_link_text'>Compartir por correo<\/span><\/a><\/li><\/ul><\/div><\/div>\n<div  style='height:50px' class='hr hr-invisible   avia-builder-el-8  el_after_av_social_share  el_before_av_comments_list '><span class='hr-inner ' ><span class='hr-inner-style'><\/span><\/span><\/div>\n<div  class='av-buildercomment  av-blog-meta-html-info-disabled av-blog-meta-tag-disabled  '><\/div>\n","protected":false},"excerpt":{"rendered":"","protected":false},"author":1,"featured_media":21751,"comment_status":"open","ping_status":"open","sticky":false,"template":"","format":"standard","meta":{"footnotes":""},"categories":[38],"tags":[],"class_list":["post-21750","post","type-post","status-publish","format-standard","has-post-thumbnail","hentry","category-regional"],"jetpack_featured_media_url":"https:\/\/radiorevelacionfm.cl\/wp-content\/uploads\/2022\/09\/IMG_1068-1-1.jpg","_links":{"self":[{"href":"https:\/\/radiorevelacionfm.cl\/index.php?rest_route=\/wp\/v2\/posts\/21750","targetHints":{"allow":["GET"]}}],"collection":[{"href":"https:\/\/radiorevelacionfm.cl\/index.php?rest_route=\/wp\/v2\/posts"}],"about":[{"href":"https:\/\/radiorevelacionfm.cl\/index.php?rest_route=\/wp\/v2\/types\/post"}],"author":[{"embeddable":true,"href":"https:\/\/radiorevelacionfm.cl\/index.php?rest_route=\/wp\/v2\/users\/1"}],"replies":[{"embeddable":true,"href":"https:\/\/radiorevelacionfm.cl\/index.php?rest_route=%2Fwp%2Fv2%2Fcomments&post=21750"}],"version-history":[{"count":2,"href":"https:\/\/radiorevelacionfm.cl\/index.php?rest_route=\/wp\/v2\/posts\/21750\/revisions"}],"predecessor-version":[{"id":21753,"href":"https:\/\/radiorevelacionfm.cl\/index.php?rest_route=\/wp\/v2\/posts\/21750\/revisions\/21753"}],"wp:featuredmedia":[{"embeddable":true,"href":"https:\/\/radiorevelacionfm.cl\/index.php?rest_route=\/wp\/v2\/media\/21751"}],"wp:attachment":[{"href":"https:\/\/radiorevelacionfm.cl\/index.php?rest_route=%2Fwp%2Fv2%2Fmedia&parent=21750"}],"wp:term":[{"taxonomy":"category","embeddable":true,"href":"https:\/\/radiorevelacionfm.cl\/index.php?rest_route=%2Fwp%2Fv2%2Fcategories&post=21750"},{"taxonomy":"post_tag","embeddable":true,"href":"https:\/\/radiorevelacionfm.cl\/index.php?rest_route=%2Fwp%2Fv2%2Ftags&post=21750"}],"curies":[{"name":"wp","href":"https:\/\/api.w.org\/{rel}","templated":true}]}}