{"id":21745,"date":"2022-09-13T13:24:55","date_gmt":"2022-09-13T16:24:55","guid":{"rendered":"https:\/\/radiorevelacionfm.cl\/?p=21745"},"modified":"2022-09-13T13:27:51","modified_gmt":"2022-09-13T16:27:51","slug":"salud-refuerza-testeos-preventivos-para-covid-19-con-miras-a-fiestas-patrias","status":"publish","type":"post","link":"https:\/\/radiorevelacionfm.cl\/?p=21745","title":{"rendered":"Salud refuerza testeos preventivos para COVID-19 con miras a Fiestas Patrias"},"content":{"rendered":"<div class=\"flex_column av_one_full  flex_column_div av-zero-column-padding first  avia-builder-el-0  el_before_av_one_full  avia-builder-el-first  \" style='border-radius:0px; '><div  class='avia-image-container  av-styling-    avia-builder-el-1  avia-builder-el-no-sibling  avia-align-center '  itemprop=\"image\" itemscope=\"itemscope\" itemtype=\"https:\/\/schema.org\/ImageObject\"  ><div class='avia-image-container-inner'><div class='avia-image-overlay-wrap'><img decoding=\"async\" class='wp-image-21746 avia-img-lazy-loading-not-21746 avia_image' src=\"https:\/\/radiorevelacionfm.cl\/wp-content\/uploads\/2022\/09\/image-86_optimized.jpg\" alt='' title='image-(86)_optimized' height=\"600\" width=\"827\"  itemprop=\"thumbnailUrl\" srcset=\"https:\/\/radiorevelacionfm.cl\/wp-content\/uploads\/2022\/09\/image-86_optimized.jpg 827w, https:\/\/radiorevelacionfm.cl\/wp-content\/uploads\/2022\/09\/image-86_optimized-300x218.jpg 300w, https:\/\/radiorevelacionfm.cl\/wp-content\/uploads\/2022\/09\/image-86_optimized-768x557.jpg 768w, https:\/\/radiorevelacionfm.cl\/wp-content\/uploads\/2022\/09\/image-86_optimized-705x511.jpg 705w, https:\/\/radiorevelacionfm.cl\/wp-content\/uploads\/2022\/09\/image-86_optimized-600x435.jpg 600w\" sizes=\"(max-width: 827px) 100vw, 827px\" \/><\/div><\/div><\/div><\/div>\n<div class=\"flex_column av_one_full  flex_column_div av-zero-column-padding first  avia-builder-el-2  el_after_av_one_full  el_before_av_one_full  column-top-margin\" style='border-radius:0px; '><section class=\"av_textblock_section \"  itemscope=\"itemscope\" itemtype=\"https:\/\/schema.org\/BlogPosting\" itemprop=\"blogPost\" ><div class='avia_textblock  '   itemprop=\"text\" ><p style=\"text-align: center;\"><span style=\"font-size: 18pt;\"><strong>Salud refuerza testeos preventivos para COVID-19 con miras a Fiestas Patrias <\/strong><\/span><\/p>\n<div id=\"gtx-trans\" style=\"position: absolute; left: -50px; top: 4.31534px;\">\n<div class=\"gtx-trans-icon\"><\/div>\n<\/div>\n<\/div><\/section><\/div>\n<div class=\"flex_column av_one_full  flex_column_div av-zero-column-padding first  avia-builder-el-4  el_after_av_one_full  el_before_av_hr  column-top-margin\" style='border-radius:0px; '><section class=\"av_textblock_section \"  itemscope=\"itemscope\" itemtype=\"https:\/\/schema.org\/BlogPosting\" itemprop=\"blogPost\" ><div class='avia_textblock  '   itemprop=\"text\" ><p style=\"text-align: justify;\">A lo largo de toda la regi\u00f3n, equipos de salud estar\u00e1n realizando B\u00fasqueda Activa de Casos (BAC) por COVID-19. En Coyhaique, se extienden puntos para toma de ex\u00e1menes de ant\u00edgeno en plaza de armas y supermercado Unimarc.<\/p>\n<p style=\"text-align: justify;\">A trav\u00e9s de un punto de prensa, autoridades regionales reforzaron la importancia de acceder a un testeo oportuno para la detecci\u00f3n de COVID-19, iniciativa que permitir\u00e1 no solo promover el autocuidado de la poblaci\u00f3n, sino que adem\u00e1s, resguardar la salud de los grupos familiares previo a las celebraciones de Fiestas Patrias.<\/p>\n<p style=\"text-align: justify;\">As\u00ed lo manifest\u00f3 la Seremi de Salud, Carmen Monsalve, quien junto con recalcar la importancia del testeo, reiter\u00f3 que los resultados se conocen en menos de 20 minutos. \u201cEstamos disponiendo esta b\u00fasqueda activa a trav\u00e9s de la toma de Ant\u00edgenos, que es el resultado r\u00e1pido que uno puede obtener dentro de 15 a 20 minutos con el objetivo de ofrecer esta atenci\u00f3n a quienes transiten por el centro de Coyhaique, para que las personas puedan pasar este 18 de manera segura junto a sus familiares. El llamado es a la comunidad para que antes de celebrar, puedan resguardar que est\u00e1n en condiciones de seguridad, que est\u00e1n sanos\u201d.<\/p>\n<p style=\"text-align: justify;\">B\u00fasqueda Activa de Casos (BAC) que tambi\u00e9n se est\u00e1 desarrollando a lo largo de la red de salud, como lo detall\u00f3 el Director del Servicio de Salud Ays\u00e9n, Gabriel Burgos. \u201cLa b\u00fasqueda activa ha sido fundamental en el manejo de la pandemia por COVID-19, por lo tanto, hacer el refuerzo que hay lugares dentro de la regi\u00f3n para que las personas puedan acercarse a hacer su testeo tanto como Ant\u00edgeno o PCR. Nosotros, tambi\u00e9n tenemos ac\u00e1 en Coyhaique el ex terminal de buses, que tambi\u00e9n estar\u00e1 disponible el viernes 16 y el pr\u00f3ximo lunes 19, de 09 a 13 horas; adem\u00e1s el CESFAM Alejandro Guti\u00e9rrez, en horario SAPU tambi\u00e9n hacemos test de Ant\u00edgeno, por lo tanto, las personas tambi\u00e9n pueden \u00a0acercarse y acceder a los test para estar prevenidos con miras a las festividades\u201d.<\/p>\n<p style=\"text-align: justify;\">Finalmente, el Delegado Presidencial, Rodrigo Araya, se\u00f1al\u00f3 que el cuidado y la salud de la comunidad es una de las prioridades para el Ejecutivo. \u201cComo Gobierno, y como misi\u00f3n encomendada por nuestro Presidente, velar por la seguridad y salud de las personas en estas festividades es importante, por eso los esfuerzos que se est\u00e1n desarrollando por acercar los puntos de testeo son relevantes, porque el virus sigue circulando, tenemos menos casos y pocos llegan al hospital, eso es por el proceso de vacunaci\u00f3n, pero ante s\u00edntomas sospechosos, tener la capacidad de testearse es relevante para cuidar a nuestras familias m\u00e1s a\u00fan en estas pr\u00f3ximas festividades\u201d.<\/p>\n<p style=\"text-align: justify;\">Los equipos m\u00f3viles de B\u00fasqueda Activa permanecer\u00e1n en Coyhaique, hasta este jueves en la plaza de armas y Unimarc (horarios de 10 a 12horas \/\/ 14:30 a 16horas.) Mientras que el viernes 16 y lunes 19, estar\u00e1 funcionando el ex terminal de buses para la toma de PCR en horarios de 09 a 13horas. Mientras que los d\u00edas s\u00e1bado 17 y domingo 18, se ha dispuesto el CESFAM Alejandro Guti\u00e9rrez para toma de test Ant\u00edgeno y PCR.<\/p>\n<\/div><\/section><\/div><div  style='height:50px' class='hr hr-invisible   avia-builder-el-6  el_after_av_one_full  el_before_av_social_share '><span class='hr-inner ' ><span class='hr-inner-style'><\/span><\/span><\/div><\/p>\n<div  class='av-social-sharing-box  avia-builder-el-7  el_after_av_hr  el_before_av_hr  '><div class='av-share-box'><h5 class='av-share-link-description av-no-toc '>Compartir esta noticia<\/h5><ul class='av-share-box-list noLightbox'><li class='av-share-link av-social-link-facebook' ><a target=\"_blank\" aria-label=\"Compartir en Facebook\" href='https:\/\/www.facebook.com\/sharer.php?u=https:\/\/radiorevelacionfm.cl\/?p=21745&#038;t=Salud%20refuerza%20testeos%20preventivos%20para%20COVID-19%20con%20miras%20a%20Fiestas%20Patrias' aria-hidden='false' data-av_icon='\ue8f3' data-av_iconfont='entypo-fontello' title='' data-avia-related-tooltip='Compartir en Facebook' rel=\"noopener\"><span class='avia_hidden_link_text'>Compartir en Facebook<\/span><\/a><\/li><li class='av-share-link av-social-link-twitter' ><a target=\"_blank\" aria-label=\"Compartir en Twitter\" href='https:\/\/twitter.com\/share?text=Salud%20refuerza%20testeos%20preventivos%20para%20COVID-19%20con%20miras%20a%20Fiestas%20Patrias&#038;url=https:\/\/radiorevelacionfm.cl\/?p=21745' aria-hidden='false' data-av_icon='\ue8f1' data-av_iconfont='entypo-fontello' title='' data-avia-related-tooltip='Compartir en Twitter' rel=\"noopener\"><span class='avia_hidden_link_text'>Compartir en Twitter<\/span><\/a><\/li><li class='av-share-link av-social-link-whatsapp' ><a target=\"_blank\" aria-label=\"Compartir en Whatsapp\" href='https:\/\/api.whatsapp.com\/send?text=https:\/\/radiorevelacionfm.cl\/?p=21745' aria-hidden='false' data-av_icon='\uf232' data-av_iconfont='entypo-fontello' title='' data-avia-related-tooltip='Compartir en Whatsapp' rel=\"noopener\"><span class='avia_hidden_link_text'>Compartir en Whatsapp<\/span><\/a><\/li><li class='av-share-link av-social-link-linkedin' ><a target=\"_blank\" aria-label=\"Compartir en LinkedIn\" href='https:\/\/linkedin.com\/shareArticle?mini=true&#038;title=Salud%20refuerza%20testeos%20preventivos%20para%20COVID-19%20con%20miras%20a%20Fiestas%20Patrias&#038;url=https:\/\/radiorevelacionfm.cl\/?p=21745' aria-hidden='false' data-av_icon='\ue8fc' data-av_iconfont='entypo-fontello' title='' data-avia-related-tooltip='Compartir en LinkedIn' rel=\"noopener\"><span class='avia_hidden_link_text'>Compartir en LinkedIn<\/span><\/a><\/li><li class='av-share-link av-social-link-mail' ><a  aria-label=\"Compartir por correo\" href='mailto:?subject=Salud%20refuerza%20testeos%20preventivos%20para%20COVID-19%20con%20miras%20a%20Fiestas%20Patrias&#038;body=https:\/\/radiorevelacionfm.cl\/?p=21745' aria-hidden='false' data-av_icon='\ue805' data-av_iconfont='entypo-fontello' title='' data-avia-related-tooltip='Compartir por correo'><span class='avia_hidden_link_text'>Compartir por correo<\/span><\/a><\/li><\/ul><\/div><\/div>\n<div  style='height:50px' class='hr hr-invisible   avia-builder-el-8  el_after_av_social_share  el_before_av_comments_list '><span class='hr-inner ' ><span class='hr-inner-style'><\/span><\/span><\/div>\n<div  class='av-buildercomment  av-blog-meta-html-info-disabled av-blog-meta-tag-disabled  '><\/div>\n","protected":false},"excerpt":{"rendered":"","protected":false},"author":1,"featured_media":21746,"comment_status":"open","ping_status":"open","sticky":false,"template":"","format":"standard","meta":{"footnotes":""},"categories":[46],"tags":[],"class_list":["post-21745","post","type-post","status-publish","format-standard","has-post-thumbnail","hentry","category-salud"],"jetpack_featured_media_url":"https:\/\/radiorevelacionfm.cl\/wp-content\/uploads\/2022\/09\/image-86_optimized.jpg","_links":{"self":[{"href":"https:\/\/radiorevelacionfm.cl\/index.php?rest_route=\/wp\/v2\/posts\/21745","targetHints":{"allow":["GET"]}}],"collection":[{"href":"https:\/\/radiorevelacionfm.cl\/index.php?rest_route=\/wp\/v2\/posts"}],"about":[{"href":"https:\/\/radiorevelacionfm.cl\/index.php?rest_route=\/wp\/v2\/types\/post"}],"author":[{"embeddable":true,"href":"https:\/\/radiorevelacionfm.cl\/index.php?rest_route=\/wp\/v2\/users\/1"}],"replies":[{"embeddable":true,"href":"https:\/\/radiorevelacionfm.cl\/index.php?rest_route=%2Fwp%2Fv2%2Fcomments&post=21745"}],"version-history":[{"count":3,"href":"https:\/\/radiorevelacionfm.cl\/index.php?rest_route=\/wp\/v2\/posts\/21745\/revisions"}],"predecessor-version":[{"id":21748,"href":"https:\/\/radiorevelacionfm.cl\/index.php?rest_route=\/wp\/v2\/posts\/21745\/revisions\/21748"}],"wp:featuredmedia":[{"embeddable":true,"href":"https:\/\/radiorevelacionfm.cl\/index.php?rest_route=\/wp\/v2\/media\/21746"}],"wp:attachment":[{"href":"https:\/\/radiorevelacionfm.cl\/index.php?rest_route=%2Fwp%2Fv2%2Fmedia&parent=21745"}],"wp:term":[{"taxonomy":"category","embeddable":true,"href":"https:\/\/radiorevelacionfm.cl\/index.php?rest_route=%2Fwp%2Fv2%2Fcategories&post=21745"},{"taxonomy":"post_tag","embeddable":true,"href":"https:\/\/radiorevelacionfm.cl\/index.php?rest_route=%2Fwp%2Fv2%2Ftags&post=21745"}],"curies":[{"name":"wp","href":"https:\/\/api.w.org\/{rel}","templated":true}]}}