{"id":21738,"date":"2022-09-12T20:44:54","date_gmt":"2022-09-12T23:44:54","guid":{"rendered":"https:\/\/radiorevelacionfm.cl\/?p=21738"},"modified":"2022-09-12T20:44:54","modified_gmt":"2022-09-12T23:44:54","slug":"inauguran-panaderia-comunitaria-de-gendarmeria-en-coyhaique","status":"publish","type":"post","link":"https:\/\/radiorevelacionfm.cl\/?p=21738","title":{"rendered":"Inauguran Panader\u00eda comunitaria de Gendarmer\u00eda en Coyhaique"},"content":{"rendered":"<div class=\"flex_column av_one_full  flex_column_div av-zero-column-padding first  avia-builder-el-0  el_before_av_one_full  avia-builder-el-first  \" style='border-radius:0px; '><div  class='avia-image-container  av-styling-    avia-builder-el-1  avia-builder-el-no-sibling  avia-align-center '  itemprop=\"image\" itemscope=\"itemscope\" itemtype=\"https:\/\/schema.org\/ImageObject\"  ><div class='avia-image-container-inner'><div class='avia-image-overlay-wrap'><img decoding=\"async\" class='wp-image-21739 avia-img-lazy-loading-not-21739 avia_image' src=\"https:\/\/radiorevelacionfm.cl\/wp-content\/uploads\/2022\/09\/306560722_2390971747725410_8096118665630391976_n-1_optimized.jpg\" alt='' title='306560722_2390971747725410_8096118665630391976_n-(1)_optimized' height=\"600\" width=\"800\"  itemprop=\"thumbnailUrl\" srcset=\"https:\/\/radiorevelacionfm.cl\/wp-content\/uploads\/2022\/09\/306560722_2390971747725410_8096118665630391976_n-1_optimized.jpg 800w, https:\/\/radiorevelacionfm.cl\/wp-content\/uploads\/2022\/09\/306560722_2390971747725410_8096118665630391976_n-1_optimized-300x225.jpg 300w, https:\/\/radiorevelacionfm.cl\/wp-content\/uploads\/2022\/09\/306560722_2390971747725410_8096118665630391976_n-1_optimized-768x576.jpg 768w, https:\/\/radiorevelacionfm.cl\/wp-content\/uploads\/2022\/09\/306560722_2390971747725410_8096118665630391976_n-1_optimized-705x529.jpg 705w, https:\/\/radiorevelacionfm.cl\/wp-content\/uploads\/2022\/09\/306560722_2390971747725410_8096118665630391976_n-1_optimized-600x450.jpg 600w\" sizes=\"(max-width: 800px) 100vw, 800px\" \/><\/div><\/div><\/div><\/div><div class=\"flex_column av_one_full  flex_column_div av-zero-column-padding first  avia-builder-el-2  el_after_av_one_full  el_before_av_one_full  column-top-margin\" style='border-radius:0px; '><section class=\"av_textblock_section \"  itemscope=\"itemscope\" itemtype=\"https:\/\/schema.org\/BlogPosting\" itemprop=\"blogPost\" ><div class='avia_textblock  '   itemprop=\"text\" ><p style=\"text-align: center;\"><strong><span style=\"font-size: 18pt;\">Inauguran Panader\u00eda comunitaria de Gendarmer\u00eda en Coyhaique<\/span><\/strong><\/p>\n<div id=\"gtx-trans\" style=\"position: absolute; left: -50px; top: 4.31534px;\">\n<div class=\"gtx-trans-icon\"><\/div>\n<\/div>\n<\/div><\/section><\/div><div class=\"flex_column av_one_full  flex_column_div av-zero-column-padding first  avia-builder-el-4  el_after_av_one_full  el_before_av_hr  column-top-margin\" style='border-radius:0px; '><section class=\"av_textblock_section \"  itemscope=\"itemscope\" itemtype=\"https:\/\/schema.org\/BlogPosting\" itemprop=\"blogPost\" ><div class='avia_textblock  '   itemprop=\"text\" ><p style=\"text-align: justify;\">La iniciativa llevada adelante junto a la Municipalidad de Coyhaique busca ofrecer precios m\u00e1s accesibles a la comunidad.<span id=\"more-103951\"><\/span><\/p>\n<p style=\"text-align: justify;\">Este lunes se inaugur\u00f3 la Panader\u00eda Comunitaria del CET perteneciente al Centro de Cumplimiento Penitenciario de Coyhaique, anhelada iniciativa pionera a nivel nacional, que busca generar mayores oportunidades laborales para las personas privadas de libertad, adem\u00e1s del acceso a \u00e9ste, el principal alimento de la dieta de todos los chilenos.<\/p>\n<p style=\"text-align: justify;\">Los centros de educaci\u00f3n y trabajo est\u00e1n destinados a formar o capacitar a los internos en una profesi\u00f3n u oficio y a proporcionarles trabajo remunerado acorde a las posibilidades del establecimiento. Su meta por definici\u00f3n apunta a la reinserci\u00f3n social en un r\u00e9gimen fundado en la autodisciplina, propendiendo al afianzamiento del sentido de responsabilidad de las personas privadas de libertad.<\/p>\n<p style=\"text-align: justify;\">Al respecto el Director Regional de Gendarmer\u00eda de Chile destac\u00f3 lo importante de la iniciativa \u201choy en d\u00eda estamos reinsertando y d\u00e1ndole un oficio a las personas privadas de libertad para que rompan las cadenas delictivas, nos sentimos orgullosos, porque esto, adem\u00e1s conlleva un acceso a comprar pan a buen precio para nuestros vecinos.\u201d Destac\u00f3 el teniente coronel, Freddy Molinet Anoni.<\/p>\n<p style=\"text-align: justify;\">En la actualidad la panader\u00eda del CET s\u00f3lo produce 70 kilos de pan para consumo interno de la unidad penal, baja producci\u00f3n que se espera en una primera etapa se pueda duplicar y generar trabajo para cuatro personas privadas de libertad.<\/p>\n<p style=\"text-align: justify;\">\u201cEste pan que van a poder venir a buscar nuestros vecinos, no es solo pan con bajo precio, tambi\u00e9n es un pan con amor, un pan de oportunidades, con mucho compromiso de salir adelante, hoy el s\u00edmbolo de la reinserci\u00f3n social se cumple, no son s\u00f3lo palabras, son actos y hechos concretos.\u201d Resalt\u00f3 el alcalde de Coyhaique Carlos Gatica Villegas.<\/p>\n<p style=\"text-align: justify;\">Esta alianza virtuosa con la municipalidad permiti\u00f3 habilitar esta sala de ventas, donde se espera inicialmente ofertar a la comunidad pan marraqueta, hallulla de 100 y 80 gramos, pan de molde, pan de manteca, pan baguette, empanadas y pizzas, a lo que se espera sumar con posterioridad productos de pasteler\u00eda.<br \/>\n\u201cLa reinserci\u00f3n social es inversi\u00f3n y no gasto, as\u00ed disminuimos en reincidencia delictiva, por lo tanto lo importante es que la comunidad compre los productos del CET, hoy es la panader\u00eda, pero tambi\u00e9n existen otros oficios realizados por la poblaci\u00f3n penal como por ejemplo la muebler\u00eda\u201d agreg\u00f3 el Seremi de Justicia y DDHH Samuel Navarro Castro.<\/p>\n<p style=\"text-align: justify;\">Finalmente hay que destacar que la panader\u00eda comunitaria de Gendarmer\u00eda se ubica en Simpson 367, casi al llegar a Ogana y en una primera etapa atender\u00e1 a p\u00fablico desde las 8:30 a las 13:30 horas y por la tarde de 15:00 a 18:00 horas de lunes a viernes.<\/p>\n<\/div><\/section><\/div><div  style='height:50px' class='hr hr-invisible   avia-builder-el-6  el_after_av_one_full  el_before_av_social_share '><span class='hr-inner ' ><span class='hr-inner-style'><\/span><\/span><\/div><\/p>\n<div  class='av-social-sharing-box  avia-builder-el-7  el_after_av_hr  el_before_av_hr  '><div class='av-share-box'><h5 class='av-share-link-description av-no-toc '>Compartir esta noticia<\/h5><ul class='av-share-box-list noLightbox'><li class='av-share-link av-social-link-facebook' ><a target=\"_blank\" aria-label=\"Compartir en Facebook\" href='https:\/\/www.facebook.com\/sharer.php?u=https:\/\/radiorevelacionfm.cl\/?p=21738&#038;t=Inauguran%20Panader%C3%ADa%20comunitaria%20de%20Gendarmer%C3%ADa%20en%20Coyhaique' aria-hidden='false' data-av_icon='\ue8f3' data-av_iconfont='entypo-fontello' title='' data-avia-related-tooltip='Compartir en Facebook' rel=\"noopener\"><span class='avia_hidden_link_text'>Compartir en Facebook<\/span><\/a><\/li><li class='av-share-link av-social-link-twitter' ><a target=\"_blank\" aria-label=\"Compartir en Twitter\" href='https:\/\/twitter.com\/share?text=Inauguran%20Panader%C3%ADa%20comunitaria%20de%20Gendarmer%C3%ADa%20en%20Coyhaique&#038;url=https:\/\/radiorevelacionfm.cl\/?p=21738' aria-hidden='false' data-av_icon='\ue8f1' data-av_iconfont='entypo-fontello' title='' data-avia-related-tooltip='Compartir en Twitter' rel=\"noopener\"><span class='avia_hidden_link_text'>Compartir en Twitter<\/span><\/a><\/li><li class='av-share-link av-social-link-whatsapp' ><a target=\"_blank\" aria-label=\"Compartir en Whatsapp\" href='https:\/\/api.whatsapp.com\/send?text=https:\/\/radiorevelacionfm.cl\/?p=21738' aria-hidden='false' data-av_icon='\uf232' data-av_iconfont='entypo-fontello' title='' data-avia-related-tooltip='Compartir en Whatsapp' rel=\"noopener\"><span class='avia_hidden_link_text'>Compartir en Whatsapp<\/span><\/a><\/li><li class='av-share-link av-social-link-linkedin' ><a target=\"_blank\" aria-label=\"Compartir en LinkedIn\" href='https:\/\/linkedin.com\/shareArticle?mini=true&#038;title=Inauguran%20Panader%C3%ADa%20comunitaria%20de%20Gendarmer%C3%ADa%20en%20Coyhaique&#038;url=https:\/\/radiorevelacionfm.cl\/?p=21738' aria-hidden='false' data-av_icon='\ue8fc' data-av_iconfont='entypo-fontello' title='' data-avia-related-tooltip='Compartir en LinkedIn' rel=\"noopener\"><span class='avia_hidden_link_text'>Compartir en LinkedIn<\/span><\/a><\/li><li class='av-share-link av-social-link-mail' ><a  aria-label=\"Compartir por correo\" href='mailto:?subject=Inauguran%20Panader%C3%ADa%20comunitaria%20de%20Gendarmer%C3%ADa%20en%20Coyhaique&#038;body=https:\/\/radiorevelacionfm.cl\/?p=21738' aria-hidden='false' data-av_icon='\ue805' data-av_iconfont='entypo-fontello' title='' data-avia-related-tooltip='Compartir por correo'><span class='avia_hidden_link_text'>Compartir por correo<\/span><\/a><\/li><\/ul><\/div><\/div>\n<div  style='height:50px' class='hr hr-invisible   avia-builder-el-8  el_after_av_social_share  el_before_av_comments_list '><span class='hr-inner ' ><span class='hr-inner-style'><\/span><\/span><\/div>\n<div  class='av-buildercomment  av-blog-meta-html-info-disabled av-blog-meta-tag-disabled  '><\/div>\n","protected":false},"excerpt":{"rendered":"","protected":false},"author":1,"featured_media":21739,"comment_status":"open","ping_status":"open","sticky":false,"template":"","format":"standard","meta":{"footnotes":""},"categories":[38],"tags":[],"class_list":["post-21738","post","type-post","status-publish","format-standard","has-post-thumbnail","hentry","category-regional"],"jetpack_featured_media_url":"https:\/\/radiorevelacionfm.cl\/wp-content\/uploads\/2022\/09\/306560722_2390971747725410_8096118665630391976_n-1_optimized.jpg","_links":{"self":[{"href":"https:\/\/radiorevelacionfm.cl\/index.php?rest_route=\/wp\/v2\/posts\/21738","targetHints":{"allow":["GET"]}}],"collection":[{"href":"https:\/\/radiorevelacionfm.cl\/index.php?rest_route=\/wp\/v2\/posts"}],"about":[{"href":"https:\/\/radiorevelacionfm.cl\/index.php?rest_route=\/wp\/v2\/types\/post"}],"author":[{"embeddable":true,"href":"https:\/\/radiorevelacionfm.cl\/index.php?rest_route=\/wp\/v2\/users\/1"}],"replies":[{"embeddable":true,"href":"https:\/\/radiorevelacionfm.cl\/index.php?rest_route=%2Fwp%2Fv2%2Fcomments&post=21738"}],"version-history":[{"count":2,"href":"https:\/\/radiorevelacionfm.cl\/index.php?rest_route=\/wp\/v2\/posts\/21738\/revisions"}],"predecessor-version":[{"id":21741,"href":"https:\/\/radiorevelacionfm.cl\/index.php?rest_route=\/wp\/v2\/posts\/21738\/revisions\/21741"}],"wp:featuredmedia":[{"embeddable":true,"href":"https:\/\/radiorevelacionfm.cl\/index.php?rest_route=\/wp\/v2\/media\/21739"}],"wp:attachment":[{"href":"https:\/\/radiorevelacionfm.cl\/index.php?rest_route=%2Fwp%2Fv2%2Fmedia&parent=21738"}],"wp:term":[{"taxonomy":"category","embeddable":true,"href":"https:\/\/radiorevelacionfm.cl\/index.php?rest_route=%2Fwp%2Fv2%2Fcategories&post=21738"},{"taxonomy":"post_tag","embeddable":true,"href":"https:\/\/radiorevelacionfm.cl\/index.php?rest_route=%2Fwp%2Fv2%2Ftags&post=21738"}],"curies":[{"name":"wp","href":"https:\/\/api.w.org\/{rel}","templated":true}]}}