{"id":21732,"date":"2022-09-13T10:41:16","date_gmt":"2022-09-13T13:41:16","guid":{"rendered":"https:\/\/radiorevelacionfm.cl\/?p=21732"},"modified":"2022-09-13T10:41:16","modified_gmt":"2022-09-13T13:41:16","slug":"nuevo-tramo-de-la-red-de-alta-velocidad-fortalecera-la-investigacion-y-la-educacion-en-la-macrozona-austral","status":"publish","type":"post","link":"https:\/\/radiorevelacionfm.cl\/?p=21732","title":{"rendered":"Nuevo tramo de la Red de Alta Velocidad fortalecer\u00e1 la investigaci\u00f3n y la educaci\u00f3n en la Macrozona Austral"},"content":{"rendered":"<div class=\"flex_column av_one_full  flex_column_div av-zero-column-padding first  avia-builder-el-0  el_before_av_one_full  avia-builder-el-first  \" style='border-radius:0px; '><div  class='avia-image-container  av-styling-    avia-builder-el-1  avia-builder-el-no-sibling  avia-align-center '  itemprop=\"image\" itemscope=\"itemscope\" itemtype=\"https:\/\/schema.org\/ImageObject\"  ><div class='avia-image-container-inner'><div class='avia-image-overlay-wrap'><img decoding=\"async\" class='wp-image-21733 avia-img-lazy-loading-not-21733 avia_image' src=\"https:\/\/radiorevelacionfm.cl\/wp-content\/uploads\/2022\/09\/DSC05680-1-1.jpg\" alt='' title='DSC05680 (1) (1)' height=\"600\" width=\"900\"  itemprop=\"thumbnailUrl\" srcset=\"https:\/\/radiorevelacionfm.cl\/wp-content\/uploads\/2022\/09\/DSC05680-1-1.jpg 900w, https:\/\/radiorevelacionfm.cl\/wp-content\/uploads\/2022\/09\/DSC05680-1-1-300x200.jpg 300w, https:\/\/radiorevelacionfm.cl\/wp-content\/uploads\/2022\/09\/DSC05680-1-1-768x512.jpg 768w, https:\/\/radiorevelacionfm.cl\/wp-content\/uploads\/2022\/09\/DSC05680-1-1-705x470.jpg 705w, https:\/\/radiorevelacionfm.cl\/wp-content\/uploads\/2022\/09\/DSC05680-1-1-600x400.jpg 600w\" sizes=\"(max-width: 900px) 100vw, 900px\" \/><\/div><\/div><\/div><\/div><div class=\"flex_column av_one_full  flex_column_div av-zero-column-padding first  avia-builder-el-2  el_after_av_one_full  el_before_av_one_full  column-top-margin\" style='border-radius:0px; '><section class=\"av_textblock_section \"  itemscope=\"itemscope\" itemtype=\"https:\/\/schema.org\/BlogPosting\" itemprop=\"blogPost\" ><div class='avia_textblock  '   itemprop=\"text\" ><p style=\"text-align: center;\"><strong><span style=\"font-size: 18pt;\">Nuevo tramo de la Red de Alta Velocidad fortalecer\u00e1 la investigaci\u00f3n y la educaci\u00f3n en la Macrozona Austral<\/span><\/strong><\/p>\n<div id=\"gtx-trans\" style=\"position: absolute; left: -50px; top: 4.31534px;\">\n<div class=\"gtx-trans-icon\"><\/div>\n<\/div>\n<\/div><\/section><\/div><div class=\"flex_column av_one_full  flex_column_div av-zero-column-padding first  avia-builder-el-4  el_after_av_one_full  el_before_av_hr  column-top-margin\" style='border-radius:0px; '><section class=\"av_textblock_section \"  itemscope=\"itemscope\" itemtype=\"https:\/\/schema.org\/BlogPosting\" itemprop=\"blogPost\" ><div class='avia_textblock  '   itemprop=\"text\" ><p style=\"text-align: justify;\">La iniciativa es liderada por Red Universitaria Nacional, REUNA, en un trabajo conjunto con la Agencia Nacional de Investigaci\u00f3n y Desarrollo, ANID, y dando inicio al \u00abProyecto Patagonia\u00bb, nodo Coyhaique. El nuevo tramo de red involucra una inversi\u00f3n de 800 millones de pesos para avanzar hacia una infraestructura digital escalable, segura y resiliente, que integrar\u00e1 a las regiones de Ays\u00e9n y Magallanes a las Redes Acad\u00e9micas Globales.<\/p>\n<p style=\"text-align: justify;\">Este lunes 12 de septiembre, la Agencia Nacional de Investigaci\u00f3n y Desarrollo, ANID, y Red Universitaria Nacional, REUNA, inauguraron el Punto de Presencia (PoP) en la ciudad de Coyhaique, primer nodo de la Red de Alta Velocidad de la Macrozona Austral. En el territorio, se integran, en una primera etapa, la Universidad de Ays\u00e9n y el Centro de Investigaci\u00f3n en Ecosistemas de la Patagonia (CIEP), abriendo nuevas oportunidades en investigaci\u00f3n y educaci\u00f3n desde otros centros de formaci\u00f3n e investigaci\u00f3n presentes en la zona.<\/p>\n<p style=\"text-align: justify;\">El Proyecto Patagonia considera la implementaci\u00f3n de dos Puntos de Presencia (PoP) de la Red de Investigaci\u00f3n y Educaci\u00f3n en las ciudades de Coyhaique y Punta Arenas, respectivamente, para incorporarlos en Puerto Montt a la troncal de REUNA, a trav\u00e9s de la habilitaci\u00f3n de dos enlaces, con una capacidad agregada inicial de 3 Gbps y un potencial de 10 Gbps, alcanzables durante la ejecuci\u00f3n del proyecto. Estos nuevos tramos, consideran el despliegue de 1.310 kil\u00f3metros de red, representando un aumento del 42% en la extensi\u00f3n territorial de la infraestructura digital actual de REUNA.<\/p>\n<p style=\"text-align: justify;\">\u00abA casi un a\u00f1o de haber iniciado un proyecto tan ambicioso como Patagonia, nos sentimos complacidos y expectantes, respecto de los efectos e impactos, que esta iniciativa pueda generar, al poder conectar a todas las instituciones que, de manera aislada e independiente, aportan conocimiento en las regiones de Ays\u00e9n y Magallanes. Orientar recursos a una zona de alto potencial cient\u00edfico, con caracter\u00edsticas de laboratorio natural en diversos \u00e1mbitos y con ventajas comparativas a nivel mundial, responde a nuestra misi\u00f3n p\u00fablica y a una mirada estrat\u00e9gica, de impulsar en el extremo de nuestro pa\u00eds, un polo de investigaci\u00f3n e innovaci\u00f3n, con sentido territorial. Para la ANID, Patagonia constituye una meta ambiciosa, pero que, de manera progresiva y con el soporte tecnol\u00f3gico de REUNA y la colaboraci\u00f3n de otros actores, puede convertirse en un importante motor de desarrollo\u00bb, expresa con entusiasmo, la\u00a0Directora Nacional (s) de ANID, Alejandra Pizarro.<\/p>\n<p style=\"text-align: justify;\">Por su parte,\u00a0Paola Arellano, Directora Ejecutiva de REUNA, comenta que: \u00abUnir a todas las instituciones de ciencia, educaci\u00f3n superior e innovaci\u00f3n de Chile a la Red Nacional para Investigaci\u00f3n y Educaci\u00f3n es un sue\u00f1o que REUNA ha perseguido desde su formaci\u00f3n, como proyecto Fondef, a inicio de los 90&#8242;. Hoy, el Proyecto Patagonia es el primer paso para que las regiones de Ays\u00e9n y Magallanes cuenten con una infraestructura digital de excelencia, dedicada exclusivamente a la ciencia y educaci\u00f3n, interconectada nacional e internacionalmente, que consolide a la Macrozona Austral como un polo de desarrollo y creaci\u00f3n de conocimiento a nivel mundial, y con un fuerte sentido territorial. La siguiente etapa de este sue\u00f1o, ser\u00e1 integrar la red Patagonia con otras iniciativas, para conectar el territorio ant\u00e1rtico con el resto del mundo, a trav\u00e9s de Chile\u00bb.<\/p>\n<p style=\"text-align: justify;\">En noviembre de 2021, ANID y REUNA anunciaron el \u00abProyecto Patagonia\u00bb, que incluye dos nodos; uno en Coyhaique y otro en Punta Arenas. El proyecto Patagonia busca satisfacer las necesidades de conectividad de las instituciones de investigaci\u00f3n y educaci\u00f3n superior de la Macrozona Austral, entregando una soluci\u00f3n de redes y plataformas digitales que permita a las regiones de Ays\u00e9n y Magallanes contar con una\u00a0<b>infraestructura digital escalable, segura y resiliente<\/b>, para implementar la pol\u00edtica p\u00fablica del Ministerio de Ciencia y, con ello, apoyar la misi\u00f3n de las universidades y los centros de formaci\u00f3n e investigaci\u00f3n, que aportan al desarrollo del conocimiento desde el territorio.<\/p>\n<p style=\"text-align: justify;\">El convenio, contempla una inversi\u00f3n de 800 millones de pesos para infraestructura habilitante, que permita la conexi\u00f3n de las instituciones generadoras de conocimiento de la Macrozona Austral con la red digital y los servicios tecnol\u00f3gicos de REUNA, integrando a las regiones de Ays\u00e9n y de Magallanes a las Redes Acad\u00e9micas. Los\u00a0beneficiarios potenciales de este proyecto son universidades, centros de formaci\u00f3n profesional y centros de investigaci\u00f3n, aut\u00f3nomos y dependientes.<\/p>\n<p style=\"text-align: justify;\">En este sentido,\u00a0Natacha Pino,\u00a0Rectora de la Universidad de Ays\u00e9n, se\u00f1al\u00f3:\u00a0\u00abEste es un gran hito ya que representa un proyecto altamente colaborativo y no hubiera sido posible de otra manera. Fue necesario articular esfuerzos de distintos actores con un\u00a0objetivo com\u00fan, alinear visiones y nivelar expectativas de un potente ecosistema: Universidades y Centros de Investigaci\u00f3n, Ministerio CTCI a trav\u00e9s de la Serem\u00eda, ANID, Gobiernos Regionales, Comisi\u00f3n ZZEE, Subtel y la propia REUNA. Asimismo, representa un proyecto de alto impacto, en \u00e1reas como educaci\u00f3n, investigaci\u00f3n en diversas disciplinas, y \u00e1mbitos espec\u00edficos de salud, que marcar\u00e1 un antes y un despu\u00e9s, y finalmente nos permite sumarnos a esta gran red de instituciones generadoras de conocimiento, lo que nos tiene muy contentos\/as de ser un aporte al fortalecimiento del ecosistema\u00a0nacional de investigaci\u00f3n y educaci\u00f3n, y desde ah\u00ed a nivel internacional\u00bb.<\/p>\n<p style=\"text-align: justify;\">El objetivo del proyecto es\u00a0<b>transformar la Macrozona Austral en un polo de desarrollo e investigaci\u00f3n en la era del Big Data y con sentido territorial<\/b>, entregando herramientas digitales habilitantes para conectar y fortalecer al ecosistema de\u00a0Ciencia, Tecnolog\u00eda, Conocimiento e Innovaci\u00f3n (CTCI) de la Macrozona Austral con el resto del pa\u00eds y el mundo. Globalmente, la red de REUNA busca desplegar una carretera \u00f3ptica de alcance nacional, con capacidades de 100 Gbps, y proyecci\u00f3n internacional.<b><\/b><\/p>\n<p style=\"text-align: justify;\">En este sentido,\u00a0Ver\u00f3nica Vallejos, SEREMI de Ciencia de la Macrozona Austral, concluy\u00f3:\u00a0\u00abHoy es un gran d\u00eda para nuestra Secretar\u00eda Regional. Ays\u00e9n, una de las regiones de la Macrozona Austral, ya est\u00e1 conectada a la red nacional e internacional de REUNA a trav\u00e9s del Proyecto Patagonia, una potente herramienta que apoyar\u00e1 la investigaci\u00f3n y permitir\u00e1 fortalecer y conectar a las instituciones pertenecientes al ecosistema de CTCI de la regi\u00f3n con el resto del pa\u00eds y el mundo. La transmisi\u00f3n de informaci\u00f3n y datos, as\u00ed como el desarrollo de an\u00e1lisis en l\u00ednea, son algunos de los beneficios del Proyecto Patagonia, pero la posibilidad que este brinda de facilitar la colaboraci\u00f3n entre los investigadores y las investigadoras con sus pares nacionales e internacionales, claramente permitir\u00e1 un mayor desarrollo en la generaci\u00f3n de conocimientos de este territorio, as\u00ed como incentivar la transferencia. Quiero agradecer a REUNA por el trabajo que ha realizado, la dedicaci\u00f3n y esfuerzo en hacer realidad el Proyecto. Vamos a seguir apoy\u00e1ndoles para conectar tambi\u00e9n a Magallanes a la red, y as\u00ed continuar trabajando por transformar nuestra Macrozona en un polo de desarrollo y atracci\u00f3n cient\u00edfica con pertinencia territorial\u00bb.<\/p>\n<p style=\"text-align: justify;\"><b>\u00a0<\/b><\/p>\n<p style=\"text-align: justify;\"><b>Sobre REUNA<\/b><\/p>\n<p style=\"text-align: justify;\">Red Universitaria Nacional, REUNA, es una corporaci\u00f3n sin fines de lucro integrada por universidades, centros de investigaci\u00f3n de excelencia y grupos astron\u00f3micos internacionales. Constituye la Red Nacional de Investigaci\u00f3n y Educaci\u00f3n de Chile (NREN por su sigla en ingl\u00e9s) y actualmente est\u00e1 conformada por m\u00e1s de 40 instituciones.<\/p>\n<p style=\"text-align: justify;\">La red digital de REUNA se extiende a lo largo de 14 regiones, desde Arica hasta Coyhaique, y aspira a sumar a todas las regiones del pa\u00eds. Adem\u00e1s, se encuentra interconectada a sus pares internacionales: en Am\u00e9rica Latina (RedCLARA), Am\u00e9rica del Norte (Internet2 y Canarie), Europa (G\u00c9ANT), Asia (APAN) y Ocean\u00eda (AARNET).<\/p>\n<\/div><\/section><\/div><div  style='height:50px' class='hr hr-invisible   avia-builder-el-6  el_after_av_one_full  el_before_av_social_share '><span class='hr-inner ' ><span class='hr-inner-style'><\/span><\/span><\/div><\/p>\n<div  class='av-social-sharing-box  avia-builder-el-7  el_after_av_hr  el_before_av_hr  '><div class='av-share-box'><h5 class='av-share-link-description av-no-toc '>Compartir esta noticia<\/h5><ul class='av-share-box-list noLightbox'><li class='av-share-link av-social-link-facebook' ><a target=\"_blank\" aria-label=\"Compartir en Facebook\" href='https:\/\/www.facebook.com\/sharer.php?u=https:\/\/radiorevelacionfm.cl\/?p=21732&#038;t=Nuevo%20tramo%20de%20la%20Red%20de%20Alta%20Velocidad%20fortalecer%C3%A1%20la%20investigaci%C3%B3n%20y%20la%20educaci%C3%B3n%20en%20la%20Macrozona%20Austral' aria-hidden='false' data-av_icon='\ue8f3' data-av_iconfont='entypo-fontello' title='' data-avia-related-tooltip='Compartir en Facebook' rel=\"noopener\"><span class='avia_hidden_link_text'>Compartir en Facebook<\/span><\/a><\/li><li class='av-share-link av-social-link-twitter' ><a target=\"_blank\" aria-label=\"Compartir en Twitter\" href='https:\/\/twitter.com\/share?text=Nuevo%20tramo%20de%20la%20Red%20de%20Alta%20Velocidad%20fortalecer%C3%A1%20la%20investigaci%C3%B3n%20y%20la%20educaci%C3%B3n%20en%20la%20Macrozona%20Austral&#038;url=https:\/\/radiorevelacionfm.cl\/?p=21732' aria-hidden='false' data-av_icon='\ue8f1' data-av_iconfont='entypo-fontello' title='' data-avia-related-tooltip='Compartir en Twitter' rel=\"noopener\"><span class='avia_hidden_link_text'>Compartir en Twitter<\/span><\/a><\/li><li class='av-share-link av-social-link-whatsapp' ><a target=\"_blank\" aria-label=\"Compartir en Whatsapp\" href='https:\/\/api.whatsapp.com\/send?text=https:\/\/radiorevelacionfm.cl\/?p=21732' aria-hidden='false' data-av_icon='\uf232' data-av_iconfont='entypo-fontello' title='' data-avia-related-tooltip='Compartir en Whatsapp' rel=\"noopener\"><span class='avia_hidden_link_text'>Compartir en Whatsapp<\/span><\/a><\/li><li class='av-share-link av-social-link-linkedin' ><a target=\"_blank\" aria-label=\"Compartir en LinkedIn\" href='https:\/\/linkedin.com\/shareArticle?mini=true&#038;title=Nuevo%20tramo%20de%20la%20Red%20de%20Alta%20Velocidad%20fortalecer%C3%A1%20la%20investigaci%C3%B3n%20y%20la%20educaci%C3%B3n%20en%20la%20Macrozona%20Austral&#038;url=https:\/\/radiorevelacionfm.cl\/?p=21732' aria-hidden='false' data-av_icon='\ue8fc' data-av_iconfont='entypo-fontello' title='' data-avia-related-tooltip='Compartir en LinkedIn' rel=\"noopener\"><span class='avia_hidden_link_text'>Compartir en LinkedIn<\/span><\/a><\/li><li class='av-share-link av-social-link-mail' ><a  aria-label=\"Compartir por correo\" href='mailto:?subject=Nuevo%20tramo%20de%20la%20Red%20de%20Alta%20Velocidad%20fortalecer%C3%A1%20la%20investigaci%C3%B3n%20y%20la%20educaci%C3%B3n%20en%20la%20Macrozona%20Austral&#038;body=https:\/\/radiorevelacionfm.cl\/?p=21732' aria-hidden='false' data-av_icon='\ue805' data-av_iconfont='entypo-fontello' title='' data-avia-related-tooltip='Compartir por correo'><span class='avia_hidden_link_text'>Compartir por correo<\/span><\/a><\/li><\/ul><\/div><\/div>\n<div  style='height:50px' class='hr hr-invisible   avia-builder-el-8  el_after_av_social_share  el_before_av_comments_list '><span class='hr-inner ' ><span class='hr-inner-style'><\/span><\/span><\/div>\n<div  class='av-buildercomment  av-blog-meta-html-info-disabled av-blog-meta-tag-disabled  '><\/div>\n","protected":false},"excerpt":{"rendered":"","protected":false},"author":1,"featured_media":21733,"comment_status":"open","ping_status":"open","sticky":false,"template":"","format":"standard","meta":{"footnotes":""},"categories":[53],"tags":[],"class_list":["post-21732","post","type-post","status-publish","format-standard","has-post-thumbnail","hentry","category-ciencia"],"jetpack_featured_media_url":"https:\/\/radiorevelacionfm.cl\/wp-content\/uploads\/2022\/09\/DSC05680-1-1.jpg","_links":{"self":[{"href":"https:\/\/radiorevelacionfm.cl\/index.php?rest_route=\/wp\/v2\/posts\/21732","targetHints":{"allow":["GET"]}}],"collection":[{"href":"https:\/\/radiorevelacionfm.cl\/index.php?rest_route=\/wp\/v2\/posts"}],"about":[{"href":"https:\/\/radiorevelacionfm.cl\/index.php?rest_route=\/wp\/v2\/types\/post"}],"author":[{"embeddable":true,"href":"https:\/\/radiorevelacionfm.cl\/index.php?rest_route=\/wp\/v2\/users\/1"}],"replies":[{"embeddable":true,"href":"https:\/\/radiorevelacionfm.cl\/index.php?rest_route=%2Fwp%2Fv2%2Fcomments&post=21732"}],"version-history":[{"count":2,"href":"https:\/\/radiorevelacionfm.cl\/index.php?rest_route=\/wp\/v2\/posts\/21732\/revisions"}],"predecessor-version":[{"id":21744,"href":"https:\/\/radiorevelacionfm.cl\/index.php?rest_route=\/wp\/v2\/posts\/21732\/revisions\/21744"}],"wp:featuredmedia":[{"embeddable":true,"href":"https:\/\/radiorevelacionfm.cl\/index.php?rest_route=\/wp\/v2\/media\/21733"}],"wp:attachment":[{"href":"https:\/\/radiorevelacionfm.cl\/index.php?rest_route=%2Fwp%2Fv2%2Fmedia&parent=21732"}],"wp:term":[{"taxonomy":"category","embeddable":true,"href":"https:\/\/radiorevelacionfm.cl\/index.php?rest_route=%2Fwp%2Fv2%2Fcategories&post=21732"},{"taxonomy":"post_tag","embeddable":true,"href":"https:\/\/radiorevelacionfm.cl\/index.php?rest_route=%2Fwp%2Fv2%2Ftags&post=21732"}],"curies":[{"name":"wp","href":"https:\/\/api.w.org\/{rel}","templated":true}]}}