{"id":2173,"date":"2021-01-28T14:22:46","date_gmt":"2021-01-28T17:22:46","guid":{"rendered":"https:\/\/radiorevelacionfm.cl\/?p=2173"},"modified":"2021-01-28T14:32:56","modified_gmt":"2021-01-28T17:32:56","slug":"este-fin-de-semana-se-realiza-encuentro-internacional-de-magos-infantiles-eimi-chile-virtual-2021","status":"publish","type":"post","link":"https:\/\/radiorevelacionfm.cl\/?p=2173","title":{"rendered":"Este fin de semana se realiza Encuentro Internacional de Magos Infantiles EIMI CHILE VIRTUAL 2021"},"content":{"rendered":"<div class=\"flex_column av_one_full  flex_column_div av-zero-column-padding first  avia-builder-el-0  el_before_av_one_full  avia-builder-el-first  \" style='border-radius:0px; '><div  class='avia-image-container  av-styling-    avia-builder-el-1  avia-builder-el-no-sibling  avia-align-center '  itemprop=\"image\" itemscope=\"itemscope\" itemtype=\"https:\/\/schema.org\/ImageObject\"  ><div class='avia-image-container-inner'><div class='avia-image-overlay-wrap'><img decoding=\"async\" class='wp-image-0 avia-img-lazy-loading-not-0 avia_image' src=\"https:\/\/radiorevelacionfm.cl\/wp-content\/uploads\/2021\/01\/afiche_ARTISTAS-TODOS-1.png\" alt='' title=''   itemprop=\"thumbnailUrl\"  \/><\/div><\/div><\/div><\/div>\n<div class=\"flex_column av_one_full  flex_column_div av-zero-column-padding first  avia-builder-el-2  el_after_av_one_full  el_before_av_one_full  column-top-margin\" style='border-radius:0px; '><section class=\"av_textblock_section \"  itemscope=\"itemscope\" itemtype=\"https:\/\/schema.org\/BlogPosting\" itemprop=\"blogPost\" ><div class='avia_textblock  '   itemprop=\"text\" ><p style=\"text-align: center;\"><span style=\"font-size: 18pt;\"><strong>Este fin de semana se realiza Encuentro Internacional de Magos Infantiles EIMI CHILE VIRTUAL 2021<\/strong><\/span><\/p>\n<div id=\"gtx-trans\" style=\"position: absolute; left: -50px; top: 4.31534px;\">\n<div class=\"gtx-trans-icon\"><\/div>\n<\/div>\n<\/div><\/section><\/div>\n<div class=\"flex_column av_one_full  flex_column_div av-zero-column-padding first  avia-builder-el-4  el_after_av_one_full  el_before_av_hr  column-top-margin\" style='border-radius:0px; '><section class=\"av_textblock_section \"  itemscope=\"itemscope\" itemtype=\"https:\/\/schema.org\/BlogPosting\" itemprop=\"blogPost\" ><div class='avia_textblock  '   itemprop=\"text\" ><p style=\"text-align: justify;\">Cada a\u00f1o desde 2015 los magos infantiles de Chile celebran el d\u00eda del Mago (31 enero Don Bosco El Patrono de Los Magos) con un encuentro fraternal de quienes aman, trabajan y viven de la Magia Infantil. A diferencia de los a\u00f1os anteriores donde se ha realizado en distintas ciudades a lo largo de Chile, este 2021 en el VII Encuentro Internacional de Magos Infantiles se reunir\u00e1n en un escenario Virtual debido a la contingencia Sanitaria Mundial, y ser\u00e1 este 30 y 31 de Enero, organizado por Magos Chilenos incluyendo a Mago Tatariz (Regi\u00f3n de Ays\u00e9n) como director del Evento.<\/p>\n<p style=\"text-align: justify;\">Tendr\u00e1 a importantes Artistas de Latinoam\u00e9rica incluso con Premios FISM (campeonato mundial Federaci\u00f3n Internacional de Sociedades M\u00e1gicas) quienes dar\u00e1n conferencias y compartir\u00e1n sus conocimientos con los dem\u00e1s magos.<\/p>\n<p style=\"text-align: justify;\">Adem\u00e1s los mismos congresistas tendr\u00e1n la oportunidad de mostrar y compartir sus rutinas en las llamadas Burbujas m\u00e1gicas, espacio de 15 minutos para mostrar sus ideas.<\/p>\n<p>Habr\u00e1n galas de Magia S\u00e1bado y Domingo abierto a todo el p\u00fablico y se transmitir\u00e1 tanto por Facebook como por Youtube<\/p>\n<p>Finalmente habr\u00e1 show dealer y remate de productos donde tiendas de Magia ofrecen sus productos exclusivos de magia con importantes descuentos.<\/p>\n<p>Son cupos limitados ya que ser\u00e1 por plataforma Zoom\u00a0 y solo se transmitir\u00e1n gratuita y p\u00fablicamente las 2 Galas de Magia Infantil.<\/p>\n<p>El siguiente EIMI 2022 se organizar\u00e1 en la Ciudad de Coyhaique de forma presencial al cual quedan desde ya todos invitados.<\/p>\n<p>Artistas CONFERENCISTAS Magos Infantiles<\/p>\n<p>Mago Carlos Adriano ARGENTINA<br \/>\nMago Marcos Ortega ESPA\u00d1A<br \/>\nMago Guillermo Aviles ESPA\u00d1A<br \/>\nMago Semba ARGENTINA 2DO LUGAR PREMIO FISM A ORIGINALIDAD<br \/>\nMago Dither Patser COLOMBIA<br \/>\nMago Mai VENEZUELA<br \/>\nBerny El Mago de la Selva MEXICO<\/p>\n<div>\n<p>El link de inscripci\u00f3n es\u00a0<a href=\"http:\/\/bit.ly\/EIMI2021_Chile\" target=\"_blank\" rel=\"noopener\" data-saferedirecturl=\"https:\/\/www.google.com\/url?q=http:\/\/bit.ly\/EIMI2021_Chile&amp;source=gmail&amp;ust=1611934401517000&amp;usg=AFQjCNEbBqEDUAROnTotWcrEuzlec-CETw\">http:\/\/bit.ly\/EIMI2021_<wbr \/>Chile<\/a> y el valor de inscripci\u00f3n para los magos es de 19 USD<\/p>\n<p>Redes Sociales<\/p>\n<p>INSTAGRAM @eimichile\u00a0<a href=\"https:\/\/www.instagram.com\/eimichile\/\" target=\"_blank\" rel=\"noopener\" data-saferedirecturl=\"https:\/\/www.google.com\/url?q=https:\/\/www.instagram.com\/eimichile\/&amp;source=gmail&amp;ust=1611934401517000&amp;usg=AFQjCNF0PaPyuKKpBEr5-bgpQ_uKZ3Dq6Q\">https:\/\/www.instagram.com\/<wbr \/>eimichile\/<\/a><\/p>\n<p>FACEBOOK @eimichile\u00a0<a href=\"https:\/\/www.facebook.com\/EIMICHILE\" target=\"_blank\" rel=\"noopener\" data-saferedirecturl=\"https:\/\/www.google.com\/url?q=https:\/\/www.facebook.com\/EIMICHILE&amp;source=gmail&amp;ust=1611934401517000&amp;usg=AFQjCNGMRzc4B1Uy_YvvhkykUAiwxiWDRA\">https:\/\/www.facebook.com\/<wbr \/>EIMICHILE<\/a><\/p>\n<p>Youtube EIMI ENCUENTRO\u00a0<a href=\"https:\/\/www.youtube.com\/channel\/UCFYov2aKr4FIxrpvAeJxXmw\" target=\"_blank\" rel=\"noopener\" data-saferedirecturl=\"https:\/\/www.google.com\/url?q=https:\/\/www.youtube.com\/channel\/UCFYov2aKr4FIxrpvAeJxXmw&amp;source=gmail&amp;ust=1611934401517000&amp;usg=AFQjCNGpglngFmSL9uTqL0XoAquut527HQ\">https:\/\/www.youtube.<wbr \/>com\/channel\/<wbr \/>UCFYov2aKr4FIxrpvAeJxXmw<\/a><\/p>\n<div>\n<div style=\"text-align: justify;\">**es de paga para magos<\/div>\n<div style=\"text-align: justify;\">***gratuito y abierto al p\u00fablico las galas de magos internacionales<\/div>\n<\/div>\n<\/div>\n<\/div><\/section><\/div><div  style='height:50px' class='hr hr-invisible   avia-builder-el-6  el_after_av_one_full  el_before_av_social_share '><span class='hr-inner ' ><span class='hr-inner-style'><\/span><\/span><\/div><\/p>\n<div  class='av-social-sharing-box  avia-builder-el-7  el_after_av_hr  el_before_av_hr  '><div class='av-share-box'><h5 class='av-share-link-description av-no-toc '>Compartir esta noticia<\/h5><ul class='av-share-box-list noLightbox'><li class='av-share-link av-social-link-facebook' ><a target=\"_blank\" aria-label=\"Compartir en Facebook\" href='https:\/\/www.facebook.com\/sharer.php?u=https:\/\/radiorevelacionfm.cl\/?p=2173&#038;t=Este%20fin%20de%20semana%20se%20realiza%20Encuentro%20Internacional%20de%20Magos%20Infantiles%20EIMI%20CHILE%20VIRTUAL%202021' aria-hidden='false' data-av_icon='\ue8f3' data-av_iconfont='entypo-fontello' title='' data-avia-related-tooltip='Compartir en Facebook' rel=\"noopener\"><span class='avia_hidden_link_text'>Compartir en Facebook<\/span><\/a><\/li><li class='av-share-link av-social-link-twitter' ><a target=\"_blank\" aria-label=\"Compartir en Twitter\" href='https:\/\/twitter.com\/share?text=Este%20fin%20de%20semana%20se%20realiza%20Encuentro%20Internacional%20de%20Magos%20Infantiles%20EIMI%20CHILE%20VIRTUAL%202021&#038;url=https:\/\/radiorevelacionfm.cl\/?p=2173' aria-hidden='false' data-av_icon='\ue8f1' data-av_iconfont='entypo-fontello' title='' data-avia-related-tooltip='Compartir en Twitter' rel=\"noopener\"><span class='avia_hidden_link_text'>Compartir en Twitter<\/span><\/a><\/li><li class='av-share-link av-social-link-whatsapp' ><a target=\"_blank\" aria-label=\"Compartir en Whatsapp\" href='https:\/\/api.whatsapp.com\/send?text=https:\/\/radiorevelacionfm.cl\/?p=2173' aria-hidden='false' data-av_icon='\uf232' data-av_iconfont='entypo-fontello' title='' data-avia-related-tooltip='Compartir en Whatsapp' rel=\"noopener\"><span class='avia_hidden_link_text'>Compartir en Whatsapp<\/span><\/a><\/li><li class='av-share-link av-social-link-linkedin' ><a target=\"_blank\" aria-label=\"Compartir en LinkedIn\" href='https:\/\/linkedin.com\/shareArticle?mini=true&#038;title=Este%20fin%20de%20semana%20se%20realiza%20Encuentro%20Internacional%20de%20Magos%20Infantiles%20EIMI%20CHILE%20VIRTUAL%202021&#038;url=https:\/\/radiorevelacionfm.cl\/?p=2173' aria-hidden='false' data-av_icon='\ue8fc' data-av_iconfont='entypo-fontello' title='' data-avia-related-tooltip='Compartir en LinkedIn' rel=\"noopener\"><span class='avia_hidden_link_text'>Compartir en LinkedIn<\/span><\/a><\/li><li class='av-share-link av-social-link-mail' ><a  aria-label=\"Compartir por correo\" href='mailto:?subject=Este%20fin%20de%20semana%20se%20realiza%20Encuentro%20Internacional%20de%20Magos%20Infantiles%20EIMI%20CHILE%20VIRTUAL%202021&#038;body=https:\/\/radiorevelacionfm.cl\/?p=2173' aria-hidden='false' data-av_icon='\ue805' data-av_iconfont='entypo-fontello' title='' data-avia-related-tooltip='Compartir por correo'><span class='avia_hidden_link_text'>Compartir por correo<\/span><\/a><\/li><\/ul><\/div><\/div>\n<div  style='height:50px' class='hr hr-invisible   avia-builder-el-8  el_after_av_social_share  el_before_av_comments_list '><span class='hr-inner ' ><span class='hr-inner-style'><\/span><\/span><\/div>\n<div  class='av-buildercomment  av-blog-meta-html-info-disabled av-blog-meta-tag-disabled  '><\/div>\n","protected":false},"excerpt":{"rendered":"","protected":false},"author":1,"featured_media":0,"comment_status":"open","ping_status":"open","sticky":false,"template":"","format":"standard","meta":{"footnotes":""},"categories":[52],"tags":[],"class_list":["post-2173","post","type-post","status-publish","format-standard","hentry","category-cultura"],"jetpack_featured_media_url":"","_links":{"self":[{"href":"https:\/\/radiorevelacionfm.cl\/index.php?rest_route=\/wp\/v2\/posts\/2173","targetHints":{"allow":["GET"]}}],"collection":[{"href":"https:\/\/radiorevelacionfm.cl\/index.php?rest_route=\/wp\/v2\/posts"}],"about":[{"href":"https:\/\/radiorevelacionfm.cl\/index.php?rest_route=\/wp\/v2\/types\/post"}],"author":[{"embeddable":true,"href":"https:\/\/radiorevelacionfm.cl\/index.php?rest_route=\/wp\/v2\/users\/1"}],"replies":[{"embeddable":true,"href":"https:\/\/radiorevelacionfm.cl\/index.php?rest_route=%2Fwp%2Fv2%2Fcomments&post=2173"}],"version-history":[{"count":2,"href":"https:\/\/radiorevelacionfm.cl\/index.php?rest_route=\/wp\/v2\/posts\/2173\/revisions"}],"predecessor-version":[{"id":2176,"href":"https:\/\/radiorevelacionfm.cl\/index.php?rest_route=\/wp\/v2\/posts\/2173\/revisions\/2176"}],"wp:attachment":[{"href":"https:\/\/radiorevelacionfm.cl\/index.php?rest_route=%2Fwp%2Fv2%2Fmedia&parent=2173"}],"wp:term":[{"taxonomy":"category","embeddable":true,"href":"https:\/\/radiorevelacionfm.cl\/index.php?rest_route=%2Fwp%2Fv2%2Fcategories&post=2173"},{"taxonomy":"post_tag","embeddable":true,"href":"https:\/\/radiorevelacionfm.cl\/index.php?rest_route=%2Fwp%2Fv2%2Ftags&post=2173"}],"curies":[{"name":"wp","href":"https:\/\/api.w.org\/{rel}","templated":true}]}}