{"id":21729,"date":"2022-09-12T20:21:33","date_gmt":"2022-09-12T23:21:33","guid":{"rendered":"https:\/\/radiorevelacionfm.cl\/?p=21729"},"modified":"2022-09-12T20:21:33","modified_gmt":"2022-09-12T23:21:33","slug":"mop-compromete-plan-de-conectividad-para-la-region-de-aysen","status":"publish","type":"post","link":"https:\/\/radiorevelacionfm.cl\/?p=21729","title":{"rendered":"MOP compromete plan de conectividad para la regi\u00f3n de Ays\u00e9n"},"content":{"rendered":"<div class=\"flex_column av_one_full  flex_column_div av-zero-column-padding first  avia-builder-el-0  el_before_av_one_full  avia-builder-el-first  \" style='border-radius:0px; '><div  class='avia-image-container  av-styling-    avia-builder-el-1  avia-builder-el-no-sibling  avia-align-center '  itemprop=\"image\" itemscope=\"itemscope\" itemtype=\"https:\/\/schema.org\/ImageObject\"  ><div class='avia-image-container-inner'><div class='avia-image-overlay-wrap'><img decoding=\"async\" class='wp-image-21730 avia-img-lazy-loading-not-21730 avia_image' src=\"https:\/\/radiorevelacionfm.cl\/wp-content\/uploads\/2022\/09\/REUNION-CON-MINISTRO-DE-OBRAS-PUBLICAS-1-1.jpg\" alt='' title='REUNI\u00d3N CON MINISTRO DE OBRAS P\u00daBLICAS (1) (1)' height=\"600\" width=\"900\"  itemprop=\"thumbnailUrl\" srcset=\"https:\/\/radiorevelacionfm.cl\/wp-content\/uploads\/2022\/09\/REUNION-CON-MINISTRO-DE-OBRAS-PUBLICAS-1-1.jpg 900w, https:\/\/radiorevelacionfm.cl\/wp-content\/uploads\/2022\/09\/REUNION-CON-MINISTRO-DE-OBRAS-PUBLICAS-1-1-300x200.jpg 300w, https:\/\/radiorevelacionfm.cl\/wp-content\/uploads\/2022\/09\/REUNION-CON-MINISTRO-DE-OBRAS-PUBLICAS-1-1-768x512.jpg 768w, https:\/\/radiorevelacionfm.cl\/wp-content\/uploads\/2022\/09\/REUNION-CON-MINISTRO-DE-OBRAS-PUBLICAS-1-1-705x470.jpg 705w, https:\/\/radiorevelacionfm.cl\/wp-content\/uploads\/2022\/09\/REUNION-CON-MINISTRO-DE-OBRAS-PUBLICAS-1-1-600x400.jpg 600w\" sizes=\"(max-width: 900px) 100vw, 900px\" \/><\/div><\/div><\/div><\/div><div class=\"flex_column av_one_full  flex_column_div av-zero-column-padding first  avia-builder-el-2  el_after_av_one_full  el_before_av_one_full  column-top-margin\" style='border-radius:0px; '><section class=\"av_textblock_section \"  itemscope=\"itemscope\" itemtype=\"https:\/\/schema.org\/BlogPosting\" itemprop=\"blogPost\" ><div class='avia_textblock  '   itemprop=\"text\" ><p style=\"text-align: center;\"><strong><span style=\"font-size: 18pt;\">MOP compromete plan de conectividad para la regi\u00f3n de Ays\u00e9n<\/span><\/strong><\/p>\n<div id=\"gtx-trans\" style=\"position: absolute; left: -50px; top: 4.31534px;\">\n<div class=\"gtx-trans-icon\"><\/div>\n<\/div>\n<\/div><\/section><\/div><div class=\"flex_column av_one_full  flex_column_div av-zero-column-padding first  avia-builder-el-4  el_after_av_one_full  el_before_av_hr  column-top-margin\" style='border-radius:0px; '><section class=\"av_textblock_section \"  itemscope=\"itemscope\" itemtype=\"https:\/\/schema.org\/BlogPosting\" itemprop=\"blogPost\" ><div class='avia_textblock  '   itemprop=\"text\" ><p style=\"text-align: justify;\">En un plazo de aproximadamente sesenta d\u00edas, se levantar\u00e1 un plan de conectividad para la zona austral, para as\u00ed beneficiar a las comunidades de la regi\u00f3n de Ays\u00e9n. Ese fue el anuncio realizado por el ministro de Obras P\u00fablicas, Juan Carlos Garc\u00eda, quien se reuni\u00f3 este lunes con parlamentarios y autoridades regionales, quienes recibieron con benepl\u00e1cito la medida.<\/p>\n<p style=\"text-align: justify;\">Sobre el punto, el secretario de Estado, dijo valorar la reuni\u00f3n sostenida con las autoridades regionales, recalcando que \u201cson ellas las que conocen el territorio\u201d, precisando que lo comprometido hoy es un trabajo conjunto \u201cde manera que en los pr\u00f3ximos meses podamos firmar un convenio de programaci\u00f3n que nos permita dise\u00f1ar e invertir recursos del MOP, idealmente del Gobierno Regional, para la conectividad austral\u201d.<\/p>\n<p style=\"text-align: justify;\">Por su parte, el senador David Sandoval, quien impuls\u00f3 el encuentro con el jefe del MOP a nivel nacional, insisti\u00f3 que para la regi\u00f3n la conectividad, en sus distintos \u00e1mbitos, es absolutamente esencial, valorando el compromiso de todos quienes participaron de la reuni\u00f3n. \u201cEl d\u00eda que rompamos las barreras del aislamiento, se van a desplegar todas las capacidades econ\u00f3micas, productivas, de calidad de vida de nuestra regi\u00f3n. Lo m\u00e1s importante es la recepci\u00f3n del propio ministro, al anunciar que en los pr\u00f3ximos sesenta d\u00edas vamos a tener un gran acuerdo, un acuerdo por la conectividad austral\u201d, indic\u00f3.<\/p>\n<p style=\"text-align: justify;\">En tanto, la senadora Ximena \u00d3rdenes relev\u00f3 la importancia del encuentro, destacando que se necesita una ruta concreta respecto de c\u00f3mo se proyecta y consolida la carretera austral, c\u00f3mo se enfrentar\u00e1n los desaf\u00edos de conectividad lacustre y mar\u00edtima, entre otros. \u201cTengo la confianza que el desarrollo de Ays\u00e9n se va a sostener en un buen plan de conectividad, para lo cual Transportes, el MOP y todas las entidades regionales tienen que tener el compromiso cierto de querer avanzar. Creo que es el gran resultado de la reuni\u00f3n de hoy\u201d, subray\u00f3.<\/p>\n<p style=\"text-align: justify;\">A su vez, la diputada Marcia Raphael, enfatiz\u00f3 que \u201choy ha sido un gran d\u00eda para nosotros, esta es la unidad que queremos para la regi\u00f3n de Ays\u00e9n\u201d, relevando el compromiso de Obras P\u00fablicas. \u201cTener un acuerdo en conectividad que se vea plasmado en un convenio de programaci\u00f3n, sin duda es una muy buena respuesta del ministro de obras P\u00fablicas y esta es la gran demostraci\u00f3n de unidad de la regi\u00f3n de Ays\u00e9n\u201d, insisti\u00f3.<\/p>\n<p style=\"text-align: justify;\">En la misma l\u00ednea, el diputado Miguel \u00c1ngel Calisto, recalc\u00f3 que Ays\u00e9n necesita una planificaci\u00f3n en esta materia, por lo cual destac\u00f3 la importancia del anuncio, tomando en cuenta los distintas dificultades que han existido en la zona. \u201cProblemas en el Lago General Carrera, en el fiordo Mitchell, lo que est\u00e1 pasando en el litoral, y tambi\u00e9n en caminos. Hoy d\u00eda la regi\u00f3n debe garantizar un plan y agradecer particularmente a los consejeros regionales porque est\u00e1n manifestando de manera concreta un apoyo con recursos. Y agradecemos tambi\u00e9n que la Gobernadora Regional haya entendido esta importante preocupaci\u00f3n\u201d, subray\u00f3.<\/p>\n<p style=\"text-align: justify;\"><strong>Alcaldes y Cores<\/strong><\/p>\n<p style=\"text-align: justify;\">A su turno, el alcalde de R\u00edo Ib\u00e1\u00f1ez, Marcelo Santana, considera que la crisis de conectividad de la regi\u00f3n requiere de soluciones que puedan ser planificadas, por lo cual destac\u00f3 el anuncio realizado por el MOP. \u201cPlasmar en ese documento las soluciones de corto, mediano y largo plazo que nos permitan abordar de manera integral la problem\u00e1tica de conectividad que sufre nuestra regi\u00f3n\u201d, puntualiz\u00f3.<\/p>\n<p style=\"text-align: justify;\">En la misma l\u00ednea se manifest\u00f3 el alcalde de Cisnes, Francisco Roncagliolo, quien espec\u00edficamente se refiri\u00f3 a los desaf\u00edos que tiene en esta materia la zona norte de la regi\u00f3n. \u201cEs fundamental la ruta bimodal, mejorar los puentes de acceso, terminar la pavimentaci\u00f3n que queda pendiente. Y sobre todo, la sinergia que tiene que hacer el ministerio de Transportes con el de Obras P\u00fablicas, generando una mesa de trabajo conjunta que vaya validando lo que hemos planteado\u201d, precis\u00f3.<\/p>\n<p style=\"text-align: justify;\">En tanto, la consejera por la Provincia General Carrera, Lilian Inostroza, reiter\u00f3 el \u201cgrave problema de conectividad en la regi\u00f3n de Ays\u00e9n\u201d, considerando las dificultades en distintos sectores, por lo cual es muy relevante \u201cvelar por la integridad de la gente de nuestra regi\u00f3n y tambi\u00e9n por darle mejor calidad de vida a todas las personas que nos transportamos en ese territorio tan aislado\u201d, raz\u00f3n por la cual destac\u00f3 el anuncio realizado por el Ministro Garc\u00eda.<\/p>\n<p style=\"text-align: justify;\">Por su parte, el consejero por la Provincia Capit\u00e1n Prat, Jorge Abello, agradeci\u00f3 la gesti\u00f3n de los parlamentarios, especialmente la del senador Sandoval. \u201cNos vamos contentos porque se nos va a presentar un nuevo plan y estrategia para abordar las materias de conectividad de la regi\u00f3n\u201d, indic\u00f3.<\/p>\n<p style=\"text-align: justify;\">Cabe se\u00f1alar que en la regi\u00f3n tambi\u00e9n participaron el alcalde de Villa O\u00b4Higgins, Jos\u00e9 Fica, junto a concejales de esa comuna, adem\u00e1s de los consejeros por la Provincia de Ays\u00e9n, Paola Rodr\u00edguez; de Capit\u00e1n Prat, V\u00edctor Escobar y de General Carrera, Paulina Hern\u00e1ndez.<\/p>\n<\/div><\/section><\/div><div  style='height:50px' class='hr hr-invisible   avia-builder-el-6  el_after_av_one_full  el_before_av_social_share '><span class='hr-inner ' ><span class='hr-inner-style'><\/span><\/span><\/div><\/p>\n<div  class='av-social-sharing-box  avia-builder-el-7  el_after_av_hr  el_before_av_hr  '><div class='av-share-box'><h5 class='av-share-link-description av-no-toc '>Compartir esta noticia<\/h5><ul class='av-share-box-list noLightbox'><li class='av-share-link av-social-link-facebook' ><a target=\"_blank\" aria-label=\"Compartir en Facebook\" href='https:\/\/www.facebook.com\/sharer.php?u=https:\/\/radiorevelacionfm.cl\/?p=21729&#038;t=MOP%20compromete%20plan%20de%20conectividad%20para%20la%20regi%C3%B3n%20de%20Ays%C3%A9n' aria-hidden='false' data-av_icon='\ue8f3' data-av_iconfont='entypo-fontello' title='' data-avia-related-tooltip='Compartir en Facebook' rel=\"noopener\"><span class='avia_hidden_link_text'>Compartir en Facebook<\/span><\/a><\/li><li class='av-share-link av-social-link-twitter' ><a target=\"_blank\" aria-label=\"Compartir en Twitter\" href='https:\/\/twitter.com\/share?text=MOP%20compromete%20plan%20de%20conectividad%20para%20la%20regi%C3%B3n%20de%20Ays%C3%A9n&#038;url=https:\/\/radiorevelacionfm.cl\/?p=21729' aria-hidden='false' data-av_icon='\ue8f1' data-av_iconfont='entypo-fontello' title='' data-avia-related-tooltip='Compartir en Twitter' rel=\"noopener\"><span class='avia_hidden_link_text'>Compartir en Twitter<\/span><\/a><\/li><li class='av-share-link av-social-link-whatsapp' ><a target=\"_blank\" aria-label=\"Compartir en Whatsapp\" href='https:\/\/api.whatsapp.com\/send?text=https:\/\/radiorevelacionfm.cl\/?p=21729' aria-hidden='false' data-av_icon='\uf232' data-av_iconfont='entypo-fontello' title='' data-avia-related-tooltip='Compartir en Whatsapp' rel=\"noopener\"><span class='avia_hidden_link_text'>Compartir en Whatsapp<\/span><\/a><\/li><li class='av-share-link av-social-link-linkedin' ><a target=\"_blank\" aria-label=\"Compartir en LinkedIn\" href='https:\/\/linkedin.com\/shareArticle?mini=true&#038;title=MOP%20compromete%20plan%20de%20conectividad%20para%20la%20regi%C3%B3n%20de%20Ays%C3%A9n&#038;url=https:\/\/radiorevelacionfm.cl\/?p=21729' aria-hidden='false' data-av_icon='\ue8fc' data-av_iconfont='entypo-fontello' title='' data-avia-related-tooltip='Compartir en LinkedIn' rel=\"noopener\"><span class='avia_hidden_link_text'>Compartir en LinkedIn<\/span><\/a><\/li><li class='av-share-link av-social-link-mail' ><a  aria-label=\"Compartir por correo\" href='mailto:?subject=MOP%20compromete%20plan%20de%20conectividad%20para%20la%20regi%C3%B3n%20de%20Ays%C3%A9n&#038;body=https:\/\/radiorevelacionfm.cl\/?p=21729' aria-hidden='false' data-av_icon='\ue805' data-av_iconfont='entypo-fontello' title='' data-avia-related-tooltip='Compartir por correo'><span class='avia_hidden_link_text'>Compartir por correo<\/span><\/a><\/li><\/ul><\/div><\/div>\n<div  style='height:50px' class='hr hr-invisible   avia-builder-el-8  el_after_av_social_share  el_before_av_comments_list '><span class='hr-inner ' ><span class='hr-inner-style'><\/span><\/span><\/div>\n<div  class='av-buildercomment  av-blog-meta-html-info-disabled av-blog-meta-tag-disabled  '><\/div>\n","protected":false},"excerpt":{"rendered":"","protected":false},"author":1,"featured_media":21730,"comment_status":"open","ping_status":"open","sticky":false,"template":"","format":"standard","meta":{"footnotes":""},"categories":[38],"tags":[],"class_list":["post-21729","post","type-post","status-publish","format-standard","has-post-thumbnail","hentry","category-regional"],"jetpack_featured_media_url":"https:\/\/radiorevelacionfm.cl\/wp-content\/uploads\/2022\/09\/REUNION-CON-MINISTRO-DE-OBRAS-PUBLICAS-1-1.jpg","_links":{"self":[{"href":"https:\/\/radiorevelacionfm.cl\/index.php?rest_route=\/wp\/v2\/posts\/21729","targetHints":{"allow":["GET"]}}],"collection":[{"href":"https:\/\/radiorevelacionfm.cl\/index.php?rest_route=\/wp\/v2\/posts"}],"about":[{"href":"https:\/\/radiorevelacionfm.cl\/index.php?rest_route=\/wp\/v2\/types\/post"}],"author":[{"embeddable":true,"href":"https:\/\/radiorevelacionfm.cl\/index.php?rest_route=\/wp\/v2\/users\/1"}],"replies":[{"embeddable":true,"href":"https:\/\/radiorevelacionfm.cl\/index.php?rest_route=%2Fwp%2Fv2%2Fcomments&post=21729"}],"version-history":[{"count":3,"href":"https:\/\/radiorevelacionfm.cl\/index.php?rest_route=\/wp\/v2\/posts\/21729\/revisions"}],"predecessor-version":[{"id":21737,"href":"https:\/\/radiorevelacionfm.cl\/index.php?rest_route=\/wp\/v2\/posts\/21729\/revisions\/21737"}],"wp:featuredmedia":[{"embeddable":true,"href":"https:\/\/radiorevelacionfm.cl\/index.php?rest_route=\/wp\/v2\/media\/21730"}],"wp:attachment":[{"href":"https:\/\/radiorevelacionfm.cl\/index.php?rest_route=%2Fwp%2Fv2%2Fmedia&parent=21729"}],"wp:term":[{"taxonomy":"category","embeddable":true,"href":"https:\/\/radiorevelacionfm.cl\/index.php?rest_route=%2Fwp%2Fv2%2Fcategories&post=21729"},{"taxonomy":"post_tag","embeddable":true,"href":"https:\/\/radiorevelacionfm.cl\/index.php?rest_route=%2Fwp%2Fv2%2Ftags&post=21729"}],"curies":[{"name":"wp","href":"https:\/\/api.w.org\/{rel}","templated":true}]}}