{"id":21725,"date":"2022-09-13T09:48:55","date_gmt":"2022-09-13T12:48:55","guid":{"rendered":"https:\/\/radiorevelacionfm.cl\/?p=21725"},"modified":"2022-09-13T09:48:55","modified_gmt":"2022-09-13T12:48:55","slug":"region-de-aysen-alcanzo-el-963-de-postulaciones-al-sistema-de-admision-escolar-2023","status":"publish","type":"post","link":"https:\/\/radiorevelacionfm.cl\/?p=21725","title":{"rendered":"Regi\u00f3n de Ays\u00e9n alcanz\u00f3 el 96,3% de postulaciones al Sistema de Admisi\u00f3n Escolar 2023"},"content":{"rendered":"<div class=\"flex_column av_one_full  flex_column_div av-zero-column-padding first  avia-builder-el-0  el_before_av_one_full  avia-builder-el-first  \" style='border-radius:0px; '><div  class='avia-image-container  av-styling-    avia-builder-el-1  avia-builder-el-no-sibling  avia-align-center '  itemprop=\"image\" itemscope=\"itemscope\" itemtype=\"https:\/\/schema.org\/ImageObject\"  ><div class='avia-image-container-inner'><div class='avia-image-overlay-wrap'><img decoding=\"async\" class='wp-image-21726 avia-img-lazy-loading-not-21726 avia_image' src=\"https:\/\/radiorevelacionfm.cl\/wp-content\/uploads\/2022\/09\/Seremi-Isabel-Garrido_SAE-1-1.jpg\" alt='' title='Seremi Isabel Garrido_SAE (1) (1)' height=\"600\" width=\"871\"  itemprop=\"thumbnailUrl\" srcset=\"https:\/\/radiorevelacionfm.cl\/wp-content\/uploads\/2022\/09\/Seremi-Isabel-Garrido_SAE-1-1.jpg 871w, https:\/\/radiorevelacionfm.cl\/wp-content\/uploads\/2022\/09\/Seremi-Isabel-Garrido_SAE-1-1-300x207.jpg 300w, https:\/\/radiorevelacionfm.cl\/wp-content\/uploads\/2022\/09\/Seremi-Isabel-Garrido_SAE-1-1-768x529.jpg 768w, https:\/\/radiorevelacionfm.cl\/wp-content\/uploads\/2022\/09\/Seremi-Isabel-Garrido_SAE-1-1-705x486.jpg 705w, https:\/\/radiorevelacionfm.cl\/wp-content\/uploads\/2022\/09\/Seremi-Isabel-Garrido_SAE-1-1-600x413.jpg 600w\" sizes=\"(max-width: 871px) 100vw, 871px\" \/><\/div><\/div><\/div><\/div><div class=\"flex_column av_one_full  flex_column_div av-zero-column-padding first  avia-builder-el-2  el_after_av_one_full  el_before_av_one_full  column-top-margin\" style='border-radius:0px; '><section class=\"av_textblock_section \"  itemscope=\"itemscope\" itemtype=\"https:\/\/schema.org\/BlogPosting\" itemprop=\"blogPost\" ><div class='avia_textblock  '   itemprop=\"text\" ><p style=\"text-align: center;\"><span style=\"font-size: 18pt;\"><b>Regi\u00f3n de Ays\u00e9n alcanz\u00f3 el 96,3% de postulaciones al Sistema de Admisi\u00f3n Escolar 2023<\/b><\/span><\/p>\n<div id=\"gtx-trans\" style=\"position: absolute; left: -50px; top: 4.31534px;\">\n<div class=\"gtx-trans-icon\"><\/div>\n<\/div>\n<\/div><\/section><\/div><div class=\"flex_column av_one_full  flex_column_div av-zero-column-padding first  avia-builder-el-4  el_after_av_one_full  el_before_av_hr  column-top-margin\" style='border-radius:0px; '><section class=\"av_textblock_section \"  itemscope=\"itemscope\" itemtype=\"https:\/\/schema.org\/BlogPosting\" itemprop=\"blogPost\" ><div class='avia_textblock  '   itemprop=\"text\" ><p class=\"v1MsoNormal\" style=\"text-align: justify;\">El mi\u00e9rcoles 7 de Septiembre termin\u00f3 el periodo principal de postulaci\u00f3n al Sistema de Admisi\u00f3n Escolar SAE 2023 y la Seremi de Educaci\u00f3n de Ays\u00e9n Isabel Garrido Casassa inform\u00f3 que de un total de 1.094 estudiantes que deb\u00edan ser postulados, 1.054 hicieron efectiva la postulaci\u00f3n en la plataforma <span lang=\"ES\"><a href=\"http:\/\/www.sistemadeadmisionescolar.cl\/\" target=\"_blank\" rel=\"noopener noreferrer\"><span lang=\"ES-CL\">www.sistemadeadmisionescolar.cl<\/span><\/a><\/span>\u00a0 alcanz\u00e1ndose un porcentaje de 96.3 por ciento del total esperado.<\/p>\n<p class=\"v1MsoNormal\" style=\"text-align: justify;\">Al respecto, Isabel Garrido Casassa valor\u00f3 el alto porcentaje de postulaci\u00f3n alcanzado en la regi\u00f3n y felicit\u00f3 el trabajo de la Unidad de Inclusi\u00f3n y Admisi\u00f3n Escolar regional, alojado en el Departamento de Planificaci\u00f3n de la SECREDUC, que con el trabajo de facilitadores de postulaci\u00f3n mantuvieron puntos de atenci\u00f3n presencial y personal durante todo el periodo de postulaci\u00f3n orientando a los apoderados que concurrieron a ellos. Adem\u00e1s, para lograr un despliegue territorial se cont\u00f3 con el apoyo de las oficinas de ChileAtiende, la red de Bibliotecas regionales y las Delegaciones Provinciales de Ays\u00e9n, Chile Chico y Cochrane. Adem\u00e1s, se agradeci\u00f3 el compromiso de los colegios con sus encargados de admisi\u00f3n escolar y el equipo de Coordinadores del Departamento de Educaci\u00f3n, supervisoras y supervisores del Departamento Provincial de Educaci\u00f3n Coyhaique y al equipo de la Oficina Ayuda Mineduc regional.<\/p>\n<p class=\"v1MsoNormal\" style=\"text-align: justify;\">\u201cTodos y todas hemos contribuido a resguardar el derecho a la educaci\u00f3n de los ni\u00f1os y ni\u00f1as de nuestra regi\u00f3n,\u00a0<span lang=\"ES\">logrando dar una\u00a0<u>atenci\u00f3n digna a cada familia que necesit\u00f3 ayuda<\/u>, no existiendo mayores situaciones de congesti\u00f3n de cada punto de apoyo a la postulaci\u00f3n\u201d, expres\u00f3.<\/span><\/p>\n<p class=\"v1MsoNormal\" style=\"text-align: justify;\"><span lang=\"ES\">La Seremi destac\u00f3 que \u201ceste sistema elimina las barreras de acceso. Hoy efectivamente son las familias las que pueden escoger los establecimientos educacionales y no al rev\u00e9s, lo que es muy importante para nosotros, pues como gobierno estamos muy comprometidos no solo con la eliminaci\u00f3n de estas barreras de acceso, sino tambi\u00e9n con una verdadera educaci\u00f3n integral e inclusiva\u201d.<\/span><\/p>\n<p class=\"v1MsoNormal\" style=\"text-align: justify;\"><span lang=\"ES\">\u00a0<\/span><\/p>\n<p class=\"v1MsoNormal\" style=\"text-align: justify;\"><b><span lang=\"ES\">Pr\u00f3ximas fechas<\/span><\/b><\/p>\n<p class=\"v1MsoNormal\" style=\"text-align: justify;\"><b><span lang=\"ES\">15 de septiembre al 4 de octubre:\u00a0<\/span><\/b><span lang=\"ES\">realizaci\u00f3n de procedimientos especiales de admisi\u00f3n para establecimientos alta exigencia.<\/span><\/p>\n<p class=\"v1MsoNormal\" style=\"text-align: justify;\"><b><span lang=\"ES\">24 al 28 de octubre:\u00a0<\/span><\/b><span lang=\"ES\">publicaci\u00f3n de los resultados de postulaci\u00f3n.<b><\/b><\/span><\/p>\n<p class=\"v1MsoNormal\" style=\"text-align: justify;\"><b><span lang=\"ES\">9 al 10 de noviembre:\u00a0<\/span><\/b><span lang=\"ES\">publicaci\u00f3n de resultados de listas de espera.<\/span><\/p>\n<p class=\"v1MsoNormal\" style=\"text-align: justify;\"><b><span lang=\"ES\">22 al 29 de noviembre:\u00a0<\/span><\/b><span lang=\"ES\">Periodo Complementario de postulaci\u00f3n. Es para aquellos apoderados que hayan rechazado su asignaci\u00f3n o que no postularon en el periodo principal.<\/span><\/p>\n<p class=\"v1MsoNormal\" style=\"text-align: justify;\"><b><span lang=\"ES\">13 de diciembre:\u00a0<\/span><\/b><span lang=\"ES\">publicaci\u00f3n resultados Periodo Complementario de postulaci\u00f3n.<\/span><\/p>\n<p class=\"v1MsoNormal\" style=\"text-align: justify;\"><b><span lang=\"ES\">14 al 27 de diciembre:\u00a0<\/span><\/b><span lang=\"ES\">periodo de matr\u00edcula en los establecimientos. Es para estudiantes nuevos y estudiantes que continuar\u00e1n en su mismo establecimiento.<b><\/b><\/span><\/p>\n<p class=\"v1MsoNormal\" style=\"text-align: justify;\"><b><span lang=\"ES\">28 al 30 de diciembre:\u00a0<\/span><\/b><span lang=\"ES\">periodo de regularizaci\u00f3n exclusiva para repitentes. Tiene por finalidad permitir la regularizaci\u00f3n de aquellos estudiantes admitidos por sistema que repitieron de nivel, por tanto, buscan una vacante en el nivel previo al que postularon.<\/span><\/p>\n<p class=\"v1MsoNormal\" style=\"text-align: justify;\"><b><span lang=\"ES\">Desde el 2 de enero de 2023 y\u00a0<u>hasta antes del inicio del periodo de matr\u00edculas del proceso de admisi\u00f3n del a\u00f1o 2024<\/u>:<\/span><\/b><span lang=\"ES\">\u00a0Inicio del periodo de regularizaci\u00f3n a\u00f1o lectivo 2023. Esto se realiza directamente en los establecimientos para aquellos estudiantes que no postularon en ninguno de los dos procesos o quieren buscar otro colegio.<\/span><\/p>\n<\/div><\/section><\/div><div  style='height:50px' class='hr hr-invisible   avia-builder-el-6  el_after_av_one_full  el_before_av_social_share '><span class='hr-inner ' ><span class='hr-inner-style'><\/span><\/span><\/div><\/p>\n<div  class='av-social-sharing-box  avia-builder-el-7  el_after_av_hr  el_before_av_hr  '><div class='av-share-box'><h5 class='av-share-link-description av-no-toc '>Compartir esta noticia<\/h5><ul class='av-share-box-list noLightbox'><li class='av-share-link av-social-link-facebook' ><a target=\"_blank\" aria-label=\"Compartir en Facebook\" href='https:\/\/www.facebook.com\/sharer.php?u=https:\/\/radiorevelacionfm.cl\/?p=21725&#038;t=Regi%C3%B3n%20de%20Ays%C3%A9n%20alcanz%C3%B3%20el%2096%2C3%25%20de%20postulaciones%20al%20Sistema%20de%20Admisi%C3%B3n%20Escolar%202023' aria-hidden='false' data-av_icon='\ue8f3' data-av_iconfont='entypo-fontello' title='' data-avia-related-tooltip='Compartir en Facebook' rel=\"noopener\"><span class='avia_hidden_link_text'>Compartir en Facebook<\/span><\/a><\/li><li class='av-share-link av-social-link-twitter' ><a target=\"_blank\" aria-label=\"Compartir en Twitter\" href='https:\/\/twitter.com\/share?text=Regi%C3%B3n%20de%20Ays%C3%A9n%20alcanz%C3%B3%20el%2096%2C3%25%20de%20postulaciones%20al%20Sistema%20de%20Admisi%C3%B3n%20Escolar%202023&#038;url=https:\/\/radiorevelacionfm.cl\/?p=21725' aria-hidden='false' data-av_icon='\ue8f1' data-av_iconfont='entypo-fontello' title='' data-avia-related-tooltip='Compartir en Twitter' rel=\"noopener\"><span class='avia_hidden_link_text'>Compartir en Twitter<\/span><\/a><\/li><li class='av-share-link av-social-link-whatsapp' ><a target=\"_blank\" aria-label=\"Compartir en Whatsapp\" href='https:\/\/api.whatsapp.com\/send?text=https:\/\/radiorevelacionfm.cl\/?p=21725' aria-hidden='false' data-av_icon='\uf232' data-av_iconfont='entypo-fontello' title='' data-avia-related-tooltip='Compartir en Whatsapp' rel=\"noopener\"><span class='avia_hidden_link_text'>Compartir en Whatsapp<\/span><\/a><\/li><li class='av-share-link av-social-link-linkedin' ><a target=\"_blank\" aria-label=\"Compartir en LinkedIn\" href='https:\/\/linkedin.com\/shareArticle?mini=true&#038;title=Regi%C3%B3n%20de%20Ays%C3%A9n%20alcanz%C3%B3%20el%2096%2C3%25%20de%20postulaciones%20al%20Sistema%20de%20Admisi%C3%B3n%20Escolar%202023&#038;url=https:\/\/radiorevelacionfm.cl\/?p=21725' aria-hidden='false' data-av_icon='\ue8fc' data-av_iconfont='entypo-fontello' title='' data-avia-related-tooltip='Compartir en LinkedIn' rel=\"noopener\"><span class='avia_hidden_link_text'>Compartir en LinkedIn<\/span><\/a><\/li><li class='av-share-link av-social-link-mail' ><a  aria-label=\"Compartir por correo\" href='mailto:?subject=Regi%C3%B3n%20de%20Ays%C3%A9n%20alcanz%C3%B3%20el%2096%2C3%25%20de%20postulaciones%20al%20Sistema%20de%20Admisi%C3%B3n%20Escolar%202023&#038;body=https:\/\/radiorevelacionfm.cl\/?p=21725' aria-hidden='false' data-av_icon='\ue805' data-av_iconfont='entypo-fontello' title='' data-avia-related-tooltip='Compartir por correo'><span class='avia_hidden_link_text'>Compartir por correo<\/span><\/a><\/li><\/ul><\/div><\/div>\n<div  style='height:50px' class='hr hr-invisible   avia-builder-el-8  el_after_av_social_share  el_before_av_comments_list '><span class='hr-inner ' ><span class='hr-inner-style'><\/span><\/span><\/div>\n<div  class='av-buildercomment  av-blog-meta-html-info-disabled av-blog-meta-tag-disabled  '><\/div>\n","protected":false},"excerpt":{"rendered":"","protected":false},"author":1,"featured_media":21726,"comment_status":"open","ping_status":"open","sticky":false,"template":"","format":"standard","meta":{"footnotes":""},"categories":[49],"tags":[],"class_list":["post-21725","post","type-post","status-publish","format-standard","has-post-thumbnail","hentry","category-educacion"],"jetpack_featured_media_url":"https:\/\/radiorevelacionfm.cl\/wp-content\/uploads\/2022\/09\/Seremi-Isabel-Garrido_SAE-1-1.jpg","_links":{"self":[{"href":"https:\/\/radiorevelacionfm.cl\/index.php?rest_route=\/wp\/v2\/posts\/21725","targetHints":{"allow":["GET"]}}],"collection":[{"href":"https:\/\/radiorevelacionfm.cl\/index.php?rest_route=\/wp\/v2\/posts"}],"about":[{"href":"https:\/\/radiorevelacionfm.cl\/index.php?rest_route=\/wp\/v2\/types\/post"}],"author":[{"embeddable":true,"href":"https:\/\/radiorevelacionfm.cl\/index.php?rest_route=\/wp\/v2\/users\/1"}],"replies":[{"embeddable":true,"href":"https:\/\/radiorevelacionfm.cl\/index.php?rest_route=%2Fwp%2Fv2%2Fcomments&post=21725"}],"version-history":[{"count":2,"href":"https:\/\/radiorevelacionfm.cl\/index.php?rest_route=\/wp\/v2\/posts\/21725\/revisions"}],"predecessor-version":[{"id":21743,"href":"https:\/\/radiorevelacionfm.cl\/index.php?rest_route=\/wp\/v2\/posts\/21725\/revisions\/21743"}],"wp:featuredmedia":[{"embeddable":true,"href":"https:\/\/radiorevelacionfm.cl\/index.php?rest_route=\/wp\/v2\/media\/21726"}],"wp:attachment":[{"href":"https:\/\/radiorevelacionfm.cl\/index.php?rest_route=%2Fwp%2Fv2%2Fmedia&parent=21725"}],"wp:term":[{"taxonomy":"category","embeddable":true,"href":"https:\/\/radiorevelacionfm.cl\/index.php?rest_route=%2Fwp%2Fv2%2Fcategories&post=21725"},{"taxonomy":"post_tag","embeddable":true,"href":"https:\/\/radiorevelacionfm.cl\/index.php?rest_route=%2Fwp%2Fv2%2Ftags&post=21725"}],"curies":[{"name":"wp","href":"https:\/\/api.w.org\/{rel}","templated":true}]}}