{"id":21722,"date":"2022-09-12T16:49:35","date_gmt":"2022-09-12T19:49:35","guid":{"rendered":"https:\/\/radiorevelacionfm.cl\/?p=21722"},"modified":"2022-09-12T16:49:35","modified_gmt":"2022-09-12T19:49:35","slug":"tribunal-condena-a-4-anos-de-libertad-vigilada-intensiva-a-autores-de-trafico-de-drogas","status":"publish","type":"post","link":"https:\/\/radiorevelacionfm.cl\/?p=21722","title":{"rendered":"Tribunal condena a 4 a\u00f1os de libertad vigilada intensiva a autores de tr\u00e1fico de drogas"},"content":{"rendered":"<div class=\"flex_column av_one_full  flex_column_div av-zero-column-padding first  avia-builder-el-0  el_before_av_one_full  avia-builder-el-first  \" style='border-radius:0px; '><div  class='avia-image-container  av-styling-    avia-builder-el-1  avia-builder-el-no-sibling  avia-align-center '  itemprop=\"image\" itemscope=\"itemscope\" itemtype=\"https:\/\/schema.org\/ImageObject\"  ><div class='avia-image-container-inner'><div class='avia-image-overlay-wrap'><img decoding=\"async\" class='wp-image-16813 avia-img-lazy-loading-not-16813 avia_image' src=\"https:\/\/radiorevelacionfm.cl\/wp-content\/uploads\/2022\/05\/foto-1-top-2_optimized.jpg\" alt='' title='foto-1-top--(2)_optimized' height=\"600\" width=\"900\"  itemprop=\"thumbnailUrl\" srcset=\"https:\/\/radiorevelacionfm.cl\/wp-content\/uploads\/2022\/05\/foto-1-top-2_optimized.jpg 900w, https:\/\/radiorevelacionfm.cl\/wp-content\/uploads\/2022\/05\/foto-1-top-2_optimized-300x200.jpg 300w, https:\/\/radiorevelacionfm.cl\/wp-content\/uploads\/2022\/05\/foto-1-top-2_optimized-768x512.jpg 768w, https:\/\/radiorevelacionfm.cl\/wp-content\/uploads\/2022\/05\/foto-1-top-2_optimized-705x470.jpg 705w, https:\/\/radiorevelacionfm.cl\/wp-content\/uploads\/2022\/05\/foto-1-top-2_optimized-600x400.jpg 600w\" sizes=\"(max-width: 900px) 100vw, 900px\" \/><\/div><\/div><\/div><\/div><div class=\"flex_column av_one_full  flex_column_div av-zero-column-padding first  avia-builder-el-2  el_after_av_one_full  el_before_av_one_full  column-top-margin\" style='border-radius:0px; '><section class=\"av_textblock_section \"  itemscope=\"itemscope\" itemtype=\"https:\/\/schema.org\/BlogPosting\" itemprop=\"blogPost\" ><div class='avia_textblock  '   itemprop=\"text\" ><p style=\"text-align: center;\"><strong><span style=\"font-size: 18pt;\">Tribunal condena a 4 a\u00f1os de libertad vigilada intensiva a autores de tr\u00e1fico de drogas<\/span><\/strong><\/p>\n<div id=\"gtx-trans\" style=\"position: absolute; left: -50px; top: 4.31534px;\">\n<div class=\"gtx-trans-icon\"><\/div>\n<\/div>\n<\/div><\/section><\/div><div class=\"flex_column av_one_full  flex_column_div av-zero-column-padding first  avia-builder-el-4  el_after_av_one_full  el_before_av_hr  column-top-margin\" style='border-radius:0px; '><section class=\"av_textblock_section \"  itemscope=\"itemscope\" itemtype=\"https:\/\/schema.org\/BlogPosting\" itemprop=\"blogPost\" ><div class='avia_textblock  '   itemprop=\"text\" ><p class=\"v1MsoNormal\" style=\"text-align: justify;\">El Tribunal de Juicio Oral en lo Penal de Coyhaique conden\u00f3 a Juan Carlos Leal Flores y Sixto Antonio Violante Almazabal a 4 a\u00f1os de presidio, con el beneficio de la libertad vigilada intensiva por igual lapso, en calidad de autores del delito consumado de tr\u00e1fico de drogas. Il\u00edcito perpetrado en abril del a\u00f1o pasado, en la ciudad de Puerto Ays\u00e9n.<\/p>\n<p class=\"v1MsoNormal\" style=\"text-align: justify;\">En fallo un\u00e1nime (causa rol 44-2021), el tribunal \u2013integrado por los magistrados Pablo Freire Gavil\u00e1n (presidente), M\u00f3nica Coloma Pulgar y Rosal\u00eda Mansilla Quiroz (redactora)\u2013 aplic\u00f3, adem\u00e1s, a Leal Flores y Violante Almazabal las accesorias legales de inhabilitaci\u00f3n absoluta perpetua para derechos pol\u00edticos\u00a0y la\u00a0inhabilitaci\u00f3n absoluta para cargos y oficios p\u00fablicos durante el tiempo de las condenas; m\u00e1s el pago de una multa de 12 a Leal Flores y de 40, a Violante Almazabal.<\/p>\n<p class=\"v1MsoNormal\" style=\"text-align: justify;\">Para el cumplimiento de la pena sustitutiva, Juan Carlos Leal y Sixto Violante, quedar\u00e1n sujetos a la vigilancia y orientaci\u00f3n de un delegado de Gendarmer\u00eda y tendr\u00e1n que mantener una residencia, ejercer profesi\u00f3n o trabajo bajo modalidades que se determinen en el plan de intervenci\u00f3n.<\/p>\n<p class=\"v1MsoNormal\" style=\"text-align: justify;\">Asimismo, el tribunal impuso a los sentenciados la condici\u00f3n del art\u00edculo 17 ter letra c); es decir, la obligaci\u00f3n de mantenerse en\u00a0sus domicilios\u00a0por el lapso de ocho horas continuas, desde las 10 de la noche y hasta las 6 de la ma\u00f1ana del d\u00eda siguiente. Adem\u00e1s, se decret\u00f3 el comiso de las especies incautadas.<\/p>\n<p class=\"v1MsoNormal\" style=\"text-align: justify;\">En la causa, el tribunal decret\u00f3 la absoluci\u00f3n del acusado Nicol\u00e1s Alejandro Catelic\u00e1n Talcao, al haberse acreditado que la cantidad de droga decomisada en su domicilio era para su consumo personal, exclusivo y pr\u00f3ximo en el tiempo.<\/p>\n<p class=\"v1MsoNormal\" style=\"text-align: justify;\">El tribunal dio por\u00a0establecido, m\u00e1s all\u00e1 de toda duda razonable, \u00abQue el acusado Juan Carlos Leal Flores el d\u00eda 23 de abril de 2021, concurri\u00f3 a las oficinas de Correos de Chile, sucursal Puerto Ays\u00e9n, y procedi\u00f3 retirar una caja contenedora de una encomienda, la cual transportaba al momento de ser fiscalizado por carabineros en la v\u00eda p\u00fablica de esa ciudad. Lo anterior, en circunstancias que previamente, luego de una revisi\u00f3n efectuada por personal de carabineros de las encomiendas existentes en dichas oficinas, y luego que el can detector de drogas, de nombre Gaz\u00fa, efectu\u00f3 una marcaci\u00f3n activa de la caja, con la autorizaci\u00f3n judicial respectiva, se hab\u00eda procedido a la apertura de la misma, constatando la presencia de un total de seis paquetes contenedores de una sustancia vegetal correspondiente a marihuana, con un peso de 482 gramos netos, y se hab\u00eda autorizado por fiscal del Ministerio P\u00fablico la entrega controlada de la misma, previa sustituci\u00f3n de la droga\u00bb.<\/p>\n<p class=\"v1MsoNormal\" style=\"text-align: justify;\">\u00abEl retiro de la referida encomienda \u2013contin\u00faa\u2013 hab\u00eda sido coordinado previamente por Sixto Violante Almazabal con el acusado Leal Flores, poni\u00e9ndose de acuerdo para que ello se concrete, y se realice el traslado o transporte de la misma por Leal Flores.<\/p>\n<p class=\"v1MsoNormal\" style=\"text-align: justify;\">\u00abIgualmente, se acredit\u00f3 que el mismo d\u00eda 23 de abril de 2021, previa autorizaci\u00f3n judicial de entrada y registro al domicilio de Nicol\u00e1s Catelic\u00e1n Talcao, ubicado en calle Ays\u00e9n Chiquito N\u00b0440 de Puerto Ays\u00e9n, en el dormitorio de este acusado, en una c\u00f3moda, se encontr\u00f3 la cantidad de 12,17 gramos netos de una sustancia vegetal que analizada se estableci\u00f3 que correspond\u00eda a cannabis, la cual era mantenida por el acusado para su consumo personal, exclusivo y pr\u00f3ximo en el tiempo, que utiliza para aliviar los dolores que le generan las diversas enfermedades que padece\u00bb, concluye.<\/p>\n<\/div><\/section><\/div><div  style='height:50px' class='hr hr-invisible   avia-builder-el-6  el_after_av_one_full  el_before_av_social_share '><span class='hr-inner ' ><span class='hr-inner-style'><\/span><\/span><\/div><\/p>\n<div  class='av-social-sharing-box  avia-builder-el-7  el_after_av_hr  el_before_av_hr  '><div class='av-share-box'><h5 class='av-share-link-description av-no-toc '>Compartir esta noticia<\/h5><ul class='av-share-box-list noLightbox'><li class='av-share-link av-social-link-facebook' ><a target=\"_blank\" aria-label=\"Compartir en Facebook\" href='https:\/\/www.facebook.com\/sharer.php?u=https:\/\/radiorevelacionfm.cl\/?p=21722&#038;t=Tribunal%20condena%20a%204%20a%C3%B1os%20de%20libertad%20vigilada%20intensiva%20a%20autores%20de%20tr%C3%A1fico%20de%20drogas' aria-hidden='false' data-av_icon='\ue8f3' data-av_iconfont='entypo-fontello' title='' data-avia-related-tooltip='Compartir en Facebook' rel=\"noopener\"><span class='avia_hidden_link_text'>Compartir en Facebook<\/span><\/a><\/li><li class='av-share-link av-social-link-twitter' ><a target=\"_blank\" aria-label=\"Compartir en Twitter\" href='https:\/\/twitter.com\/share?text=Tribunal%20condena%20a%204%20a%C3%B1os%20de%20libertad%20vigilada%20intensiva%20a%20autores%20de%20tr%C3%A1fico%20de%20drogas&#038;url=https:\/\/radiorevelacionfm.cl\/?p=21722' aria-hidden='false' data-av_icon='\ue8f1' data-av_iconfont='entypo-fontello' title='' data-avia-related-tooltip='Compartir en Twitter' rel=\"noopener\"><span class='avia_hidden_link_text'>Compartir en Twitter<\/span><\/a><\/li><li class='av-share-link av-social-link-whatsapp' ><a target=\"_blank\" aria-label=\"Compartir en Whatsapp\" href='https:\/\/api.whatsapp.com\/send?text=https:\/\/radiorevelacionfm.cl\/?p=21722' aria-hidden='false' data-av_icon='\uf232' data-av_iconfont='entypo-fontello' title='' data-avia-related-tooltip='Compartir en Whatsapp' rel=\"noopener\"><span class='avia_hidden_link_text'>Compartir en Whatsapp<\/span><\/a><\/li><li class='av-share-link av-social-link-linkedin' ><a target=\"_blank\" aria-label=\"Compartir en LinkedIn\" href='https:\/\/linkedin.com\/shareArticle?mini=true&#038;title=Tribunal%20condena%20a%204%20a%C3%B1os%20de%20libertad%20vigilada%20intensiva%20a%20autores%20de%20tr%C3%A1fico%20de%20drogas&#038;url=https:\/\/radiorevelacionfm.cl\/?p=21722' aria-hidden='false' data-av_icon='\ue8fc' data-av_iconfont='entypo-fontello' title='' data-avia-related-tooltip='Compartir en LinkedIn' rel=\"noopener\"><span class='avia_hidden_link_text'>Compartir en LinkedIn<\/span><\/a><\/li><li class='av-share-link av-social-link-mail' ><a  aria-label=\"Compartir por correo\" href='mailto:?subject=Tribunal%20condena%20a%204%20a%C3%B1os%20de%20libertad%20vigilada%20intensiva%20a%20autores%20de%20tr%C3%A1fico%20de%20drogas&#038;body=https:\/\/radiorevelacionfm.cl\/?p=21722' aria-hidden='false' data-av_icon='\ue805' data-av_iconfont='entypo-fontello' title='' data-avia-related-tooltip='Compartir por correo'><span class='avia_hidden_link_text'>Compartir por correo<\/span><\/a><\/li><\/ul><\/div><\/div>\n<div  style='height:50px' class='hr hr-invisible   avia-builder-el-8  el_after_av_social_share  el_before_av_comments_list '><span class='hr-inner ' ><span class='hr-inner-style'><\/span><\/span><\/div>\n<div  class='av-buildercomment  av-blog-meta-html-info-disabled av-blog-meta-tag-disabled  '><\/div>\n","protected":false},"excerpt":{"rendered":"","protected":false},"author":1,"featured_media":16813,"comment_status":"open","ping_status":"open","sticky":false,"template":"","format":"standard","meta":{"footnotes":""},"categories":[55],"tags":[],"class_list":["post-21722","post","type-post","status-publish","format-standard","has-post-thumbnail","hentry","category-justicia"],"jetpack_featured_media_url":"https:\/\/radiorevelacionfm.cl\/wp-content\/uploads\/2022\/05\/foto-1-top-2_optimized.jpg","_links":{"self":[{"href":"https:\/\/radiorevelacionfm.cl\/index.php?rest_route=\/wp\/v2\/posts\/21722","targetHints":{"allow":["GET"]}}],"collection":[{"href":"https:\/\/radiorevelacionfm.cl\/index.php?rest_route=\/wp\/v2\/posts"}],"about":[{"href":"https:\/\/radiorevelacionfm.cl\/index.php?rest_route=\/wp\/v2\/types\/post"}],"author":[{"embeddable":true,"href":"https:\/\/radiorevelacionfm.cl\/index.php?rest_route=\/wp\/v2\/users\/1"}],"replies":[{"embeddable":true,"href":"https:\/\/radiorevelacionfm.cl\/index.php?rest_route=%2Fwp%2Fv2%2Fcomments&post=21722"}],"version-history":[{"count":2,"href":"https:\/\/radiorevelacionfm.cl\/index.php?rest_route=\/wp\/v2\/posts\/21722\/revisions"}],"predecessor-version":[{"id":21724,"href":"https:\/\/radiorevelacionfm.cl\/index.php?rest_route=\/wp\/v2\/posts\/21722\/revisions\/21724"}],"wp:featuredmedia":[{"embeddable":true,"href":"https:\/\/radiorevelacionfm.cl\/index.php?rest_route=\/wp\/v2\/media\/16813"}],"wp:attachment":[{"href":"https:\/\/radiorevelacionfm.cl\/index.php?rest_route=%2Fwp%2Fv2%2Fmedia&parent=21722"}],"wp:term":[{"taxonomy":"category","embeddable":true,"href":"https:\/\/radiorevelacionfm.cl\/index.php?rest_route=%2Fwp%2Fv2%2Fcategories&post=21722"},{"taxonomy":"post_tag","embeddable":true,"href":"https:\/\/radiorevelacionfm.cl\/index.php?rest_route=%2Fwp%2Fv2%2Ftags&post=21722"}],"curies":[{"name":"wp","href":"https:\/\/api.w.org\/{rel}","templated":true}]}}