{"id":21718,"date":"2022-09-12T15:07:27","date_gmt":"2022-09-12T18:07:27","guid":{"rendered":"https:\/\/radiorevelacionfm.cl\/?p=21718"},"modified":"2022-09-12T15:07:27","modified_gmt":"2022-09-12T18:07:27","slug":"alcalde-de-cisnes-destaco-elaboracion-del-plan-de-conectividad-tras-reunion-con-ministro-del-mop","status":"publish","type":"post","link":"https:\/\/radiorevelacionfm.cl\/?p=21718","title":{"rendered":"Alcalde de Cisnes destac\u00f3 elaboraci\u00f3n del plan de conectividad tras reuni\u00f3n con Ministro del MOP"},"content":{"rendered":"<div class=\"flex_column av_one_full  flex_column_div av-zero-column-padding first  avia-builder-el-0  el_before_av_one_full  avia-builder-el-first  \" style='border-radius:0px; '><div  class='avia-image-container  av-styling-    avia-builder-el-1  avia-builder-el-no-sibling  avia-align-center '  itemprop=\"image\" itemscope=\"itemscope\" itemtype=\"https:\/\/schema.org\/ImageObject\"  ><div class='avia-image-container-inner'><div class='avia-image-overlay-wrap'><img decoding=\"async\" class='wp-image-21719 avia-img-lazy-loading-not-21719 avia_image' src=\"https:\/\/radiorevelacionfm.cl\/wp-content\/uploads\/2022\/09\/REUNION-MOP-2-1-1.jpeg\" alt='' title='REUNION MOP 2 (1) (1)' height=\"600\" width=\"900\"  itemprop=\"thumbnailUrl\" srcset=\"https:\/\/radiorevelacionfm.cl\/wp-content\/uploads\/2022\/09\/REUNION-MOP-2-1-1.jpeg 900w, https:\/\/radiorevelacionfm.cl\/wp-content\/uploads\/2022\/09\/REUNION-MOP-2-1-1-300x200.jpeg 300w, https:\/\/radiorevelacionfm.cl\/wp-content\/uploads\/2022\/09\/REUNION-MOP-2-1-1-768x512.jpeg 768w, https:\/\/radiorevelacionfm.cl\/wp-content\/uploads\/2022\/09\/REUNION-MOP-2-1-1-705x470.jpeg 705w, https:\/\/radiorevelacionfm.cl\/wp-content\/uploads\/2022\/09\/REUNION-MOP-2-1-1-600x400.jpeg 600w\" sizes=\"(max-width: 900px) 100vw, 900px\" \/><\/div><\/div><\/div><\/div><div class=\"flex_column av_one_full  flex_column_div av-zero-column-padding first  avia-builder-el-2  el_after_av_one_full  el_before_av_one_full  column-top-margin\" style='border-radius:0px; '><section class=\"av_textblock_section \"  itemscope=\"itemscope\" itemtype=\"https:\/\/schema.org\/BlogPosting\" itemprop=\"blogPost\" ><div class='avia_textblock  '   itemprop=\"text\" ><p style=\"text-align: center;\"><strong><span style=\"font-size: 18pt;\">Alcalde de Cisnes destac\u00f3 elaboraci\u00f3n del plan de conectividad tras reuni\u00f3n con Ministro del MOP <\/span><\/strong><\/p>\n<div id=\"gtx-trans\" style=\"position: absolute; left: -50px; top: 4.31534px;\">\n<div class=\"gtx-trans-icon\"><\/div>\n<\/div>\n<\/div><\/section><\/div><div class=\"flex_column av_one_full  flex_column_div av-zero-column-padding first  avia-builder-el-4  el_after_av_one_full  el_before_av_hr  column-top-margin\" style='border-radius:0px; '><section class=\"av_textblock_section \"  itemscope=\"itemscope\" itemtype=\"https:\/\/schema.org\/BlogPosting\" itemprop=\"blogPost\" ><div class='avia_textblock  '   itemprop=\"text\" ><p style=\"text-align: justify;\">En la capital de nuestro pa\u00eds y en dependencias del Ministerio de Obras P\u00fablicas se desarroll\u00f3 una importante mesa de trabajo para abordar el tema de conectividad en la comuna de Cisnes, la regi\u00f3n de Ays\u00e9n y la provincial de Palena, quienes son socios estrat\u00e9gicos para la zona norte del territorio.<\/p>\n<p style=\"text-align: justify;\">En esta reuni\u00f3n el Alcalde, Francisco Roncagliolo Lepio, junto a Senadores, Diputados, Alcaldes y Consejeros Regionales de nuestra regi\u00f3n, trabajaron sobre la necesidad de las mejoras en conectividad.<\/p>\n<p style=\"text-align: justify;\">\u201cEstamos muy contentos ac\u00e1 en el Ministerio de Obras P\u00fablicas. Hace un tiempo atr\u00e1s tuvimos una reuni\u00f3n con la comisi\u00f3n de infraestructura, transportes y telecomunicaciones del Gobierno Regional en la comuna, donde analizamos que el tema de conectividad era trascendental y ten\u00edamos que buscar una forma de soluci\u00f3n. Hoy gracias a las gestiones parlamentarias tanto del Senador Sandoval, Diputado Calisto, la Senadora Ordenes y la Diputada Raphael, hemos podido concretar este encuentro, obviamente con los Consejeros Regionales que han hecho las gestiones necesarias para que as\u00ed sea\u201d.<\/p>\n<p style=\"text-align: justify;\">En el encuentro la m\u00e1xima autoridad de la comuna de Cisnes, pudo plantear al Ministro de Obras P\u00fablicas, Juan Carlos Garc\u00eda, los temas que requieren ser abordados con prontitud, en bien de la conectividad para todos los vecinos y vecinas del territorio.<\/p>\n<p style=\"text-align: justify;\">\u201cEl tema de la ruta bimodal, que es fundamental que se retome y se trabaje en concretar las pavimentaciones que faltan para disminuir tiempo. Lo m\u00e1s importante para nosotros es que, los Ministerios de Obras Publicas y de Transportes se sienten a conversar y trabajen en conjunto una propuesta de conectividad para nuestra regi\u00f3n. Obviamente terminar los pavimentos del sector el Queulat y con eso ya terminar definitivamente la conectividad hacia la zona norte. As\u00ed es que, la idea es trabajar en estos 60 d\u00edas junto a todas las personas que hoy nos acompa\u00f1an y otros m\u00e1s que se van a sumar en los pr\u00f3ximos d\u00edas. Seguimos avanzando como comuna, un saludo especial a la provincia de Palena, ya que los cuatro Alcaldes de esa zona tambi\u00e9n est\u00e1n considerados en este trabajo\u201d.<\/p>\n<p style=\"text-align: justify;\">Es importante mencionar que en la reuni\u00f3n sostenida con el Ministro del MOP, el Alcalde Francisco Roncagliolo, expuso en detalle lo siguiente:<\/p>\n<ol style=\"text-align: justify;\">\n<li>Que se cree mesa de trabajo entre MOP y Ministerio de Transportes para fortalecer la ruta mar\u00edtima entre La Regi\u00f3n de Los Lagos y Ays\u00e9n, mientras avanza la conexi\u00f3n de Chile por Chile por Tierra.<\/li>\n<li>Avanzar en los proyectos de pavimentaci\u00f3n y accesos en sector ruta bimodal y as\u00ed disminuir tiempos de viaje en barcaza. Podr\u00eda hasta aumentarse la frecuencia de barcaza.<\/li>\n<li>Mejorar y construir los Puentes pendientes (Senador Sep\u00falveda, Exequiel Gonz\u00e1lez y Yelcho).<\/li>\n<li>Terminar la pavimentaci\u00f3n de los tramos en sector las pulgas, fiordo Queulat y Cuesta de Las Peras (con eso quedar\u00eda pavimentado el 100% de la Ruta 7 en nuestra comuna).<\/li>\n<\/ol>\n<p style=\"text-align: justify;\">Marcelo Santana, Alcalde de Ib\u00e1\u00f1ez, expuso sobre la zona centro sur de la regi\u00f3n.<\/p>\n<p style=\"text-align: justify;\">Jos\u00e9 Fica, Alcalde de O\u2019Higgins expuso sobre el extremo sur.<\/p>\n<p style=\"text-align: justify;\">En la mesa de trabajo con autoridades nacionales, regionales y comunales se acord\u00f3 tener un Plan de Conectividad para la regi\u00f3n de Ays\u00e9n y provincia de Palena en los pr\u00f3ximos 60 d\u00edas.<\/p>\n<p style=\"text-align: justify;\">Finalmente, el Alcalde de la comuna de Cisnes, quiso agradecer al Senador David Sandoval Plaza, quien gestion\u00f3 la reuni\u00f3n en Santiago, tambi\u00e9n a todas las autoridades que estuvieron presente y respaldaron los requerimientos en temas de conectividad, los Diputados Marcia Raphael Mora, Ren\u00e9 Osvaldo Alinco Bustos y Miguel \u00c1ngel Calisto, la Senadora Ximena \u00d3rdenes Neira. Los Consejeros Regionales, Paola Alejandra Rodr\u00edguez Cuevas de la provincia de Ays\u00e9n, Lilian Marlen Inostroza Parra y Paulina Hern\u00e1ndez de la provincia General Carrera, tambi\u00e9n los Consejeros Jorge Abello Moll y V\u00edctor Escobar.<\/p>\n<\/div><\/section><\/div><div  style='height:50px' class='hr hr-invisible   avia-builder-el-6  el_after_av_one_full  el_before_av_social_share '><span class='hr-inner ' ><span class='hr-inner-style'><\/span><\/span><\/div><\/p>\n<div  class='av-social-sharing-box  avia-builder-el-7  el_after_av_hr  el_before_av_hr  '><div class='av-share-box'><h5 class='av-share-link-description av-no-toc '>Compartir esta noticia<\/h5><ul class='av-share-box-list noLightbox'><li class='av-share-link av-social-link-facebook' ><a target=\"_blank\" aria-label=\"Compartir en Facebook\" href='https:\/\/www.facebook.com\/sharer.php?u=https:\/\/radiorevelacionfm.cl\/?p=21718&#038;t=Alcalde%20de%20Cisnes%20destac%C3%B3%20elaboraci%C3%B3n%20del%20plan%20de%20conectividad%20tras%20reuni%C3%B3n%20con%20Ministro%20del%20MOP' aria-hidden='false' data-av_icon='\ue8f3' data-av_iconfont='entypo-fontello' title='' data-avia-related-tooltip='Compartir en Facebook' rel=\"noopener\"><span class='avia_hidden_link_text'>Compartir en Facebook<\/span><\/a><\/li><li class='av-share-link av-social-link-twitter' ><a target=\"_blank\" aria-label=\"Compartir en Twitter\" href='https:\/\/twitter.com\/share?text=Alcalde%20de%20Cisnes%20destac%C3%B3%20elaboraci%C3%B3n%20del%20plan%20de%20conectividad%20tras%20reuni%C3%B3n%20con%20Ministro%20del%20MOP&#038;url=https:\/\/radiorevelacionfm.cl\/?p=21718' aria-hidden='false' data-av_icon='\ue8f1' data-av_iconfont='entypo-fontello' title='' data-avia-related-tooltip='Compartir en Twitter' rel=\"noopener\"><span class='avia_hidden_link_text'>Compartir en Twitter<\/span><\/a><\/li><li class='av-share-link av-social-link-whatsapp' ><a target=\"_blank\" aria-label=\"Compartir en Whatsapp\" href='https:\/\/api.whatsapp.com\/send?text=https:\/\/radiorevelacionfm.cl\/?p=21718' aria-hidden='false' data-av_icon='\uf232' data-av_iconfont='entypo-fontello' title='' data-avia-related-tooltip='Compartir en Whatsapp' rel=\"noopener\"><span class='avia_hidden_link_text'>Compartir en Whatsapp<\/span><\/a><\/li><li class='av-share-link av-social-link-linkedin' ><a target=\"_blank\" aria-label=\"Compartir en LinkedIn\" href='https:\/\/linkedin.com\/shareArticle?mini=true&#038;title=Alcalde%20de%20Cisnes%20destac%C3%B3%20elaboraci%C3%B3n%20del%20plan%20de%20conectividad%20tras%20reuni%C3%B3n%20con%20Ministro%20del%20MOP&#038;url=https:\/\/radiorevelacionfm.cl\/?p=21718' aria-hidden='false' data-av_icon='\ue8fc' data-av_iconfont='entypo-fontello' title='' data-avia-related-tooltip='Compartir en LinkedIn' rel=\"noopener\"><span class='avia_hidden_link_text'>Compartir en LinkedIn<\/span><\/a><\/li><li class='av-share-link av-social-link-mail' ><a  aria-label=\"Compartir por correo\" href='mailto:?subject=Alcalde%20de%20Cisnes%20destac%C3%B3%20elaboraci%C3%B3n%20del%20plan%20de%20conectividad%20tras%20reuni%C3%B3n%20con%20Ministro%20del%20MOP&#038;body=https:\/\/radiorevelacionfm.cl\/?p=21718' aria-hidden='false' data-av_icon='\ue805' data-av_iconfont='entypo-fontello' title='' data-avia-related-tooltip='Compartir por correo'><span class='avia_hidden_link_text'>Compartir por correo<\/span><\/a><\/li><\/ul><\/div><\/div>\n<div  style='height:50px' class='hr hr-invisible   avia-builder-el-8  el_after_av_social_share  el_before_av_comments_list '><span class='hr-inner ' ><span class='hr-inner-style'><\/span><\/span><\/div>\n<div  class='av-buildercomment  av-blog-meta-html-info-disabled av-blog-meta-tag-disabled  '><\/div>\n","protected":false},"excerpt":{"rendered":"","protected":false},"author":1,"featured_media":21719,"comment_status":"open","ping_status":"open","sticky":false,"template":"","format":"standard","meta":{"footnotes":""},"categories":[38],"tags":[],"class_list":["post-21718","post","type-post","status-publish","format-standard","has-post-thumbnail","hentry","category-regional"],"jetpack_featured_media_url":"https:\/\/radiorevelacionfm.cl\/wp-content\/uploads\/2022\/09\/REUNION-MOP-2-1-1.jpeg","_links":{"self":[{"href":"https:\/\/radiorevelacionfm.cl\/index.php?rest_route=\/wp\/v2\/posts\/21718","targetHints":{"allow":["GET"]}}],"collection":[{"href":"https:\/\/radiorevelacionfm.cl\/index.php?rest_route=\/wp\/v2\/posts"}],"about":[{"href":"https:\/\/radiorevelacionfm.cl\/index.php?rest_route=\/wp\/v2\/types\/post"}],"author":[{"embeddable":true,"href":"https:\/\/radiorevelacionfm.cl\/index.php?rest_route=\/wp\/v2\/users\/1"}],"replies":[{"embeddable":true,"href":"https:\/\/radiorevelacionfm.cl\/index.php?rest_route=%2Fwp%2Fv2%2Fcomments&post=21718"}],"version-history":[{"count":2,"href":"https:\/\/radiorevelacionfm.cl\/index.php?rest_route=\/wp\/v2\/posts\/21718\/revisions"}],"predecessor-version":[{"id":21721,"href":"https:\/\/radiorevelacionfm.cl\/index.php?rest_route=\/wp\/v2\/posts\/21718\/revisions\/21721"}],"wp:featuredmedia":[{"embeddable":true,"href":"https:\/\/radiorevelacionfm.cl\/index.php?rest_route=\/wp\/v2\/media\/21719"}],"wp:attachment":[{"href":"https:\/\/radiorevelacionfm.cl\/index.php?rest_route=%2Fwp%2Fv2%2Fmedia&parent=21718"}],"wp:term":[{"taxonomy":"category","embeddable":true,"href":"https:\/\/radiorevelacionfm.cl\/index.php?rest_route=%2Fwp%2Fv2%2Fcategories&post=21718"},{"taxonomy":"post_tag","embeddable":true,"href":"https:\/\/radiorevelacionfm.cl\/index.php?rest_route=%2Fwp%2Fv2%2Ftags&post=21718"}],"curies":[{"name":"wp","href":"https:\/\/api.w.org\/{rel}","templated":true}]}}