{"id":21711,"date":"2022-09-12T13:31:51","date_gmt":"2022-09-12T16:31:51","guid":{"rendered":"https:\/\/radiorevelacionfm.cl\/?p=21711"},"modified":"2022-09-12T13:31:51","modified_gmt":"2022-09-12T16:31:51","slug":"declaran-alerta-temprana-preventiva-para-la-region-de-aysen-por-evento-meteorologico-3","status":"publish","type":"post","link":"https:\/\/radiorevelacionfm.cl\/?p=21711","title":{"rendered":"Declaran alerta temprana preventiva para la regi\u00f3n de Ays\u00e9n por evento meteorol\u00f3gico"},"content":{"rendered":"<div class=\"flex_column av_one_full  flex_column_div av-zero-column-padding first  avia-builder-el-0  el_before_av_one_full  avia-builder-el-first  \" style='border-radius:0px; '><div  class='avia-image-container  av-styling-    avia-builder-el-1  avia-builder-el-no-sibling  avia-align-center '  itemprop=\"image\" itemscope=\"itemscope\" itemtype=\"https:\/\/schema.org\/ImageObject\"  ><div class='avia-image-container-inner'><div class='avia-image-overlay-wrap'><img decoding=\"async\" class='wp-image-15378 avia-img-lazy-loading-not-15378 avia_image' src=\"https:\/\/radiorevelacionfm.cl\/wp-content\/uploads\/2022\/04\/lluvias-aysen-1_optimized.jpg\" alt='' title='lluvias-aysen-(1)_optimized' height=\"600\" width=\"1069\"  itemprop=\"thumbnailUrl\" srcset=\"https:\/\/radiorevelacionfm.cl\/wp-content\/uploads\/2022\/04\/lluvias-aysen-1_optimized.jpg 1069w, https:\/\/radiorevelacionfm.cl\/wp-content\/uploads\/2022\/04\/lluvias-aysen-1_optimized-300x168.jpg 300w, https:\/\/radiorevelacionfm.cl\/wp-content\/uploads\/2022\/04\/lluvias-aysen-1_optimized-1030x578.jpg 1030w, https:\/\/radiorevelacionfm.cl\/wp-content\/uploads\/2022\/04\/lluvias-aysen-1_optimized-768x431.jpg 768w, https:\/\/radiorevelacionfm.cl\/wp-content\/uploads\/2022\/04\/lluvias-aysen-1_optimized-705x396.jpg 705w, https:\/\/radiorevelacionfm.cl\/wp-content\/uploads\/2022\/04\/lluvias-aysen-1_optimized-600x337.jpg 600w\" sizes=\"(max-width: 1069px) 100vw, 1069px\" \/><\/div><\/div><\/div><\/div><div class=\"flex_column av_one_full  flex_column_div av-zero-column-padding first  avia-builder-el-2  el_after_av_one_full  el_before_av_one_full  column-top-margin\" style='border-radius:0px; '><section class=\"av_textblock_section \"  itemscope=\"itemscope\" itemtype=\"https:\/\/schema.org\/BlogPosting\" itemprop=\"blogPost\" ><div class='avia_textblock  '   itemprop=\"text\" ><p style=\"text-align: center;\"><strong><span style=\"font-size: 18pt;\">Declaran alerta temprana preventiva para la regi\u00f3n de Ays\u00e9n por evento meteorol\u00f3gico<\/span><\/strong><\/p>\n<div id=\"gtx-trans\" style=\"position: absolute; left: -50px; top: 4.31534px;\">\n<div class=\"gtx-trans-icon\"><\/div>\n<\/div>\n<\/div><\/section><\/div><div class=\"flex_column av_one_full  flex_column_div av-zero-column-padding first  avia-builder-el-4  el_after_av_one_full  el_before_av_hr  column-top-margin\" style='border-radius:0px; '><section class=\"av_textblock_section \"  itemscope=\"itemscope\" itemtype=\"https:\/\/schema.org\/BlogPosting\" itemprop=\"blogPost\" ><div class='avia_textblock  '   itemprop=\"text\" ><p style=\"font-weight: 400; text-align: justify;\">De acuerdo con la informaci\u00f3n proporcionada por la Direcci\u00f3n Meteorol\u00f3gica de Chile a trav\u00e9s de su Alerta Meteorol\u00f3gica\u00a0<strong>CNA AA57\/2022<\/strong>, emitido el d\u00eda de hoy lunes 12 de septiembre 2022, el cual indica <strong>Precipitaciones moderadas a fuertes en corto periodo de tiempo en zonas de la Regi\u00f3n de Ays\u00e9n<\/strong>, desde la madrugada del mi\u00e9rcoles 14 hasta la tarde del jueves 15 de septiembre en la zona litoral interior norte y cordillera austral norte debido a condici\u00f3n sin\u00f3ptica sistema frontal fr\u00edo.<\/p>\n<p style=\"font-weight: 400; text-align: justify;\">Los montos estimados de precipitaciones en mil\u00edmetros (mm)<\/p>\n<table style=\"font-weight: 400;\">\n<tbody>\n<tr>\n<td width=\"240\"><strong>Zona<\/strong><\/td>\n<td width=\"240\"><strong>Mi\u00e9rcoles 14<\/strong><\/td>\n<td width=\"240\"><strong>Jueves 15<\/strong><\/td>\n<\/tr>\n<tr>\n<td width=\"240\"><strong>Litoral interior norte<\/strong><\/td>\n<td width=\"240\">80-100<\/td>\n<td width=\"240\">60-70<\/td>\n<\/tr>\n<tr>\n<td width=\"240\"><strong>Cordillera austral norte<\/strong><\/td>\n<td width=\"240\">80-100<\/td>\n<td width=\"240\">60-80<\/td>\n<\/tr>\n<\/tbody>\n<\/table>\n<p style=\"font-weight: 400; text-align: justify;\">Por otra parte el Aviso Meteorol\u00f3gico\u00a0<strong>CNA A356\/2022\u00a0<\/strong>de la Direcci\u00f3n Meteorol\u00f3gica de Chile, emitido el d\u00eda domingo 11 de septiembre de 2022, en el que se indica\u00a0<strong>precipitaciones normales a moderadas<\/strong>, desde la tarde del martes 13 hasta la tarde del jueves 15 de septiembre y que afectar\u00e1 a la Regi\u00f3n de Ays\u00e9n en la zona insular norte, litoral interior norte, cordillera austral norte, patagonia subandina norte y cordillera austral sur debido a condici\u00f3n sin\u00f3ptica frontal estacionario.<\/p>\n<p style=\"font-weight: 400; text-align: justify;\">Finalmente el Aviso Meteorol\u00f3gico\u00a0<strong>CNA A359\/2022\u00a0<\/strong>de la Direcci\u00f3n Meteorol\u00f3gica de Chile, emitido el d\u00eda de hoy lunes 12 de septiembre de 2022, en la que se indica\u00a0<strong>viento normal a moderado en zonas de la Regi\u00f3n de Los Lagos y Ays\u00e9n<\/strong>, desde la madrugada del mi\u00e9rcoles 14 hasta la madrugada del jueves 15 de septiembre y que afectar\u00e1 la zona insular norte,\u00a0debido a condici\u00f3n sin\u00f3ptica sistema frontal fr\u00edo.<\/p>\n<p style=\"font-weight: 400; text-align: justify;\">Sumado al sistema frontal anterior que mantiene algunos sectores con acumulaciones de nieve en zonas de cordillera austral norte, patagonia subandina, cordillera austral sur y patagonia subandina sur. Afectando principalmente a la conectividad terrestre en v\u00edas y rutas de la regi\u00f3n por rodados menores y deshielos, lo cual ha producido dificultades de desplazamiento, principalmente en la Ruta 7 Sur, como as\u00ed mismo se mantiene condici\u00f3n de nieve y hielo en caminos secundarios y terciarios de la Regi\u00f3n.<\/p>\n<p style=\"font-weight: 400; text-align: justify;\">En base a esta informaci\u00f3n t\u00e9cnica, la Direcci\u00f3n Regional de ONEMI Ays\u00e9n\u00a0<strong>DECLARA<\/strong>\u00a0<strong>ALERTA VERDE TEMPRANA PREVENTIVA<\/strong>\u00a0para la Regi\u00f3n de Ays\u00e9n, por\u00a0<strong>Evento Meteorol\u00f3gico\u00a0<\/strong>y se mantendr\u00e1 hasta que las condiciones as\u00ed lo ameriten.<\/p>\n<\/div><\/section><\/div><div  style='height:50px' class='hr hr-invisible   avia-builder-el-6  el_after_av_one_full  el_before_av_social_share '><span class='hr-inner ' ><span class='hr-inner-style'><\/span><\/span><\/div><\/p>\n<div  class='av-social-sharing-box  avia-builder-el-7  el_after_av_hr  el_before_av_hr  '><div class='av-share-box'><h5 class='av-share-link-description av-no-toc '>Compartir esta noticia<\/h5><ul class='av-share-box-list noLightbox'><li class='av-share-link av-social-link-facebook' ><a target=\"_blank\" aria-label=\"Compartir en Facebook\" href='https:\/\/www.facebook.com\/sharer.php?u=https:\/\/radiorevelacionfm.cl\/?p=21711&#038;t=Declaran%20alerta%20temprana%20preventiva%20para%20la%20regi%C3%B3n%20de%20Ays%C3%A9n%20por%20evento%20meteorol%C3%B3gico' aria-hidden='false' data-av_icon='\ue8f3' data-av_iconfont='entypo-fontello' title='' data-avia-related-tooltip='Compartir en Facebook' rel=\"noopener\"><span class='avia_hidden_link_text'>Compartir en Facebook<\/span><\/a><\/li><li class='av-share-link av-social-link-twitter' ><a target=\"_blank\" aria-label=\"Compartir en Twitter\" href='https:\/\/twitter.com\/share?text=Declaran%20alerta%20temprana%20preventiva%20para%20la%20regi%C3%B3n%20de%20Ays%C3%A9n%20por%20evento%20meteorol%C3%B3gico&#038;url=https:\/\/radiorevelacionfm.cl\/?p=21711' aria-hidden='false' data-av_icon='\ue8f1' data-av_iconfont='entypo-fontello' title='' data-avia-related-tooltip='Compartir en Twitter' rel=\"noopener\"><span class='avia_hidden_link_text'>Compartir en Twitter<\/span><\/a><\/li><li class='av-share-link av-social-link-whatsapp' ><a target=\"_blank\" aria-label=\"Compartir en Whatsapp\" href='https:\/\/api.whatsapp.com\/send?text=https:\/\/radiorevelacionfm.cl\/?p=21711' aria-hidden='false' data-av_icon='\uf232' data-av_iconfont='entypo-fontello' title='' data-avia-related-tooltip='Compartir en Whatsapp' rel=\"noopener\"><span class='avia_hidden_link_text'>Compartir en Whatsapp<\/span><\/a><\/li><li class='av-share-link av-social-link-linkedin' ><a target=\"_blank\" aria-label=\"Compartir en LinkedIn\" href='https:\/\/linkedin.com\/shareArticle?mini=true&#038;title=Declaran%20alerta%20temprana%20preventiva%20para%20la%20regi%C3%B3n%20de%20Ays%C3%A9n%20por%20evento%20meteorol%C3%B3gico&#038;url=https:\/\/radiorevelacionfm.cl\/?p=21711' aria-hidden='false' data-av_icon='\ue8fc' data-av_iconfont='entypo-fontello' title='' data-avia-related-tooltip='Compartir en LinkedIn' rel=\"noopener\"><span class='avia_hidden_link_text'>Compartir en LinkedIn<\/span><\/a><\/li><li class='av-share-link av-social-link-mail' ><a  aria-label=\"Compartir por correo\" href='mailto:?subject=Declaran%20alerta%20temprana%20preventiva%20para%20la%20regi%C3%B3n%20de%20Ays%C3%A9n%20por%20evento%20meteorol%C3%B3gico&#038;body=https:\/\/radiorevelacionfm.cl\/?p=21711' aria-hidden='false' data-av_icon='\ue805' data-av_iconfont='entypo-fontello' title='' data-avia-related-tooltip='Compartir por correo'><span class='avia_hidden_link_text'>Compartir por correo<\/span><\/a><\/li><\/ul><\/div><\/div>\n<div  style='height:50px' class='hr hr-invisible   avia-builder-el-8  el_after_av_social_share  el_before_av_comments_list '><span class='hr-inner ' ><span class='hr-inner-style'><\/span><\/span><\/div>\n<div  class='av-buildercomment  av-blog-meta-html-info-disabled av-blog-meta-tag-disabled  '><\/div>\n","protected":false},"excerpt":{"rendered":"","protected":false},"author":1,"featured_media":15378,"comment_status":"open","ping_status":"open","sticky":false,"template":"","format":"standard","meta":{"footnotes":""},"categories":[38],"tags":[],"class_list":["post-21711","post","type-post","status-publish","format-standard","has-post-thumbnail","hentry","category-regional"],"jetpack_featured_media_url":"https:\/\/radiorevelacionfm.cl\/wp-content\/uploads\/2022\/04\/lluvias-aysen-1_optimized.jpg","_links":{"self":[{"href":"https:\/\/radiorevelacionfm.cl\/index.php?rest_route=\/wp\/v2\/posts\/21711","targetHints":{"allow":["GET"]}}],"collection":[{"href":"https:\/\/radiorevelacionfm.cl\/index.php?rest_route=\/wp\/v2\/posts"}],"about":[{"href":"https:\/\/radiorevelacionfm.cl\/index.php?rest_route=\/wp\/v2\/types\/post"}],"author":[{"embeddable":true,"href":"https:\/\/radiorevelacionfm.cl\/index.php?rest_route=\/wp\/v2\/users\/1"}],"replies":[{"embeddable":true,"href":"https:\/\/radiorevelacionfm.cl\/index.php?rest_route=%2Fwp%2Fv2%2Fcomments&post=21711"}],"version-history":[{"count":2,"href":"https:\/\/radiorevelacionfm.cl\/index.php?rest_route=\/wp\/v2\/posts\/21711\/revisions"}],"predecessor-version":[{"id":21713,"href":"https:\/\/radiorevelacionfm.cl\/index.php?rest_route=\/wp\/v2\/posts\/21711\/revisions\/21713"}],"wp:featuredmedia":[{"embeddable":true,"href":"https:\/\/radiorevelacionfm.cl\/index.php?rest_route=\/wp\/v2\/media\/15378"}],"wp:attachment":[{"href":"https:\/\/radiorevelacionfm.cl\/index.php?rest_route=%2Fwp%2Fv2%2Fmedia&parent=21711"}],"wp:term":[{"taxonomy":"category","embeddable":true,"href":"https:\/\/radiorevelacionfm.cl\/index.php?rest_route=%2Fwp%2Fv2%2Fcategories&post=21711"},{"taxonomy":"post_tag","embeddable":true,"href":"https:\/\/radiorevelacionfm.cl\/index.php?rest_route=%2Fwp%2Fv2%2Ftags&post=21711"}],"curies":[{"name":"wp","href":"https:\/\/api.w.org\/{rel}","templated":true}]}}