{"id":21704,"date":"2022-09-12T11:53:53","date_gmt":"2022-09-12T14:53:53","guid":{"rendered":"https:\/\/radiorevelacionfm.cl\/?p=21704"},"modified":"2022-09-12T11:53:53","modified_gmt":"2022-09-12T14:53:53","slug":"comites-y-diputado-calisto-piden-al-gore-concretar-convenio-de-programacion-para-contar-con-mas-recursos-para-proyectos-habitacionales","status":"publish","type":"post","link":"https:\/\/radiorevelacionfm.cl\/?p=21704","title":{"rendered":"Comit\u00e9s y diputado Calisto piden al Gore concretar convenio de programaci\u00f3n para contar con m\u00e1s recursos para proyectos habitacionales"},"content":{"rendered":"<div class=\"flex_column av_one_full  flex_column_div av-zero-column-padding first  avia-builder-el-0  el_before_av_one_full  avia-builder-el-first  \" style='border-radius:0px; '><div  class='avia-image-container  av-styling-    avia-builder-el-1  avia-builder-el-no-sibling  avia-align-center '  itemprop=\"image\" itemscope=\"itemscope\" itemtype=\"https:\/\/schema.org\/ImageObject\"  ><div class='avia-image-container-inner'><div class='avia-image-overlay-wrap'><img decoding=\"async\" class='wp-image-21705 avia-img-lazy-loading-not-21705 avia_image' src=\"https:\/\/radiorevelacionfm.cl\/wp-content\/uploads\/2022\/09\/CALISTO-REUNION-PATAOGONIA-ALEGRE-1-1.jpeg\" alt='' title='CALISTO REUNI\u00d3N PATAOGONIA ALEGRE (1) (1)' height=\"600\" width=\"1048\"  itemprop=\"thumbnailUrl\" srcset=\"https:\/\/radiorevelacionfm.cl\/wp-content\/uploads\/2022\/09\/CALISTO-REUNION-PATAOGONIA-ALEGRE-1-1.jpeg 1048w, https:\/\/radiorevelacionfm.cl\/wp-content\/uploads\/2022\/09\/CALISTO-REUNION-PATAOGONIA-ALEGRE-1-1-300x172.jpeg 300w, https:\/\/radiorevelacionfm.cl\/wp-content\/uploads\/2022\/09\/CALISTO-REUNION-PATAOGONIA-ALEGRE-1-1-1030x590.jpeg 1030w, https:\/\/radiorevelacionfm.cl\/wp-content\/uploads\/2022\/09\/CALISTO-REUNION-PATAOGONIA-ALEGRE-1-1-768x440.jpeg 768w, https:\/\/radiorevelacionfm.cl\/wp-content\/uploads\/2022\/09\/CALISTO-REUNION-PATAOGONIA-ALEGRE-1-1-705x404.jpeg 705w, https:\/\/radiorevelacionfm.cl\/wp-content\/uploads\/2022\/09\/CALISTO-REUNION-PATAOGONIA-ALEGRE-1-1-600x344.jpeg 600w\" sizes=\"(max-width: 1048px) 100vw, 1048px\" \/><\/div><\/div><\/div><\/div><div class=\"flex_column av_one_full  flex_column_div av-zero-column-padding first  avia-builder-el-2  el_after_av_one_full  el_before_av_one_full  column-top-margin\" style='border-radius:0px; '><section class=\"av_textblock_section \"  itemscope=\"itemscope\" itemtype=\"https:\/\/schema.org\/BlogPosting\" itemprop=\"blogPost\" ><div class='avia_textblock  '   itemprop=\"text\" ><p style=\"text-align: center;\"><strong><span style=\"font-size: 18pt;\">Comit\u00e9s y diputado Calisto piden al Gore concretar convenio de programaci\u00f3n para contar con m\u00e1s recursos para proyectos habitacionales<\/span><\/strong><\/p>\n<div id=\"gtx-trans\" style=\"position: absolute; left: -50px; top: 4.31534px;\">\n<div class=\"gtx-trans-icon\"><\/div>\n<\/div>\n<\/div><\/section><\/div><div class=\"flex_column av_one_full  flex_column_div av-zero-column-padding first  avia-builder-el-4  el_after_av_one_full  el_before_av_hr  column-top-margin\" style='border-radius:0px; '><section class=\"av_textblock_section \"  itemscope=\"itemscope\" itemtype=\"https:\/\/schema.org\/BlogPosting\" itemprop=\"blogPost\" ><div class='avia_textblock  '   itemprop=\"text\" ><p style=\"font-weight: 400; text-align: justify;\">Un en\u00e9rgico llamado al Gobierno Regional realiz\u00f3 el diputado Miguel \u00c1ngel Calisto y dirigentes de los comit\u00e9s Patagonia Alegre y Proyecto Joven, solicitando la creaci\u00f3n de un convenio de programaci\u00f3n que permita el traspaso de fondos a Serviu, esto con la intenci\u00f3n de poder complementar con recursos que permitan concretar sus proyectos.<\/p>\n<p style=\"font-weight: 400; text-align: justify;\">Seg\u00fan el diputado Calisto, \u201cestamos solicitando al Gobierno Regional, particularmente a la Gobernadora, que se pueda avanzar en un convenio de programaci\u00f3n en Ays\u00e9n, de tal manera que el GORE pueda poner recursos frescos para el Ministerio de Vivienda, de tal manera de poder aportar como suplemento para poder habilitar terrenos o terminar viviendas\u201d.<\/p>\n<p style=\"font-weight: 400; text-align: justify;\">\u201cHay al menos tres comit\u00e9s que est\u00e1n estancados por la falta de recursos, y por quienes estamos haciendo gestiones, El Encuentro, Proyecto Joven y Patagonia Alegre. Hemos hablado con el Ministro para que se pueda concretar este aumento de recursos desde el propio MINVU, pero no es necesario ir a Santiago, porque desde la propia regi\u00f3n hay recursos para hacer un convenio de programaci\u00f3n\u201d, indic\u00f3.<\/p>\n<p style=\"font-weight: 400; text-align: justify;\">El legislador agreg\u00f3 que \u201chay que garantizar que todos los proyectos habitacionales tengan asegurado un suplemento, esto es para que la casa cuando se entregue tenga aislaci\u00f3n t\u00e9rmica, tenga cerco, con cierre perimetral, como ocurre con el comit\u00e9 Calafate Patag\u00f3n de Puerto Ays\u00e9n, ese debe ser el est\u00e1ndar. Reitero el llamado a la Gobernadora, a los Concejeros Regionales que avancemos en un convenio de programaci\u00f3n para que en el futuro no tengan que seguir postulando a subsidios para hacer mejoras\u201d.<\/p>\n<p style=\"font-weight: 400; text-align: justify;\">Por su parte, Sigifredo S\u00e1nchez, presidente del Comit\u00e9 Patagonia Alegre, quienes actualmente est\u00e1n movilizados en Puerto Chacabuco, se\u00f1al\u00f3 que \u201cning\u00fan comit\u00e9 de esta regi\u00f3n alcanza a financiarse con el subsidio que entrega el Estado, siempre hay que recurrir a recursos extras porque es mucho m\u00e1s caro construir ac\u00e1\u201d.<\/p>\n<p style=\"font-weight: 400; text-align: justify;\">\u201cHab\u00eda un convenio de programaci\u00f3n que le entregaba cerca de 8 mil millones de pesos, el que se termin\u00f3 el a\u00f1o pasado. En estos momentos Serviu no tiene fondos extras para los comit\u00e9s. Nos reunimos con el nuevo director de Serviu, se ve que est\u00e1 comprometido a ayudar, pero no nos da la seguridad que estando el proyecto listo est\u00e9n los fondos extras que necesitamos. Sin esos fondos, nosotros no podemos postular y perder\u00edamos mucho\u201d, se\u00f1al\u00f3 el dirigente.<\/p>\n<p style=\"font-weight: 400; text-align: justify;\">Katherine Zuleta, presidenta del comit\u00e9 Proyecto Joven, quienes tienen proyectadas sus casas en Balmaceda y llevan 10 a\u00f1os esperando la casa propia, indic\u00f3 que \u201cactualmente por falta de recursos no hemos podido tener los subsidios. Nos hemos enterado que llevamos hartos a\u00f1os que no se hacen construcciones de vivienda en Coyhaique y que los recursos se devuelven a Santiago y a otras zonas\u201d.<\/p>\n<p style=\"font-weight: 400; text-align: justify;\">Finalmente, la dirigenta se\u00f1al\u00f3 que \u201cno toman en cuenta lo importante que son las viviendas en esta regi\u00f3n. Hay adultos mayores que han muerto esperando la vivienda propia, hay personas sin trabajo y con esto de la pandemia, los gastos y los arriendos han subido. No es justo que nosotros sigamos esperando por una vivienda\u201d.<\/p>\n<\/div><\/section><\/div><div  style='height:50px' class='hr hr-invisible   avia-builder-el-6  el_after_av_one_full  el_before_av_social_share '><span class='hr-inner ' ><span class='hr-inner-style'><\/span><\/span><\/div><\/p>\n<div  class='av-social-sharing-box  avia-builder-el-7  el_after_av_hr  el_before_av_hr  '><div class='av-share-box'><h5 class='av-share-link-description av-no-toc '>Compartir esta noticia<\/h5><ul class='av-share-box-list noLightbox'><li class='av-share-link av-social-link-facebook' ><a target=\"_blank\" aria-label=\"Compartir en Facebook\" href='https:\/\/www.facebook.com\/sharer.php?u=https:\/\/radiorevelacionfm.cl\/?p=21704&#038;t=Comit%C3%A9s%20y%20diputado%20Calisto%20piden%20al%20Gore%20concretar%20convenio%20de%20programaci%C3%B3n%20para%20contar%20con%20m%C3%A1s%20recursos%20para%20proyectos%20habitacionales' aria-hidden='false' data-av_icon='\ue8f3' data-av_iconfont='entypo-fontello' title='' data-avia-related-tooltip='Compartir en Facebook' rel=\"noopener\"><span class='avia_hidden_link_text'>Compartir en Facebook<\/span><\/a><\/li><li class='av-share-link av-social-link-twitter' ><a target=\"_blank\" aria-label=\"Compartir en Twitter\" href='https:\/\/twitter.com\/share?text=Comit%C3%A9s%20y%20diputado%20Calisto%20piden%20al%20Gore%20concretar%20convenio%20de%20programaci%C3%B3n%20para%20contar%20con%20m%C3%A1s%20recursos%20para%20proyectos%20habitacionales&#038;url=https:\/\/radiorevelacionfm.cl\/?p=21704' aria-hidden='false' data-av_icon='\ue8f1' data-av_iconfont='entypo-fontello' title='' data-avia-related-tooltip='Compartir en Twitter' rel=\"noopener\"><span class='avia_hidden_link_text'>Compartir en Twitter<\/span><\/a><\/li><li class='av-share-link av-social-link-whatsapp' ><a target=\"_blank\" aria-label=\"Compartir en Whatsapp\" href='https:\/\/api.whatsapp.com\/send?text=https:\/\/radiorevelacionfm.cl\/?p=21704' aria-hidden='false' data-av_icon='\uf232' data-av_iconfont='entypo-fontello' title='' data-avia-related-tooltip='Compartir en Whatsapp' rel=\"noopener\"><span class='avia_hidden_link_text'>Compartir en Whatsapp<\/span><\/a><\/li><li class='av-share-link av-social-link-linkedin' ><a target=\"_blank\" aria-label=\"Compartir en LinkedIn\" href='https:\/\/linkedin.com\/shareArticle?mini=true&#038;title=Comit%C3%A9s%20y%20diputado%20Calisto%20piden%20al%20Gore%20concretar%20convenio%20de%20programaci%C3%B3n%20para%20contar%20con%20m%C3%A1s%20recursos%20para%20proyectos%20habitacionales&#038;url=https:\/\/radiorevelacionfm.cl\/?p=21704' aria-hidden='false' data-av_icon='\ue8fc' data-av_iconfont='entypo-fontello' title='' data-avia-related-tooltip='Compartir en LinkedIn' rel=\"noopener\"><span class='avia_hidden_link_text'>Compartir en LinkedIn<\/span><\/a><\/li><li class='av-share-link av-social-link-mail' ><a  aria-label=\"Compartir por correo\" href='mailto:?subject=Comit%C3%A9s%20y%20diputado%20Calisto%20piden%20al%20Gore%20concretar%20convenio%20de%20programaci%C3%B3n%20para%20contar%20con%20m%C3%A1s%20recursos%20para%20proyectos%20habitacionales&#038;body=https:\/\/radiorevelacionfm.cl\/?p=21704' aria-hidden='false' data-av_icon='\ue805' data-av_iconfont='entypo-fontello' title='' data-avia-related-tooltip='Compartir por correo'><span class='avia_hidden_link_text'>Compartir por correo<\/span><\/a><\/li><\/ul><\/div><\/div>\n<div  style='height:50px' class='hr hr-invisible   avia-builder-el-8  el_after_av_social_share  el_before_av_comments_list '><span class='hr-inner ' ><span class='hr-inner-style'><\/span><\/span><\/div>\n<div  class='av-buildercomment  av-blog-meta-html-info-disabled av-blog-meta-tag-disabled  '><\/div>\n","protected":false},"excerpt":{"rendered":"","protected":false},"author":1,"featured_media":21705,"comment_status":"open","ping_status":"open","sticky":false,"template":"","format":"standard","meta":{"footnotes":""},"categories":[35],"tags":[],"class_list":["post-21704","post","type-post","status-publish","format-standard","has-post-thumbnail","hentry","category-politica"],"jetpack_featured_media_url":"https:\/\/radiorevelacionfm.cl\/wp-content\/uploads\/2022\/09\/CALISTO-REUNION-PATAOGONIA-ALEGRE-1-1.jpeg","_links":{"self":[{"href":"https:\/\/radiorevelacionfm.cl\/index.php?rest_route=\/wp\/v2\/posts\/21704","targetHints":{"allow":["GET"]}}],"collection":[{"href":"https:\/\/radiorevelacionfm.cl\/index.php?rest_route=\/wp\/v2\/posts"}],"about":[{"href":"https:\/\/radiorevelacionfm.cl\/index.php?rest_route=\/wp\/v2\/types\/post"}],"author":[{"embeddable":true,"href":"https:\/\/radiorevelacionfm.cl\/index.php?rest_route=\/wp\/v2\/users\/1"}],"replies":[{"embeddable":true,"href":"https:\/\/radiorevelacionfm.cl\/index.php?rest_route=%2Fwp%2Fv2%2Fcomments&post=21704"}],"version-history":[{"count":2,"href":"https:\/\/radiorevelacionfm.cl\/index.php?rest_route=\/wp\/v2\/posts\/21704\/revisions"}],"predecessor-version":[{"id":21707,"href":"https:\/\/radiorevelacionfm.cl\/index.php?rest_route=\/wp\/v2\/posts\/21704\/revisions\/21707"}],"wp:featuredmedia":[{"embeddable":true,"href":"https:\/\/radiorevelacionfm.cl\/index.php?rest_route=\/wp\/v2\/media\/21705"}],"wp:attachment":[{"href":"https:\/\/radiorevelacionfm.cl\/index.php?rest_route=%2Fwp%2Fv2%2Fmedia&parent=21704"}],"wp:term":[{"taxonomy":"category","embeddable":true,"href":"https:\/\/radiorevelacionfm.cl\/index.php?rest_route=%2Fwp%2Fv2%2Fcategories&post=21704"},{"taxonomy":"post_tag","embeddable":true,"href":"https:\/\/radiorevelacionfm.cl\/index.php?rest_route=%2Fwp%2Fv2%2Ftags&post=21704"}],"curies":[{"name":"wp","href":"https:\/\/api.w.org\/{rel}","templated":true}]}}