{"id":21700,"date":"2022-09-12T11:44:12","date_gmt":"2022-09-12T14:44:12","guid":{"rendered":"https:\/\/radiorevelacionfm.cl\/?p=21700"},"modified":"2022-09-12T11:44:12","modified_gmt":"2022-09-12T14:44:12","slug":"en-caleta-tortel-se-realizo-primer-taller-de-planificacion-territorial-de-bienes-nacionales","status":"publish","type":"post","link":"https:\/\/radiorevelacionfm.cl\/?p=21700","title":{"rendered":"En Caleta Tortel se realiz\u00f3 primer taller de planificaci\u00f3n territorial de Bienes Nacionales"},"content":{"rendered":"<div class=\"flex_column av_one_full  flex_column_div av-zero-column-padding first  avia-builder-el-0  el_before_av_one_full  avia-builder-el-first  \" style='border-radius:0px; '><div  class='avia-image-container  av-styling-    avia-builder-el-1  avia-builder-el-no-sibling  avia-align-center '  itemprop=\"image\" itemscope=\"itemscope\" itemtype=\"https:\/\/schema.org\/ImageObject\"  ><div class='avia-image-container-inner'><div class='avia-image-overlay-wrap'><img decoding=\"async\" class='wp-image-21701 avia-img-lazy-loading-not-21701 avia_image' src=\"https:\/\/radiorevelacionfm.cl\/wp-content\/uploads\/2022\/09\/5-46-1_optimized.jpg\" alt='' title='5-(46)-(1)_optimized' height=\"600\" width=\"800\"  itemprop=\"thumbnailUrl\" srcset=\"https:\/\/radiorevelacionfm.cl\/wp-content\/uploads\/2022\/09\/5-46-1_optimized.jpg 800w, https:\/\/radiorevelacionfm.cl\/wp-content\/uploads\/2022\/09\/5-46-1_optimized-300x225.jpg 300w, https:\/\/radiorevelacionfm.cl\/wp-content\/uploads\/2022\/09\/5-46-1_optimized-768x576.jpg 768w, https:\/\/radiorevelacionfm.cl\/wp-content\/uploads\/2022\/09\/5-46-1_optimized-705x529.jpg 705w, https:\/\/radiorevelacionfm.cl\/wp-content\/uploads\/2022\/09\/5-46-1_optimized-600x450.jpg 600w\" sizes=\"(max-width: 800px) 100vw, 800px\" \/><\/div><\/div><\/div><\/div><div class=\"flex_column av_one_full  flex_column_div av-zero-column-padding first  avia-builder-el-2  el_after_av_one_full  el_before_av_one_full  column-top-margin\" style='border-radius:0px; '><section class=\"av_textblock_section \"  itemscope=\"itemscope\" itemtype=\"https:\/\/schema.org\/BlogPosting\" itemprop=\"blogPost\" ><div class='avia_textblock  '   itemprop=\"text\" ><p style=\"text-align: center;\"><strong><span style=\"font-size: 18pt;\">En Caleta Tortel se realiz\u00f3 primer taller de planificaci\u00f3n territorial de Bienes Nacionales<\/span><\/strong><\/p>\n<div id=\"gtx-trans\" style=\"position: absolute; left: -50px; top: 4.31534px;\">\n<div class=\"gtx-trans-icon\"><\/div>\n<\/div>\n<\/div><\/section><\/div><div class=\"flex_column av_one_full  flex_column_div av-zero-column-padding first  avia-builder-el-4  el_after_av_one_full  el_before_av_hr  column-top-margin\" style='border-radius:0px; '><section class=\"av_textblock_section \"  itemscope=\"itemscope\" itemtype=\"https:\/\/schema.org\/BlogPosting\" itemprop=\"blogPost\" ><div class='avia_textblock  '   itemprop=\"text\" ><p style=\"text-align: justify;\">\u201cComo administraci\u00f3n, estamos iniciando un nuevo trato con las comunidades, que cada vez exigen establecer m\u00e1s y mejores condiciones de transparencia, equidad y justicia social\u201d.<\/p>\n<p style=\"text-align: justify;\">Con esas palabras la Seremi de Bienes Nacionales Irina Morend Valdebenito present\u00f3 el 1er. Taller de Planificaci\u00f3n Territorial realizado en Tortel, actividad organizada en conjunto con el Municipio, la Delegaci\u00f3n Presidencial de Capit\u00e1n Prat y el Comit\u00e9 de Tierras y cont\u00f3 con el apoyo de la Fundaci\u00f3n Superaci\u00f3n Pobreza.<\/p>\n<p style=\"text-align: justify;\">La actividad forma parte de los acuerdos establecidos a principios de julio, cuando la Seremi de Bienes Nacionales visit\u00f3 la localidad y sostuvo un di\u00e1logo abierto, oportunidad en la que los vecinos le plantearon a la autoridad una serie de urgencias, entre ellas, fortalecer las instancias de participaci\u00f3n ciudadana.<\/p>\n<p style=\"text-align: justify;\">Es en respuesta a este requerimiento que se organiz\u00f3 el Taller de Planificaci\u00f3n Participativa, el que tuvo por objetivo conocer, desde los habitantes, las principales necesidades en infraestructura y servicios en Caleta Tortel y c\u00f3mo disponerlos en el territorio. En cuanto a su metodolog\u00eda, se dividieron los participantes en grupos integrados por personas de los distintos sectores de la localidad (Playa Ancha, Centro, Rinc\u00f3n Alto y Rinc\u00f3n Bajo). La primera etapa, consisti\u00f3 en responder dos preguntas en las que los vecinos priorizaron, de una serie de proyectos, los que consideran de mayor necesidad. Luego estas priorizaciones \u2013a trav\u00e9s de la metodolog\u00eda de cartograf\u00eda participativa- las dispusieron en un plano de la localidad, para finalizar con una presentaci\u00f3n de las conclusiones obtenidas en el trabajo grupal.<\/p>\n<p style=\"text-align: justify;\">Respecto de este nuevo trato con la comunidad de Tortel la Seremi Irina Morend Valdebenito, explic\u00f3 los fundamentos institucionales detr\u00e1s del trabajo participativo. \u201cComo administraci\u00f3n, estamos iniciando un nuevo trato con las comunidades, que cada vez exigen establecer condiciones de transparencia, equidad y justicia social, esto implica, dar a conocer nuestros procesos internos, sus plazos y normativas, tener una comunicaci\u00f3n fluida con informaci\u00f3n clara, tanto desde las localidades hacia las instituciones y viceversa, esto nos permitir\u00e1 conocer a nuestros usuarios y las diversas realidades, para as\u00ed conducir de forma m\u00e1s justa la toma de decisiones\u201d.<\/p>\n<p style=\"text-align: justify;\">La autoridad agreg\u00f3 que \u201ces por ello, que a trav\u00e9s de herramientas concretas de participaci\u00f3n queremos formalizar nuestra relaci\u00f3n con los representantes del territorio, hacerlos parte de nuestra gesti\u00f3n e informar con debida anticipaci\u00f3n nuestras acciones que involucren un impacto en las comunidades. Por lo que el llamado hacia los territorios es a ser parte de esta nueva instancia\u201d.<\/p>\n<p style=\"text-align: justify;\">En cuanto a los resultados obtenidos en este primer taller Morend Valdebenito, puntualiz\u00f3 las principales necesidades expuestas por la comunidad. \u201cFue una jornada muy interesante en la que en su primera etapa nos permiti\u00f3 generar un di\u00e1logo en torno a las prioridades comunales, donde salieron temas muy interesantes como: las necesidades habitacionales, la necesidad en infraestructura p\u00fablica y social, enfocada a la salud, educaci\u00f3n y conectividad; en el \u00e1mbito productivo, el turismo y la extracci\u00f3n de madera, siguen siendo para la comunidad las actividades m\u00e1s importantes. En una segunda etapa del ejercicio, les solicitamos que ellos distribuyan las prioridades en el plano de Tortel, esto nos da directrices de c\u00f3mo podemos, desde la institucionalidad, enfocar el desarrollo de la comuna, con una perspectiva territorial, asimismo, como Seremi nos brinda informaci\u00f3n relevante para planificar y ordenar la administraci\u00f3n de la tierra fiscal\u201d.<\/p>\n<p style=\"text-align: justify;\">En esa l\u00ednea, el alcalde de Tortel Abel Becerra Vidal, valor\u00f3 la buena disposici\u00f3n de los participantes. \u201cComo comunidad estamos muy contentos que se haya hecho este ejercicio, cumpliendo as\u00ed con un compromiso adquirido previamente. Lo que queremos conseguir es que Tortel pueda desarrollarse, en ese sentido, los requerimientos principales son la soluci\u00f3n habitacional y los emprendimientos, especialmente en turismo. Estos peque\u00f1os pasos de juntarnos en comunidad, en la que los pobladores primaron y se miraron a la cara para abordar materias de inter\u00e9s com\u00fan, por sobre el inter\u00e9s personal, es lo que m\u00e1s destaco\u201d.<\/p>\n<p style=\"text-align: justify;\">Desde la comunidad Maritza Reyes, secretaria del Comit\u00e9 de Agua Potable Rural, puntualiz\u00f3 cu\u00e1les son las principales necesidades. \u201cEs importante que se desarrollen estas actividades y espero ver lo planteado materializado en Tortel, cuyas necesidades m\u00e1s urgentes son la regularizaci\u00f3n de los terrenos y su ordenamiento, para ocupar de buena forma los espacios que van quedando\u201d.<\/p>\n<p style=\"text-align: justify;\">El presidente del Comit\u00e9 de Tierras de Caleta Tortel Jos\u00e9 Guzm\u00e1n G\u00f3mez, destac\u00f3 la gran participaci\u00f3n de la comunidad. \u201cAgradecidos del espacio, de la comunidad y su participaci\u00f3n, de poder establecer una comunicaci\u00f3n sana entre Bienes Nacionales y su gente. El que se est\u00e9n llevando los planteamientos de la comuna y se trabaje en el desarrollo futuro, es una instancia muy significativa para todos nosotros\u201d.<\/p>\n<p style=\"text-align: justify;\">De esta manera, la oficina de tierras de la regi\u00f3n de Ays\u00e9n busca generar un nuevo trato con los territorios, aplicando diversas metodolog\u00edas de participaci\u00f3n, entre ellas, Di\u00e1logos Participativos, Consultas Ciudadanas y Cartograf\u00eda Participativa.<\/p>\n<\/div><\/section><\/div><div  style='height:50px' class='hr hr-invisible   avia-builder-el-6  el_after_av_one_full  el_before_av_social_share '><span class='hr-inner ' ><span class='hr-inner-style'><\/span><\/span><\/div><\/p>\n<div  class='av-social-sharing-box  avia-builder-el-7  el_after_av_hr  el_before_av_hr  '><div class='av-share-box'><h5 class='av-share-link-description av-no-toc '>Compartir esta noticia<\/h5><ul class='av-share-box-list noLightbox'><li class='av-share-link av-social-link-facebook' ><a target=\"_blank\" aria-label=\"Compartir en Facebook\" href='https:\/\/www.facebook.com\/sharer.php?u=https:\/\/radiorevelacionfm.cl\/?p=21700&#038;t=En%20Caleta%20Tortel%20se%20realiz%C3%B3%20primer%20taller%20de%20planificaci%C3%B3n%20territorial%20de%20Bienes%20Nacionales' aria-hidden='false' data-av_icon='\ue8f3' data-av_iconfont='entypo-fontello' title='' data-avia-related-tooltip='Compartir en Facebook' rel=\"noopener\"><span class='avia_hidden_link_text'>Compartir en Facebook<\/span><\/a><\/li><li class='av-share-link av-social-link-twitter' ><a target=\"_blank\" aria-label=\"Compartir en Twitter\" href='https:\/\/twitter.com\/share?text=En%20Caleta%20Tortel%20se%20realiz%C3%B3%20primer%20taller%20de%20planificaci%C3%B3n%20territorial%20de%20Bienes%20Nacionales&#038;url=https:\/\/radiorevelacionfm.cl\/?p=21700' aria-hidden='false' data-av_icon='\ue8f1' data-av_iconfont='entypo-fontello' title='' data-avia-related-tooltip='Compartir en Twitter' rel=\"noopener\"><span class='avia_hidden_link_text'>Compartir en Twitter<\/span><\/a><\/li><li class='av-share-link av-social-link-whatsapp' ><a target=\"_blank\" aria-label=\"Compartir en Whatsapp\" href='https:\/\/api.whatsapp.com\/send?text=https:\/\/radiorevelacionfm.cl\/?p=21700' aria-hidden='false' data-av_icon='\uf232' data-av_iconfont='entypo-fontello' title='' data-avia-related-tooltip='Compartir en Whatsapp' rel=\"noopener\"><span class='avia_hidden_link_text'>Compartir en Whatsapp<\/span><\/a><\/li><li class='av-share-link av-social-link-linkedin' ><a target=\"_blank\" aria-label=\"Compartir en LinkedIn\" href='https:\/\/linkedin.com\/shareArticle?mini=true&#038;title=En%20Caleta%20Tortel%20se%20realiz%C3%B3%20primer%20taller%20de%20planificaci%C3%B3n%20territorial%20de%20Bienes%20Nacionales&#038;url=https:\/\/radiorevelacionfm.cl\/?p=21700' aria-hidden='false' data-av_icon='\ue8fc' data-av_iconfont='entypo-fontello' title='' data-avia-related-tooltip='Compartir en LinkedIn' rel=\"noopener\"><span class='avia_hidden_link_text'>Compartir en LinkedIn<\/span><\/a><\/li><li class='av-share-link av-social-link-mail' ><a  aria-label=\"Compartir por correo\" href='mailto:?subject=En%20Caleta%20Tortel%20se%20realiz%C3%B3%20primer%20taller%20de%20planificaci%C3%B3n%20territorial%20de%20Bienes%20Nacionales&#038;body=https:\/\/radiorevelacionfm.cl\/?p=21700' aria-hidden='false' data-av_icon='\ue805' data-av_iconfont='entypo-fontello' title='' data-avia-related-tooltip='Compartir por correo'><span class='avia_hidden_link_text'>Compartir por correo<\/span><\/a><\/li><\/ul><\/div><\/div>\n<div  style='height:50px' class='hr hr-invisible   avia-builder-el-8  el_after_av_social_share  el_before_av_comments_list '><span class='hr-inner ' ><span class='hr-inner-style'><\/span><\/span><\/div>\n<div  class='av-buildercomment  av-blog-meta-html-info-disabled av-blog-meta-tag-disabled  '><\/div>\n","protected":false},"excerpt":{"rendered":"","protected":false},"author":1,"featured_media":21701,"comment_status":"open","ping_status":"open","sticky":false,"template":"","format":"standard","meta":{"footnotes":""},"categories":[38],"tags":[],"class_list":["post-21700","post","type-post","status-publish","format-standard","has-post-thumbnail","hentry","category-regional"],"jetpack_featured_media_url":"https:\/\/radiorevelacionfm.cl\/wp-content\/uploads\/2022\/09\/5-46-1_optimized.jpg","_links":{"self":[{"href":"https:\/\/radiorevelacionfm.cl\/index.php?rest_route=\/wp\/v2\/posts\/21700","targetHints":{"allow":["GET"]}}],"collection":[{"href":"https:\/\/radiorevelacionfm.cl\/index.php?rest_route=\/wp\/v2\/posts"}],"about":[{"href":"https:\/\/radiorevelacionfm.cl\/index.php?rest_route=\/wp\/v2\/types\/post"}],"author":[{"embeddable":true,"href":"https:\/\/radiorevelacionfm.cl\/index.php?rest_route=\/wp\/v2\/users\/1"}],"replies":[{"embeddable":true,"href":"https:\/\/radiorevelacionfm.cl\/index.php?rest_route=%2Fwp%2Fv2%2Fcomments&post=21700"}],"version-history":[{"count":2,"href":"https:\/\/radiorevelacionfm.cl\/index.php?rest_route=\/wp\/v2\/posts\/21700\/revisions"}],"predecessor-version":[{"id":21703,"href":"https:\/\/radiorevelacionfm.cl\/index.php?rest_route=\/wp\/v2\/posts\/21700\/revisions\/21703"}],"wp:featuredmedia":[{"embeddable":true,"href":"https:\/\/radiorevelacionfm.cl\/index.php?rest_route=\/wp\/v2\/media\/21701"}],"wp:attachment":[{"href":"https:\/\/radiorevelacionfm.cl\/index.php?rest_route=%2Fwp%2Fv2%2Fmedia&parent=21700"}],"wp:term":[{"taxonomy":"category","embeddable":true,"href":"https:\/\/radiorevelacionfm.cl\/index.php?rest_route=%2Fwp%2Fv2%2Fcategories&post=21700"},{"taxonomy":"post_tag","embeddable":true,"href":"https:\/\/radiorevelacionfm.cl\/index.php?rest_route=%2Fwp%2Fv2%2Ftags&post=21700"}],"curies":[{"name":"wp","href":"https:\/\/api.w.org\/{rel}","templated":true}]}}