{"id":2170,"date":"2021-01-28T12:19:09","date_gmt":"2021-01-28T15:19:09","guid":{"rendered":"https:\/\/radiorevelacionfm.cl\/?p=2170"},"modified":"2021-01-28T12:19:09","modified_gmt":"2021-01-28T15:19:09","slug":"emprendedores-de-la-region-de-aysen-ya-son-parte-de-la-primera-expo-fosis-digital-del-2021","status":"publish","type":"post","link":"https:\/\/radiorevelacionfm.cl\/?p=2170","title":{"rendered":"Emprendedores de la Regi\u00f3n de Ays\u00e9n ya son parte de la Primera Expo Fosis Digital del 2021"},"content":{"rendered":"<div class=\"flex_column av_one_full  flex_column_div av-zero-column-padding first  avia-builder-el-0  el_before_av_one_full  avia-builder-el-first  \" style='border-radius:0px; '><div  class='avia-image-container  av-styling-    avia-builder-el-1  avia-builder-el-no-sibling  avia-align-center '  itemprop=\"image\" itemscope=\"itemscope\" itemtype=\"https:\/\/schema.org\/ImageObject\"  ><div class='avia-image-container-inner'><div class='avia-image-overlay-wrap'><img decoding=\"async\" class='wp-image-0 avia-img-lazy-loading-not-0 avia_image' src=\"https:\/\/radiorevelacionfm.cl\/wp-content\/uploads\/2021\/01\/EXPOFOSIS1-1.jpg\" alt='' title=''   itemprop=\"thumbnailUrl\"  \/><\/div><\/div><\/div><\/div><div class=\"flex_column av_one_full  flex_column_div av-zero-column-padding first  avia-builder-el-2  el_after_av_one_full  el_before_av_one_full  column-top-margin\" style='border-radius:0px; '><section class=\"av_textblock_section \"  itemscope=\"itemscope\" itemtype=\"https:\/\/schema.org\/BlogPosting\" itemprop=\"blogPost\" ><div class='avia_textblock  '   itemprop=\"text\" ><p style=\"text-align: center;\"><strong><span style=\"font-size: 18pt;\">Emprendedores de la Regi\u00f3n de Ays\u00e9n ya son parte de la Primera Expo Fosis Digital del 2021<\/span><\/strong><\/p>\n<div id=\"gtx-trans\" style=\"position: absolute; left: -50px; top: 4.31534px;\">\n<div class=\"gtx-trans-icon\"><\/div>\n<\/div>\n<\/div><\/section><\/div><div class=\"flex_column av_one_full  flex_column_div av-zero-column-padding first  avia-builder-el-4  el_after_av_one_full  el_before_av_hr  column-top-margin\" style='border-radius:0px; '><section class=\"av_textblock_section \"  itemscope=\"itemscope\" itemtype=\"https:\/\/schema.org\/BlogPosting\" itemprop=\"blogPost\" ><div class='avia_textblock  '   itemprop=\"text\" ><p style=\"text-align: justify;\"><em>Desde este jueves 28 de enero y hasta el 14 de febrero alrededor de 45 emprendedores locales presentan sus productos a trav\u00e9s de la plataforma del Fondo de Solidaridad e Inversi\u00f3n Social, que les permite visibilizar sus trabajos en l\u00ednea y aumentar as\u00ed sus ventas a trav\u00e9s de una instancia que ha generado muy buenos resultados en versiones anteriores.<\/em><\/p>\n<p style=\"text-align: justify;\">\u201cExpo Fosis ofrece una vitrina virtual que permite generar una plataforma de difusi\u00f3n y comercializaci\u00f3n para los usuarios de los diversos programas de emprendimiento que encabeza nuestro servicio y que, de esta manera, les posibilita coincidir con las fechas que ten\u00eda prevista la Expo Patagonia, sum\u00e1ndose de una forma remota y segura debido a la contingencia sanitaria\u201d, explic\u00f3 la Directora Regional del Fondo de Solidaridad e Inversi\u00f3n Social (Fosis), Dominique Br\u00e4utigam.<\/p>\n<p style=\"text-align: justify;\">Esta es la primera de las tres Expo Fosis que se realizar\u00e1n durante el primer semestre de este a\u00f1o, gracias al apoyo del Consejo Regional de Ays\u00e9n que financi\u00f3 el Programa de Ferias de Fosis por 234 millones de pesos para siete instancias, siendo \u00e9sta la tercera desde la aprobaci\u00f3n de los recursos.<\/p>\n<p style=\"text-align: justify;\">\u201cUno de los requerimientos de los microempresarios es tener espacios para comercializar sus productos y, haciendo caso a este llamado, desde Fosis hemos tomado la necesidad y gracias al apoyo del Core hemos logrado afianzar estas plataformas que han registrados buenos resultados para los emprendedores locales, que no s\u00f3lo se ven circunscritos al p\u00fablico local, sino que pueden vender a todo el pa\u00eds y contamos con experiencias de \u00e9xito en ese sentido\u201d, agreg\u00f3 Dominique Br\u00e4utigam.<\/p>\n<p style=\"text-align: justify;\">\u201cLlevo varios a\u00f1os trabajando con Fosis, desde mi emprendimiento de productos personalizados para mascotas. He ido creciendo e incorpor\u00e9 grabados l\u00e1ser y he estado en varias ferias como Expo Fosis Navidad, Expo Patagonia y hoy en d\u00eda voy por mi tercera feria virtual la que nos ha ayudado bastante como emprendimiento, porque nos hemos hecho conocidos a nivel regional y puedo atreverme a decir que a nivel pa\u00eds tambi\u00e9n, ya que trabajo en env\u00edos para fuera de la regi\u00f3n\u201d, coment\u00f3 Damary Sep\u00falveda de Puerto Ingeniero Ib\u00e1\u00f1ez.<\/p>\n<p style=\"text-align: justify;\">Gustavo Villarroel, Presidente de la Comisi\u00f3n de Desarrollo Social, Cultural y Deportivo del Consejo Regional de Ays\u00e9n, asegur\u00f3 que \u201ceste programa va en beneficio directo de muchos jefes de hogar que han iniciado un emprendimiento como una herramienta de apoyo a su desarrollo familiar, lo que constituye un incentivo para que puedan seguir avanzando en sus emprendimientos y negocios. En tiempos de pandemia estos son programas que van en ayuda de quienes han iniciado una actividad de manera independiente y que de esta forma pueden percibir mejores ingresos para su desarrollo personal y familiar\u201d.<\/p>\n<p style=\"text-align: justify;\">Para conocer a los emprendedores locales y acceder a sus productos debes ingresar a: <a href=\"https:\/\/www.fosis.gob.cl\/es\/expo-fosis\/expo-aysen\/\">https:\/\/www.fosis.gob.cl\/es\/expo-fosis\/expo-aysen\/<\/a><\/p>\n<\/div><\/section><\/div><div  style='height:50px' class='hr hr-invisible   avia-builder-el-6  el_after_av_one_full  el_before_av_social_share '><span class='hr-inner ' ><span class='hr-inner-style'><\/span><\/span><\/div><\/p>\n<div  class='av-social-sharing-box  avia-builder-el-7  el_after_av_hr  el_before_av_hr  '><div class='av-share-box'><h5 class='av-share-link-description av-no-toc '>Compartir esta noticia<\/h5><ul class='av-share-box-list noLightbox'><li class='av-share-link av-social-link-facebook' ><a target=\"_blank\" aria-label=\"Compartir en Facebook\" href='https:\/\/www.facebook.com\/sharer.php?u=https:\/\/radiorevelacionfm.cl\/?p=2170&#038;t=Emprendedores%20de%20la%20Regi%C3%B3n%20de%20Ays%C3%A9n%20ya%20son%20parte%20de%20la%20Primera%20Expo%20Fosis%20Digital%20del%202021' aria-hidden='false' data-av_icon='\ue8f3' data-av_iconfont='entypo-fontello' title='' data-avia-related-tooltip='Compartir en Facebook' rel=\"noopener\"><span class='avia_hidden_link_text'>Compartir en Facebook<\/span><\/a><\/li><li class='av-share-link av-social-link-twitter' ><a target=\"_blank\" aria-label=\"Compartir en Twitter\" href='https:\/\/twitter.com\/share?text=Emprendedores%20de%20la%20Regi%C3%B3n%20de%20Ays%C3%A9n%20ya%20son%20parte%20de%20la%20Primera%20Expo%20Fosis%20Digital%20del%202021&#038;url=https:\/\/radiorevelacionfm.cl\/?p=2170' aria-hidden='false' data-av_icon='\ue8f1' data-av_iconfont='entypo-fontello' title='' data-avia-related-tooltip='Compartir en Twitter' rel=\"noopener\"><span class='avia_hidden_link_text'>Compartir en Twitter<\/span><\/a><\/li><li class='av-share-link av-social-link-whatsapp' ><a target=\"_blank\" aria-label=\"Compartir en Whatsapp\" href='https:\/\/api.whatsapp.com\/send?text=https:\/\/radiorevelacionfm.cl\/?p=2170' aria-hidden='false' data-av_icon='\uf232' data-av_iconfont='entypo-fontello' title='' data-avia-related-tooltip='Compartir en Whatsapp' rel=\"noopener\"><span class='avia_hidden_link_text'>Compartir en Whatsapp<\/span><\/a><\/li><li class='av-share-link av-social-link-linkedin' ><a target=\"_blank\" aria-label=\"Compartir en LinkedIn\" href='https:\/\/linkedin.com\/shareArticle?mini=true&#038;title=Emprendedores%20de%20la%20Regi%C3%B3n%20de%20Ays%C3%A9n%20ya%20son%20parte%20de%20la%20Primera%20Expo%20Fosis%20Digital%20del%202021&#038;url=https:\/\/radiorevelacionfm.cl\/?p=2170' aria-hidden='false' data-av_icon='\ue8fc' data-av_iconfont='entypo-fontello' title='' data-avia-related-tooltip='Compartir en LinkedIn' rel=\"noopener\"><span class='avia_hidden_link_text'>Compartir en LinkedIn<\/span><\/a><\/li><li class='av-share-link av-social-link-mail' ><a  aria-label=\"Compartir por correo\" href='mailto:?subject=Emprendedores%20de%20la%20Regi%C3%B3n%20de%20Ays%C3%A9n%20ya%20son%20parte%20de%20la%20Primera%20Expo%20Fosis%20Digital%20del%202021&#038;body=https:\/\/radiorevelacionfm.cl\/?p=2170' aria-hidden='false' data-av_icon='\ue805' data-av_iconfont='entypo-fontello' title='' data-avia-related-tooltip='Compartir por correo'><span class='avia_hidden_link_text'>Compartir por correo<\/span><\/a><\/li><\/ul><\/div><\/div>\n<div  style='height:50px' class='hr hr-invisible   avia-builder-el-8  el_after_av_social_share  el_before_av_comments_list '><span class='hr-inner ' ><span class='hr-inner-style'><\/span><\/span><\/div>\n<div  class='av-buildercomment  av-blog-meta-html-info-disabled av-blog-meta-tag-disabled  '><\/div>\n","protected":false},"excerpt":{"rendered":"","protected":false},"author":1,"featured_media":0,"comment_status":"open","ping_status":"open","sticky":false,"template":"","format":"standard","meta":{"footnotes":""},"categories":[38],"tags":[],"class_list":["post-2170","post","type-post","status-publish","format-standard","hentry","category-regional"],"jetpack_featured_media_url":"","_links":{"self":[{"href":"https:\/\/radiorevelacionfm.cl\/index.php?rest_route=\/wp\/v2\/posts\/2170","targetHints":{"allow":["GET"]}}],"collection":[{"href":"https:\/\/radiorevelacionfm.cl\/index.php?rest_route=\/wp\/v2\/posts"}],"about":[{"href":"https:\/\/radiorevelacionfm.cl\/index.php?rest_route=\/wp\/v2\/types\/post"}],"author":[{"embeddable":true,"href":"https:\/\/radiorevelacionfm.cl\/index.php?rest_route=\/wp\/v2\/users\/1"}],"replies":[{"embeddable":true,"href":"https:\/\/radiorevelacionfm.cl\/index.php?rest_route=%2Fwp%2Fv2%2Fcomments&post=2170"}],"version-history":[{"count":1,"href":"https:\/\/radiorevelacionfm.cl\/index.php?rest_route=\/wp\/v2\/posts\/2170\/revisions"}],"predecessor-version":[{"id":2172,"href":"https:\/\/radiorevelacionfm.cl\/index.php?rest_route=\/wp\/v2\/posts\/2170\/revisions\/2172"}],"wp:attachment":[{"href":"https:\/\/radiorevelacionfm.cl\/index.php?rest_route=%2Fwp%2Fv2%2Fmedia&parent=2170"}],"wp:term":[{"taxonomy":"category","embeddable":true,"href":"https:\/\/radiorevelacionfm.cl\/index.php?rest_route=%2Fwp%2Fv2%2Fcategories&post=2170"},{"taxonomy":"post_tag","embeddable":true,"href":"https:\/\/radiorevelacionfm.cl\/index.php?rest_route=%2Fwp%2Fv2%2Ftags&post=2170"}],"curies":[{"name":"wp","href":"https:\/\/api.w.org\/{rel}","templated":true}]}}