{"id":21696,"date":"2022-09-12T10:30:48","date_gmt":"2022-09-12T13:30:48","guid":{"rendered":"https:\/\/radiorevelacionfm.cl\/?p=21696"},"modified":"2022-09-12T10:30:48","modified_gmt":"2022-09-12T13:30:48","slug":"presidente-de-la-aremu-el-plebiscito-ya-paso-necesitamos-un-gobierno-concentrado-en-las-necesidades-regionales","status":"publish","type":"post","link":"https:\/\/radiorevelacionfm.cl\/?p=21696","title":{"rendered":"Presidente de la AREMU: \u201cEl plebiscito ya pas\u00f3, necesitamos un Gobierno concentrado en las necesidades regionales\u201d"},"content":{"rendered":"<div class=\"flex_column av_one_full  flex_column_div av-zero-column-padding first  avia-builder-el-0  el_before_av_one_full  avia-builder-el-first  \" style='border-radius:0px; '><div  class='avia-image-container  av-styling-    avia-builder-el-1  avia-builder-el-no-sibling  avia-align-center '  itemprop=\"image\" itemscope=\"itemscope\" itemtype=\"https:\/\/schema.org\/ImageObject\"  ><div class='avia-image-container-inner'><div class='avia-image-overlay-wrap'><img decoding=\"async\" class='wp-image-21697 avia-img-lazy-loading-not-21697 avia_image' src=\"https:\/\/radiorevelacionfm.cl\/wp-content\/uploads\/2022\/09\/reunion-aremu-1-1.jpg\" alt='' title='reuni\u00f3n aremu (1) (1)' height=\"600\" width=\"849\"  itemprop=\"thumbnailUrl\" srcset=\"https:\/\/radiorevelacionfm.cl\/wp-content\/uploads\/2022\/09\/reunion-aremu-1-1.jpg 849w, https:\/\/radiorevelacionfm.cl\/wp-content\/uploads\/2022\/09\/reunion-aremu-1-1-300x212.jpg 300w, https:\/\/radiorevelacionfm.cl\/wp-content\/uploads\/2022\/09\/reunion-aremu-1-1-768x543.jpg 768w, https:\/\/radiorevelacionfm.cl\/wp-content\/uploads\/2022\/09\/reunion-aremu-1-1-260x185.jpg 260w, https:\/\/radiorevelacionfm.cl\/wp-content\/uploads\/2022\/09\/reunion-aremu-1-1-705x498.jpg 705w, https:\/\/radiorevelacionfm.cl\/wp-content\/uploads\/2022\/09\/reunion-aremu-1-1-600x424.jpg 600w\" sizes=\"(max-width: 849px) 100vw, 849px\" \/><\/div><\/div><\/div><\/div><div class=\"flex_column av_one_full  flex_column_div av-zero-column-padding first  avia-builder-el-2  el_after_av_one_full  el_before_av_one_full  column-top-margin\" style='border-radius:0px; '><section class=\"av_textblock_section \"  itemscope=\"itemscope\" itemtype=\"https:\/\/schema.org\/BlogPosting\" itemprop=\"blogPost\" ><div class='avia_textblock  '   itemprop=\"text\" ><p style=\"text-align: center;\"><strong><span style=\"font-size: 18pt;\">Presidente de la AREMU: \u201cEl plebiscito ya pas\u00f3, necesitamos un Gobierno concentrado en las necesidades regionales\u201d<\/span><\/strong><\/p>\n<div id=\"gtx-trans\" style=\"position: absolute; left: -50px; top: 4.31534px;\">\n<div class=\"gtx-trans-icon\"><\/div>\n<\/div>\n<\/div><\/section><\/div><div class=\"flex_column av_one_full  flex_column_div av-zero-column-padding first  avia-builder-el-4  el_after_av_one_full  el_before_av_hr  column-top-margin\" style='border-radius:0px; '><section class=\"av_textblock_section \"  itemscope=\"itemscope\" itemtype=\"https:\/\/schema.org\/BlogPosting\" itemprop=\"blogPost\" ><div class='avia_textblock  '   itemprop=\"text\" ><p style=\"font-weight: 400; text-align: justify;\">Alcaldes de la Asociaci\u00f3n Regional de Municipalidades de la Regi\u00f3n de Ays\u00e9n (AREMU) se re\u00fanen para fijar hoja de ruta tras resultados del plebiscito de salida, con el objetivo de entender las necesidades de la ciudadan\u00eda, y de esta forma, proyectar el desarrollo regional solicitando al Gobierno una futura mesa de trabajo.<\/p>\n<p style=\"font-weight: 400; text-align: justify;\">El pasado jueves 8 de septiembre, los alcaldes: Marcelo Santana de R\u00edo Ib\u00e1\u00f1ez, Marcos Silva Miranda de Guaitecas, Francisco Roncagliolo de Cisnes y Jorge Calder\u00f3n de Cochrane; se reunieron de forma telem\u00e1tica para analizar los resultados del plebiscito de salida, donde m\u00e1s de un 60% de los chilenos opt\u00f3 por la opci\u00f3n del rechazo a la redacci\u00f3n de la nueva carta fundamental y que alcanz\u00f3 el 64% en la Regi\u00f3n de Ays\u00e9n. Un indicador que, durante este encuentro, fue observado por los ediles para identificar de forma descentralizada, las necesidades de las comunas y plantear formas de trabajo para los pr\u00f3ximos meses.<\/p>\n<p style=\"font-weight: 400; text-align: justify;\">Para avanzar en los proyectos de cada comuna se destac\u00f3 la importancia del trabajo colaborativo junto al Gobierno, en este sentido, el presidente de la AREMU, Marcelo Santana, afirm\u00f3 que el enfoque debe volver a ser el trabajo local y dejando atr\u00e1s el trabajo de campa\u00f1a por el plebiscito, \u201ca nosotros nos interesa concretar, realizar obras, que nuestras localidades vayan avanzando. En ese sentido nos interesa colaborar en los distintos aspectos en los que est\u00e9 trabajando el Gobierno, pero para eso necesitamos que est\u00e9 concentrado en estas necesidades regionales\u201d se\u00f1al\u00f3.<\/p>\n<p style=\"font-weight: 400; text-align: justify;\">Necesidades urgentes que est\u00e1n presentes en las diez comunas, principalmente de conectividad, afirma el alcalde Santana \u201cel plebiscito ya pas\u00f3 (\u2026), necesitamos un Gobierno concentrado en las necesidades regionales. Estamos viviendo periodos cr\u00edticos en distintas comunas de la regi\u00f3n por conectividad y queremos saber qu\u00e9 va a pasar con la inversi\u00f3n p\u00fablica en los pr\u00f3ximos meses en materia de financiamiento para las municipalidades\u201d.<\/p>\n<p style=\"font-weight: 400; text-align: justify;\">Sin nuevos avances en el Plan Especial de Desarrollo de Zonas Extremas (Pedze), los alcaldes esperan de forma urgente una nueva hoja de ruta, que determine cu\u00e1les van a ser los proyectos prioritarios en la Regi\u00f3n de Ays\u00e9n, \u201cnecesitamos tener a las autoridades regionales enfocadas en c\u00f3mo vamos a desarrollar y generar inversi\u00f3n p\u00fablica, con el desarrollo de programas que permitan el crecimiento de las comunas\u201d afirm\u00f3 Marcos Silva, alcalde de la comuna de Guaitecas.<\/p>\n<p style=\"font-weight: 400; text-align: justify;\">En esta reuni\u00f3n se defini\u00f3 que realizar\u00e1 un llamado a las autoridades desde la AREMU, \u201cpara sentarnos en una mesa de trabajo que permita dar plazos y tiempos a los proyectos de las comunas\u201d a\u00f1adi\u00f3 Marcos Silva.<\/p>\n<p style=\"font-weight: 400; text-align: justify;\">Las autoridades comunales dejaron en manifiesto su especial preocupaci\u00f3n para el desarrollo de proyectos en sus comunas, por lo que esperan una pronta respuesta desde el Gobierno Regional.<\/p>\n<\/div><\/section><\/div><div  style='height:50px' class='hr hr-invisible   avia-builder-el-6  el_after_av_one_full  el_before_av_social_share '><span class='hr-inner ' ><span class='hr-inner-style'><\/span><\/span><\/div><\/p>\n<div  class='av-social-sharing-box  avia-builder-el-7  el_after_av_hr  el_before_av_hr  '><div class='av-share-box'><h5 class='av-share-link-description av-no-toc '>Compartir esta noticia<\/h5><ul class='av-share-box-list noLightbox'><li class='av-share-link av-social-link-facebook' ><a target=\"_blank\" aria-label=\"Compartir en Facebook\" href='https:\/\/www.facebook.com\/sharer.php?u=https:\/\/radiorevelacionfm.cl\/?p=21696&#038;t=Presidente%20de%20la%20AREMU%3A%20%E2%80%9CEl%20plebiscito%20ya%20pas%C3%B3%2C%20necesitamos%20un%20Gobierno%20concentrado%20en%20las%20necesidades%20regionales%E2%80%9D' aria-hidden='false' data-av_icon='\ue8f3' data-av_iconfont='entypo-fontello' title='' data-avia-related-tooltip='Compartir en Facebook' rel=\"noopener\"><span class='avia_hidden_link_text'>Compartir en Facebook<\/span><\/a><\/li><li class='av-share-link av-social-link-twitter' ><a target=\"_blank\" aria-label=\"Compartir en Twitter\" href='https:\/\/twitter.com\/share?text=Presidente%20de%20la%20AREMU%3A%20%E2%80%9CEl%20plebiscito%20ya%20pas%C3%B3%2C%20necesitamos%20un%20Gobierno%20concentrado%20en%20las%20necesidades%20regionales%E2%80%9D&#038;url=https:\/\/radiorevelacionfm.cl\/?p=21696' aria-hidden='false' data-av_icon='\ue8f1' data-av_iconfont='entypo-fontello' title='' data-avia-related-tooltip='Compartir en Twitter' rel=\"noopener\"><span class='avia_hidden_link_text'>Compartir en Twitter<\/span><\/a><\/li><li class='av-share-link av-social-link-whatsapp' ><a target=\"_blank\" aria-label=\"Compartir en Whatsapp\" href='https:\/\/api.whatsapp.com\/send?text=https:\/\/radiorevelacionfm.cl\/?p=21696' aria-hidden='false' data-av_icon='\uf232' data-av_iconfont='entypo-fontello' title='' data-avia-related-tooltip='Compartir en Whatsapp' rel=\"noopener\"><span class='avia_hidden_link_text'>Compartir en Whatsapp<\/span><\/a><\/li><li class='av-share-link av-social-link-linkedin' ><a target=\"_blank\" aria-label=\"Compartir en LinkedIn\" href='https:\/\/linkedin.com\/shareArticle?mini=true&#038;title=Presidente%20de%20la%20AREMU%3A%20%E2%80%9CEl%20plebiscito%20ya%20pas%C3%B3%2C%20necesitamos%20un%20Gobierno%20concentrado%20en%20las%20necesidades%20regionales%E2%80%9D&#038;url=https:\/\/radiorevelacionfm.cl\/?p=21696' aria-hidden='false' data-av_icon='\ue8fc' data-av_iconfont='entypo-fontello' title='' data-avia-related-tooltip='Compartir en LinkedIn' rel=\"noopener\"><span class='avia_hidden_link_text'>Compartir en LinkedIn<\/span><\/a><\/li><li class='av-share-link av-social-link-mail' ><a  aria-label=\"Compartir por correo\" href='mailto:?subject=Presidente%20de%20la%20AREMU%3A%20%E2%80%9CEl%20plebiscito%20ya%20pas%C3%B3%2C%20necesitamos%20un%20Gobierno%20concentrado%20en%20las%20necesidades%20regionales%E2%80%9D&#038;body=https:\/\/radiorevelacionfm.cl\/?p=21696' aria-hidden='false' data-av_icon='\ue805' data-av_iconfont='entypo-fontello' title='' data-avia-related-tooltip='Compartir por correo'><span class='avia_hidden_link_text'>Compartir por correo<\/span><\/a><\/li><\/ul><\/div><\/div>\n<div  style='height:50px' class='hr hr-invisible   avia-builder-el-8  el_after_av_social_share  el_before_av_comments_list '><span class='hr-inner ' ><span class='hr-inner-style'><\/span><\/span><\/div>\n<div  class='av-buildercomment  av-blog-meta-html-info-disabled av-blog-meta-tag-disabled  '><\/div>\n","protected":false},"excerpt":{"rendered":"","protected":false},"author":1,"featured_media":21697,"comment_status":"open","ping_status":"open","sticky":false,"template":"","format":"standard","meta":{"footnotes":""},"categories":[38],"tags":[],"class_list":["post-21696","post","type-post","status-publish","format-standard","has-post-thumbnail","hentry","category-regional"],"jetpack_featured_media_url":"https:\/\/radiorevelacionfm.cl\/wp-content\/uploads\/2022\/09\/reunion-aremu-1-1.jpg","_links":{"self":[{"href":"https:\/\/radiorevelacionfm.cl\/index.php?rest_route=\/wp\/v2\/posts\/21696","targetHints":{"allow":["GET"]}}],"collection":[{"href":"https:\/\/radiorevelacionfm.cl\/index.php?rest_route=\/wp\/v2\/posts"}],"about":[{"href":"https:\/\/radiorevelacionfm.cl\/index.php?rest_route=\/wp\/v2\/types\/post"}],"author":[{"embeddable":true,"href":"https:\/\/radiorevelacionfm.cl\/index.php?rest_route=\/wp\/v2\/users\/1"}],"replies":[{"embeddable":true,"href":"https:\/\/radiorevelacionfm.cl\/index.php?rest_route=%2Fwp%2Fv2%2Fcomments&post=21696"}],"version-history":[{"count":2,"href":"https:\/\/radiorevelacionfm.cl\/index.php?rest_route=\/wp\/v2\/posts\/21696\/revisions"}],"predecessor-version":[{"id":21699,"href":"https:\/\/radiorevelacionfm.cl\/index.php?rest_route=\/wp\/v2\/posts\/21696\/revisions\/21699"}],"wp:featuredmedia":[{"embeddable":true,"href":"https:\/\/radiorevelacionfm.cl\/index.php?rest_route=\/wp\/v2\/media\/21697"}],"wp:attachment":[{"href":"https:\/\/radiorevelacionfm.cl\/index.php?rest_route=%2Fwp%2Fv2%2Fmedia&parent=21696"}],"wp:term":[{"taxonomy":"category","embeddable":true,"href":"https:\/\/radiorevelacionfm.cl\/index.php?rest_route=%2Fwp%2Fv2%2Fcategories&post=21696"},{"taxonomy":"post_tag","embeddable":true,"href":"https:\/\/radiorevelacionfm.cl\/index.php?rest_route=%2Fwp%2Fv2%2Ftags&post=21696"}],"curies":[{"name":"wp","href":"https:\/\/api.w.org\/{rel}","templated":true}]}}