{"id":21691,"date":"2022-09-12T10:00:14","date_gmt":"2022-09-12T13:00:14","guid":{"rendered":"https:\/\/radiorevelacionfm.cl\/?p=21691"},"modified":"2022-09-12T10:07:52","modified_gmt":"2022-09-12T13:07:52","slug":"con-llamativas-figuras-led-la-comuna-de-aysen-se-posiciona-como-la-capital-de-las-fiestas-patrias-en-la-patagonia","status":"publish","type":"post","link":"https:\/\/radiorevelacionfm.cl\/?p=21691","title":{"rendered":"Con llamativas figuras led, la comuna de Ays\u00e9n se posiciona como la capital de las Fiestas Patrias en la Patagonia"},"content":{"rendered":"<div class=\"flex_column av_one_full  flex_column_div av-zero-column-padding first  avia-builder-el-0  el_before_av_one_full  avia-builder-el-first  \" style='border-radius:0px; '><div  class='avia-image-container  av-styling-    avia-builder-el-1  avia-builder-el-no-sibling  avia-align-center '  itemprop=\"image\" itemscope=\"itemscope\" itemtype=\"https:\/\/schema.org\/ImageObject\"  ><div class='avia-image-container-inner'><div class='avia-image-overlay-wrap'><img decoding=\"async\" class='wp-image-21692 avia-img-lazy-loading-not-21692 avia_image' src=\"https:\/\/radiorevelacionfm.cl\/wp-content\/uploads\/2022\/09\/img-lucescomaysen0-1_optimized.jpg\" alt='' title='img-lucescomaysen0-(1)_optimized' height=\"600\" width=\"800\"  itemprop=\"thumbnailUrl\" srcset=\"https:\/\/radiorevelacionfm.cl\/wp-content\/uploads\/2022\/09\/img-lucescomaysen0-1_optimized.jpg 800w, https:\/\/radiorevelacionfm.cl\/wp-content\/uploads\/2022\/09\/img-lucescomaysen0-1_optimized-300x225.jpg 300w, https:\/\/radiorevelacionfm.cl\/wp-content\/uploads\/2022\/09\/img-lucescomaysen0-1_optimized-768x576.jpg 768w, https:\/\/radiorevelacionfm.cl\/wp-content\/uploads\/2022\/09\/img-lucescomaysen0-1_optimized-705x529.jpg 705w, https:\/\/radiorevelacionfm.cl\/wp-content\/uploads\/2022\/09\/img-lucescomaysen0-1_optimized-600x450.jpg 600w\" sizes=\"(max-width: 800px) 100vw, 800px\" \/><\/div><\/div><\/div><\/div>\n<div class=\"flex_column av_one_full  flex_column_div av-zero-column-padding first  avia-builder-el-2  el_after_av_one_full  el_before_av_one_full  column-top-margin\" style='border-radius:0px; '><section class=\"av_textblock_section \"  itemscope=\"itemscope\" itemtype=\"https:\/\/schema.org\/BlogPosting\" itemprop=\"blogPost\" ><div class='avia_textblock  '   itemprop=\"text\" ><p style=\"text-align: center;\"><strong><span style=\"font-size: 18pt;\">Con llamativas figuras led, la comuna de Ays\u00e9n se posiciona como la capital de las Fiestas Patrias en la Patagonia<\/span><\/strong><\/p>\n<div id=\"gtx-trans\" style=\"position: absolute; left: -50px; top: 4.31534px;\">\n<div class=\"gtx-trans-icon\"><\/div>\n<\/div>\n<\/div><\/section><\/div>\n<div class=\"flex_column av_one_full  flex_column_div av-zero-column-padding first  avia-builder-el-4  el_after_av_one_full  el_before_av_hr  column-top-margin\" style='border-radius:0px; '><section class=\"av_textblock_section \"  itemscope=\"itemscope\" itemtype=\"https:\/\/schema.org\/BlogPosting\" itemprop=\"blogPost\" ><div class='avia_textblock  '   itemprop=\"text\" ><p style=\"text-align: justify;\">Con el fin de realzar el aniversario patrio en la Patagonia y provistos de una serie de estructuras met\u00e1licas recubiertas por luces Led de alta eficiencia. La Ilustre Municipalidad de Ays\u00e9n por medio de su Direcci\u00f3n de Aseo, Ornato y Medio Ambiente (Daoma) inaugur\u00f3 la Ornamentaci\u00f3n Comunal de Fiestas Patrias 2022. Jornada que cont\u00f3 con una alta adhesi\u00f3n vecinal y la demostraci\u00f3n de los campeones regionales de Cueca de Personas Mayores, Jos\u00e9 Montiel y Lidia Medina. Los fondos para materializar el sistema lum\u00ednico provienen del acuerdo adoptado por el Concejo Municipal por un monto cercano a los 10 millones de pesos. Todo esto como complemento de la bater\u00eda de actividades culturales que es posible consultar en <a href=\"http:\/\/www.puertoaysen.cl\">www.puertoaysen.cl<\/a><\/p>\n<p style=\"text-align: justify;\">A trav\u00e9s de banderas chilenas dispuestas en todos los postes del sistema de alumbrado p\u00fablico, sumado a la decoraci\u00f3n que mantiene con telas tricolor el punto neur\u00e1lgico de reuniones en la Plaza de Armas de Puerto Ays\u00e9n. Las luces de la ornamentaci\u00f3n dieciochena se encuentran dispuestas en el monumento nacional Puente Presidente Iba\u00f1ez con un Escudo Patrio en ambos accesos, una pareja de cuequeros en Plaza Mahuen, Banderas led en calles y avenidas, Copihues en la infograf\u00eda tur\u00edstica y sumado al mensaje de estas fiestas con un tricolor en el Ode\u00f3n local. As\u00ed mismo, Villa Ma\u00f1ihuales, Puerto Chacabuco e Islas Huichas cuentan con decoraci\u00f3n a fin para alegrar a los ayseninos y ayseninas en estas celebraciones.<\/p>\n<p style=\"text-align: justify;\">Al respecto, la primera autoridad comunal, Julio Uribe Alvarado destac\u00f3 la felicidad que poseen desde la casa edilicia, con el puntapi\u00e9 inicial para propiciar a la comuna como la Capital de las Fiestas Patrias en la Patagonia con la participaci\u00f3n de la comunidad. As\u00ed mismo, el alcalde aysenino expres\u00f3 su gratitud por el trabajo desplegado en la Direcci\u00f3n de Aseo, Ornato y Medio Ambiente por lograr esta ornamentaci\u00f3n y que se encuentra replicada en las localidades que componen el territorio comunal. Con ello, Uribe Alvarado, tambi\u00e9n inst\u00f3 a vecinos y turistas a formar parte de la amplia gama de actividades que se han dispuesto en favor de la comunidad.<\/p>\n<p style=\"text-align: justify;\">Por su parte, la concejala Tatiana Villarroel Arancibia, igualmente agradeci\u00f3 el despliegue del equipo de Daoma en todo lo acontecido con la decoraci\u00f3n comunal \u201cque tiene engalanada toda nuestra ciudad desde el Puente, en la entrada a Puerto Ays\u00e9n. Lo vimos desde hace ya varios d\u00edas con todas las banderas por las calles y el broche de oro ha sido con esta inauguraci\u00f3n de toda la ornamentaci\u00f3n de Fiestas Patrias. Maravilloso, he de felicitar a este grupo que ha trabajado muchas horas\u201d.<\/p>\n<p style=\"text-align: justify;\">En tanto, el director de Daoma, Jorge Hurtado Pinela, realiz\u00f3 un \u00e9nfasis en el resultado obtenido con esta decoraci\u00f3n extraordinaria para la comuna porte\u00f1a en las fiestas patrias que se avecinan. \u201cLa verdad es que son horas y horas de sacrificio para poder lograr todo este hermoseamiento al cual estamos brindado el puntapi\u00e9 inicial para celebrar las festividades. Estamos abocados directamente en todos los puntos de la comuna, no solamente Puerto Ays\u00e9n sino que tambi\u00e9n las localidades y ahora solamente hay que cuidar lo hermosa que est\u00e1 la ciudad\u201d.<\/p>\n<p style=\"text-align: justify;\">Mientras que, la comunidad se mostr\u00f3 feliz con el Plan del municipio por celebrar el Mes de la chilenidad, \u201clo primero de lo que quiero hablar es de mi sentimiento, de la alegr\u00eda, de la conciencia y la gratitud que me provoca este momento. Que tenga y se detengan como municipio a pensar en nosotros, en la gente, y que podamos disfrutar de un momento familiar como este donde toda la gente sale de sus casas a pesar de la lluvia y que nos dieran la oportunidad para compartir. A la gente les dir\u00eda que nos visite porque Ays\u00e9n es muy bonito y que constantemente nuestro alcalde y todo el equipo que trabaja est\u00e1 pendiente de cu\u00e1l es la festividad y algo nos hacen para alegrarnos el momento. As\u00ed es que, por ello, muchas gracias\u201d, expres\u00f3 Ang\u00e9lica P\u00e9rez, vecina de la comuna.<\/p>\n<p style=\"text-align: justify;\">Finalmente, Marisol Gui\u00f1ez, asistente en la actividad de encendido de la ornamentaci\u00f3n comunal, indic\u00f3 \u201cest\u00e1 precioso, est\u00e1 muy linda la decoraci\u00f3n, no solamente la Plaza, sino que en el Puente y en todas las partes que hemos recorrido est\u00e1 muy muy lindo. As\u00ed es que, los felicito y a los turistas decirles que vengan a visitarnos y que disfruten de la decoraci\u00f3n preciosa y de los paisajes lindos tambi\u00e9n\u201d, sentenci\u00f3 la aysenina.<\/p>\n<\/div><\/section><\/div><div  style='height:50px' class='hr hr-invisible   avia-builder-el-6  el_after_av_one_full  el_before_av_social_share '><span class='hr-inner ' ><span class='hr-inner-style'><\/span><\/span><\/div><\/p>\n<div  class='av-social-sharing-box  avia-builder-el-7  el_after_av_hr  el_before_av_hr  '><div class='av-share-box'><h5 class='av-share-link-description av-no-toc '>Compartir esta noticia<\/h5><ul class='av-share-box-list noLightbox'><li class='av-share-link av-social-link-facebook' ><a target=\"_blank\" aria-label=\"Compartir en Facebook\" href='https:\/\/www.facebook.com\/sharer.php?u=https:\/\/radiorevelacionfm.cl\/?p=21691&#038;t=Con%20llamativas%20figuras%20led%2C%20la%20comuna%20de%20Ays%C3%A9n%20se%20posiciona%20como%20la%20capital%20de%20las%20Fiestas%20Patrias%20en%20la%20Patagonia' aria-hidden='false' data-av_icon='\ue8f3' data-av_iconfont='entypo-fontello' title='' data-avia-related-tooltip='Compartir en Facebook' rel=\"noopener\"><span class='avia_hidden_link_text'>Compartir en Facebook<\/span><\/a><\/li><li class='av-share-link av-social-link-twitter' ><a target=\"_blank\" aria-label=\"Compartir en Twitter\" href='https:\/\/twitter.com\/share?text=Con%20llamativas%20figuras%20led%2C%20la%20comuna%20de%20Ays%C3%A9n%20se%20posiciona%20como%20la%20capital%20de%20las%20Fiestas%20Patrias%20en%20la%20Patagonia&#038;url=https:\/\/radiorevelacionfm.cl\/?p=21691' aria-hidden='false' data-av_icon='\ue8f1' data-av_iconfont='entypo-fontello' title='' data-avia-related-tooltip='Compartir en Twitter' rel=\"noopener\"><span class='avia_hidden_link_text'>Compartir en Twitter<\/span><\/a><\/li><li class='av-share-link av-social-link-whatsapp' ><a target=\"_blank\" aria-label=\"Compartir en Whatsapp\" href='https:\/\/api.whatsapp.com\/send?text=https:\/\/radiorevelacionfm.cl\/?p=21691' aria-hidden='false' data-av_icon='\uf232' data-av_iconfont='entypo-fontello' title='' data-avia-related-tooltip='Compartir en Whatsapp' rel=\"noopener\"><span class='avia_hidden_link_text'>Compartir en Whatsapp<\/span><\/a><\/li><li class='av-share-link av-social-link-linkedin' ><a target=\"_blank\" aria-label=\"Compartir en LinkedIn\" href='https:\/\/linkedin.com\/shareArticle?mini=true&#038;title=Con%20llamativas%20figuras%20led%2C%20la%20comuna%20de%20Ays%C3%A9n%20se%20posiciona%20como%20la%20capital%20de%20las%20Fiestas%20Patrias%20en%20la%20Patagonia&#038;url=https:\/\/radiorevelacionfm.cl\/?p=21691' aria-hidden='false' data-av_icon='\ue8fc' data-av_iconfont='entypo-fontello' title='' data-avia-related-tooltip='Compartir en LinkedIn' rel=\"noopener\"><span class='avia_hidden_link_text'>Compartir en LinkedIn<\/span><\/a><\/li><li class='av-share-link av-social-link-mail' ><a  aria-label=\"Compartir por correo\" href='mailto:?subject=Con%20llamativas%20figuras%20led%2C%20la%20comuna%20de%20Ays%C3%A9n%20se%20posiciona%20como%20la%20capital%20de%20las%20Fiestas%20Patrias%20en%20la%20Patagonia&#038;body=https:\/\/radiorevelacionfm.cl\/?p=21691' aria-hidden='false' data-av_icon='\ue805' data-av_iconfont='entypo-fontello' title='' data-avia-related-tooltip='Compartir por correo'><span class='avia_hidden_link_text'>Compartir por correo<\/span><\/a><\/li><\/ul><\/div><\/div>\n<div  style='height:50px' class='hr hr-invisible   avia-builder-el-8  el_after_av_social_share  el_before_av_comments_list '><span class='hr-inner ' ><span class='hr-inner-style'><\/span><\/span><\/div>\n<div  class='av-buildercomment  av-blog-meta-html-info-disabled av-blog-meta-tag-disabled  '><\/div>\n","protected":false},"excerpt":{"rendered":"","protected":false},"author":1,"featured_media":21692,"comment_status":"open","ping_status":"open","sticky":false,"template":"","format":"standard","meta":{"footnotes":""},"categories":[38],"tags":[],"class_list":["post-21691","post","type-post","status-publish","format-standard","has-post-thumbnail","hentry","category-regional"],"jetpack_featured_media_url":"https:\/\/radiorevelacionfm.cl\/wp-content\/uploads\/2022\/09\/img-lucescomaysen0-1_optimized.jpg","_links":{"self":[{"href":"https:\/\/radiorevelacionfm.cl\/index.php?rest_route=\/wp\/v2\/posts\/21691","targetHints":{"allow":["GET"]}}],"collection":[{"href":"https:\/\/radiorevelacionfm.cl\/index.php?rest_route=\/wp\/v2\/posts"}],"about":[{"href":"https:\/\/radiorevelacionfm.cl\/index.php?rest_route=\/wp\/v2\/types\/post"}],"author":[{"embeddable":true,"href":"https:\/\/radiorevelacionfm.cl\/index.php?rest_route=\/wp\/v2\/users\/1"}],"replies":[{"embeddable":true,"href":"https:\/\/radiorevelacionfm.cl\/index.php?rest_route=%2Fwp%2Fv2%2Fcomments&post=21691"}],"version-history":[{"count":3,"href":"https:\/\/radiorevelacionfm.cl\/index.php?rest_route=\/wp\/v2\/posts\/21691\/revisions"}],"predecessor-version":[{"id":21694,"href":"https:\/\/radiorevelacionfm.cl\/index.php?rest_route=\/wp\/v2\/posts\/21691\/revisions\/21694"}],"wp:featuredmedia":[{"embeddable":true,"href":"https:\/\/radiorevelacionfm.cl\/index.php?rest_route=\/wp\/v2\/media\/21692"}],"wp:attachment":[{"href":"https:\/\/radiorevelacionfm.cl\/index.php?rest_route=%2Fwp%2Fv2%2Fmedia&parent=21691"}],"wp:term":[{"taxonomy":"category","embeddable":true,"href":"https:\/\/radiorevelacionfm.cl\/index.php?rest_route=%2Fwp%2Fv2%2Fcategories&post=21691"},{"taxonomy":"post_tag","embeddable":true,"href":"https:\/\/radiorevelacionfm.cl\/index.php?rest_route=%2Fwp%2Fv2%2Ftags&post=21691"}],"curies":[{"name":"wp","href":"https:\/\/api.w.org\/{rel}","templated":true}]}}