{"id":21685,"date":"2022-09-12T09:36:42","date_gmt":"2022-09-12T12:36:42","guid":{"rendered":"https:\/\/radiorevelacionfm.cl\/?p=21685"},"modified":"2022-09-12T09:36:42","modified_gmt":"2022-09-12T12:36:42","slug":"sag-aysen-realiza-vigilancia-preventiva-por-nematodo-de-la-frutilla","status":"publish","type":"post","link":"https:\/\/radiorevelacionfm.cl\/?p=21685","title":{"rendered":"SAG Ays\u00e9n realiza vigilancia preventiva por nematodo de la frutilla"},"content":{"rendered":"<div class=\"flex_column av_one_full  flex_column_div av-zero-column-padding first  avia-builder-el-0  el_before_av_one_full  avia-builder-el-first  \" style='border-radius:0px; '><div  class='avia-image-container  av-styling-    avia-builder-el-1  avia-builder-el-no-sibling  avia-align-center '  itemprop=\"image\" itemscope=\"itemscope\" itemtype=\"https:\/\/schema.org\/ImageObject\"  ><div class='avia-image-container-inner'><div class='avia-image-overlay-wrap'><img decoding=\"async\" class='wp-image-21686 avia-img-lazy-loading-not-21686 avia_image' src=\"https:\/\/radiorevelacionfm.cl\/wp-content\/uploads\/2022\/09\/Frutilla-2-1-1.jpg\" alt='' title='Frutilla 2 (1) (1)' height=\"600\" width=\"900\"  itemprop=\"thumbnailUrl\" srcset=\"https:\/\/radiorevelacionfm.cl\/wp-content\/uploads\/2022\/09\/Frutilla-2-1-1.jpg 900w, https:\/\/radiorevelacionfm.cl\/wp-content\/uploads\/2022\/09\/Frutilla-2-1-1-300x200.jpg 300w, https:\/\/radiorevelacionfm.cl\/wp-content\/uploads\/2022\/09\/Frutilla-2-1-1-768x512.jpg 768w, https:\/\/radiorevelacionfm.cl\/wp-content\/uploads\/2022\/09\/Frutilla-2-1-1-705x470.jpg 705w, https:\/\/radiorevelacionfm.cl\/wp-content\/uploads\/2022\/09\/Frutilla-2-1-1-600x400.jpg 600w\" sizes=\"(max-width: 900px) 100vw, 900px\" \/><\/div><\/div><\/div><\/div><div class=\"flex_column av_one_full  flex_column_div av-zero-column-padding first  avia-builder-el-2  el_after_av_one_full  el_before_av_one_full  column-top-margin\" style='border-radius:0px; '><section class=\"av_textblock_section \"  itemscope=\"itemscope\" itemtype=\"https:\/\/schema.org\/BlogPosting\" itemprop=\"blogPost\" ><div class='avia_textblock  '   itemprop=\"text\" ><p style=\"text-align: center;\"><strong><span style=\"font-size: 18pt;\">SAG Ays\u00e9n realiza vigilancia preventiva por nematodo de la frutilla<\/span><\/strong><\/p>\n<div id=\"gtx-trans\" style=\"position: absolute; left: -50px; top: 4.31534px;\">\n<div class=\"gtx-trans-icon\"><\/div>\n<\/div>\n<\/div><\/section><\/div><div class=\"flex_column av_one_full  flex_column_div av-zero-column-padding first  avia-builder-el-4  el_after_av_one_full  el_before_av_hr  column-top-margin\" style='border-radius:0px; '><section class=\"av_textblock_section \"  itemscope=\"itemscope\" itemtype=\"https:\/\/schema.org\/BlogPosting\" itemprop=\"blogPost\" ><div class='avia_textblock  '   itemprop=\"text\" ><p style=\"text-align: justify;\">En labores de vigilancia preventiva se encuentra trabajando el Servicio Agr\u00edcola y Ganadero de Ays\u00e9n ante la detecci\u00f3n en la zona central del pa\u00eds del nematodo de la frutilla, <em>Aphelenchoides fragariae<\/em>, Se trata de una plaga cuarentenaria que se encontraba ausente del territorio nacional y cuya presencia fue confirmada recientemente por los laboratorios del SAG, lo que llev\u00f3 a dictar medidas de emergencia a trav\u00e9s de la resoluci\u00f3n N\u00b04481\/2022. Junto con ello, el Ministerio de Agricultura declar\u00f3 emergencia agr\u00edcola por la presencia de la plaga, lo que permitir\u00e1 la gesti\u00f3n m\u00e1s expedita de recursos para apoyar a los productores y productoras afectados.<\/p>\n<p style=\"text-align: justify;\">El nematodo de la\u00a0frutilla\u00a0es una plaga que provoca da\u00f1os principalmente en el rendimiento de las plantas, por ejemplo: malformaci\u00f3n en el brote, enrojecimiento de los pec\u00edolos, deformaci\u00f3n del fruto, muerte de la yema de la corona, entre otros, aunque las personas pueden consumir las\u00a0frutillas\u00a0sin problemas, ya que no afecta su salud.<\/p>\n<p style=\"text-align: justify;\">\u201cEs importante se\u00f1alar que no existe presencia de esta plaga en la regi\u00f3n de Ays\u00e9n, es decir, no hay indicios del nematodo. Sin embargo, el Servicio Agr\u00edcola y Ganadero ya inici\u00f3 monitoreo, y se realizar\u00e1n capacitaciones informativas con los agricultores y agricultoras de todas las provincias para mantenerse alerta ante cualquier sospecha de presencia de la plaga en la regi\u00f3n\u201d se\u00f1al\u00f3 Valeria Carrasco S\u00e1ez, Directora (s) del Servicio Agr\u00edcola y Ganadero en la Regi\u00f3n de Ays\u00e9n.<\/p>\n<p style=\"text-align: justify;\">La mayor producci\u00f3n de frutilla se concentra en manos de peque\u00f1os agricultores perteneciente a la agricultura familiar campesina, ubicados en todo el territorio regional, de preferencia en la provincia de Coyhaique, seguido por Puerto Ays\u00e9n, Chile Chico y Cochrane.<\/p>\n<p style=\"text-align: justify;\">Mario Taruman, encargado (s) regional de Protecci\u00f3n Agr\u00edcola, Forestal y Semillas, indic\u00f3 que \u201ces importante estar atentos a los s\u00edntomas de la plaga, que son malformaciones en el brote, hojas deformadas, retorcidas, zonas descoloridas con una superficie dura y \u00e1spera, adem\u00e1s de menor tama\u00f1o con bordes arrugados, enrojecimiento de las hojas y un escaso desarrollo de la planta, por otra parte los racimos de flores se ven reducidos con solo una o dos flores, adem\u00e1s de formaci\u00f3n del fruto\u201d.<\/p>\n<p style=\"text-align: justify;\">Es importante considerar que la plaga se disemina a trav\u00e9s de material de propagaci\u00f3n contaminado, como plantas infestadas; y de una planta a otra principalmente a trav\u00e9s del agua sobre la superficie de los cultivos.<\/p>\n<p style=\"text-align: justify;\">La directora regional (s) SAG Valeria Carrasco realiz\u00f3 un llamado a mantener la calma y ante cualquier sospecha de presencia de la plaga comunicarse con la oficina SAG m\u00e1s cercana.<\/p>\n<\/div><\/section><\/div><div  style='height:50px' class='hr hr-invisible   avia-builder-el-6  el_after_av_one_full  el_before_av_social_share '><span class='hr-inner ' ><span class='hr-inner-style'><\/span><\/span><\/div><\/p>\n<div  class='av-social-sharing-box  avia-builder-el-7  el_after_av_hr  el_before_av_hr  '><div class='av-share-box'><h5 class='av-share-link-description av-no-toc '>Compartir esta noticia<\/h5><ul class='av-share-box-list noLightbox'><li class='av-share-link av-social-link-facebook' ><a target=\"_blank\" aria-label=\"Compartir en Facebook\" href='https:\/\/www.facebook.com\/sharer.php?u=https:\/\/radiorevelacionfm.cl\/?p=21685&#038;t=SAG%20Ays%C3%A9n%20realiza%20vigilancia%20preventiva%20por%20nematodo%20de%20la%20frutilla' aria-hidden='false' data-av_icon='\ue8f3' data-av_iconfont='entypo-fontello' title='' data-avia-related-tooltip='Compartir en Facebook' rel=\"noopener\"><span class='avia_hidden_link_text'>Compartir en Facebook<\/span><\/a><\/li><li class='av-share-link av-social-link-twitter' ><a target=\"_blank\" aria-label=\"Compartir en Twitter\" href='https:\/\/twitter.com\/share?text=SAG%20Ays%C3%A9n%20realiza%20vigilancia%20preventiva%20por%20nematodo%20de%20la%20frutilla&#038;url=https:\/\/radiorevelacionfm.cl\/?p=21685' aria-hidden='false' data-av_icon='\ue8f1' data-av_iconfont='entypo-fontello' title='' data-avia-related-tooltip='Compartir en Twitter' rel=\"noopener\"><span class='avia_hidden_link_text'>Compartir en Twitter<\/span><\/a><\/li><li class='av-share-link av-social-link-whatsapp' ><a target=\"_blank\" aria-label=\"Compartir en Whatsapp\" href='https:\/\/api.whatsapp.com\/send?text=https:\/\/radiorevelacionfm.cl\/?p=21685' aria-hidden='false' data-av_icon='\uf232' data-av_iconfont='entypo-fontello' title='' data-avia-related-tooltip='Compartir en Whatsapp' rel=\"noopener\"><span class='avia_hidden_link_text'>Compartir en Whatsapp<\/span><\/a><\/li><li class='av-share-link av-social-link-linkedin' ><a target=\"_blank\" aria-label=\"Compartir en LinkedIn\" href='https:\/\/linkedin.com\/shareArticle?mini=true&#038;title=SAG%20Ays%C3%A9n%20realiza%20vigilancia%20preventiva%20por%20nematodo%20de%20la%20frutilla&#038;url=https:\/\/radiorevelacionfm.cl\/?p=21685' aria-hidden='false' data-av_icon='\ue8fc' data-av_iconfont='entypo-fontello' title='' data-avia-related-tooltip='Compartir en LinkedIn' rel=\"noopener\"><span class='avia_hidden_link_text'>Compartir en LinkedIn<\/span><\/a><\/li><li class='av-share-link av-social-link-mail' ><a  aria-label=\"Compartir por correo\" href='mailto:?subject=SAG%20Ays%C3%A9n%20realiza%20vigilancia%20preventiva%20por%20nematodo%20de%20la%20frutilla&#038;body=https:\/\/radiorevelacionfm.cl\/?p=21685' aria-hidden='false' data-av_icon='\ue805' data-av_iconfont='entypo-fontello' title='' data-avia-related-tooltip='Compartir por correo'><span class='avia_hidden_link_text'>Compartir por correo<\/span><\/a><\/li><\/ul><\/div><\/div>\n<div  style='height:50px' class='hr hr-invisible   avia-builder-el-8  el_after_av_social_share  el_before_av_comments_list '><span class='hr-inner ' ><span class='hr-inner-style'><\/span><\/span><\/div>\n<div  class='av-buildercomment  av-blog-meta-html-info-disabled av-blog-meta-tag-disabled  '><\/div>\n","protected":false},"excerpt":{"rendered":"","protected":false},"author":1,"featured_media":21686,"comment_status":"open","ping_status":"open","sticky":false,"template":"","format":"standard","meta":{"footnotes":""},"categories":[58],"tags":[],"class_list":["post-21685","post","type-post","status-publish","format-standard","has-post-thumbnail","hentry","category-agricultura"],"jetpack_featured_media_url":"https:\/\/radiorevelacionfm.cl\/wp-content\/uploads\/2022\/09\/Frutilla-2-1-1.jpg","_links":{"self":[{"href":"https:\/\/radiorevelacionfm.cl\/index.php?rest_route=\/wp\/v2\/posts\/21685","targetHints":{"allow":["GET"]}}],"collection":[{"href":"https:\/\/radiorevelacionfm.cl\/index.php?rest_route=\/wp\/v2\/posts"}],"about":[{"href":"https:\/\/radiorevelacionfm.cl\/index.php?rest_route=\/wp\/v2\/types\/post"}],"author":[{"embeddable":true,"href":"https:\/\/radiorevelacionfm.cl\/index.php?rest_route=\/wp\/v2\/users\/1"}],"replies":[{"embeddable":true,"href":"https:\/\/radiorevelacionfm.cl\/index.php?rest_route=%2Fwp%2Fv2%2Fcomments&post=21685"}],"version-history":[{"count":2,"href":"https:\/\/radiorevelacionfm.cl\/index.php?rest_route=\/wp\/v2\/posts\/21685\/revisions"}],"predecessor-version":[{"id":21690,"href":"https:\/\/radiorevelacionfm.cl\/index.php?rest_route=\/wp\/v2\/posts\/21685\/revisions\/21690"}],"wp:featuredmedia":[{"embeddable":true,"href":"https:\/\/radiorevelacionfm.cl\/index.php?rest_route=\/wp\/v2\/media\/21686"}],"wp:attachment":[{"href":"https:\/\/radiorevelacionfm.cl\/index.php?rest_route=%2Fwp%2Fv2%2Fmedia&parent=21685"}],"wp:term":[{"taxonomy":"category","embeddable":true,"href":"https:\/\/radiorevelacionfm.cl\/index.php?rest_route=%2Fwp%2Fv2%2Fcategories&post=21685"},{"taxonomy":"post_tag","embeddable":true,"href":"https:\/\/radiorevelacionfm.cl\/index.php?rest_route=%2Fwp%2Fv2%2Ftags&post=21685"}],"curies":[{"name":"wp","href":"https:\/\/api.w.org\/{rel}","templated":true}]}}