{"id":21681,"date":"2022-09-11T23:19:12","date_gmt":"2022-09-12T02:19:12","guid":{"rendered":"https:\/\/radiorevelacionfm.cl\/?p=21681"},"modified":"2022-09-11T23:19:12","modified_gmt":"2022-09-12T02:19:12","slug":"con-emotiva-ceremonia-conmemoran-los-49-anos-del-golpe-de-estado-en-chile","status":"publish","type":"post","link":"https:\/\/radiorevelacionfm.cl\/?p=21681","title":{"rendered":"Con emotiva ceremonia conmemoran los 49 a\u00f1os del Golpe de Estado en Chile"},"content":{"rendered":"<div class=\"flex_column av_one_full  flex_column_div av-zero-column-padding first  avia-builder-el-0  el_before_av_one_full  avia-builder-el-first  \" style='border-radius:0px; '><div  class='avia-image-container  av-styling-    avia-builder-el-1  avia-builder-el-no-sibling  avia-align-center '  itemprop=\"image\" itemscope=\"itemscope\" itemtype=\"https:\/\/schema.org\/ImageObject\"  ><div class='avia-image-container-inner'><div class='avia-image-overlay-wrap'><img decoding=\"async\" class='wp-image-21683 avia-img-lazy-loading-not-21683 avia_image' src=\"https:\/\/radiorevelacionfm.cl\/wp-content\/uploads\/2022\/09\/img_1125-1-1_optimized-1.jpg\" alt='' title='img_1125-(1)-(1)_optimized (1)' height=\"600\" width=\"909\"  itemprop=\"thumbnailUrl\" srcset=\"https:\/\/radiorevelacionfm.cl\/wp-content\/uploads\/2022\/09\/img_1125-1-1_optimized-1.jpg 909w, https:\/\/radiorevelacionfm.cl\/wp-content\/uploads\/2022\/09\/img_1125-1-1_optimized-1-300x198.jpg 300w, https:\/\/radiorevelacionfm.cl\/wp-content\/uploads\/2022\/09\/img_1125-1-1_optimized-1-768x507.jpg 768w, https:\/\/radiorevelacionfm.cl\/wp-content\/uploads\/2022\/09\/img_1125-1-1_optimized-1-705x465.jpg 705w, https:\/\/radiorevelacionfm.cl\/wp-content\/uploads\/2022\/09\/img_1125-1-1_optimized-1-600x396.jpg 600w\" sizes=\"(max-width: 909px) 100vw, 909px\" \/><\/div><\/div><\/div><\/div>\n<div class=\"flex_column av_one_full  flex_column_div av-zero-column-padding first  avia-builder-el-2  el_after_av_one_full  el_before_av_one_full  column-top-margin\" style='border-radius:0px; '><section class=\"av_textblock_section \"  itemscope=\"itemscope\" itemtype=\"https:\/\/schema.org\/BlogPosting\" itemprop=\"blogPost\" ><div class='avia_textblock  '   itemprop=\"text\" ><p style=\"text-align: center;\"><strong><span style=\"font-size: 18pt;\">Con emotiva ceremonia conmemoran los 49 a\u00f1os del Golpe de Estado en Chile<\/span><\/strong><\/p>\n<div id=\"gtx-trans\" style=\"position: absolute; left: -50px; top: 4.31534px;\">\n<div class=\"gtx-trans-icon\"><\/div>\n<\/div>\n<\/div><\/section><\/div><div class=\"flex_column av_one_full  flex_column_div av-zero-column-padding first  avia-builder-el-4  el_after_av_one_full  el_before_av_hr  column-top-margin\" style='border-radius:0px; '><section class=\"av_textblock_section \"  itemscope=\"itemscope\" itemtype=\"https:\/\/schema.org\/BlogPosting\" itemprop=\"blogPost\" ><div class='avia_textblock  '   itemprop=\"text\" ><p style=\"font-weight: 400; text-align: justify;\">En la ceremonia de conmemoraci\u00f3n de los 49 a\u00f1os del golpe c\u00edvico militar del 11 de septiembre de 1973, organizada por la Agrupaci\u00f3n de Derechos Humanos de Coyhaique, participaron este domingo el Delegado Presidencial Regional, Rodrigo Araya, junto al equipo regional de Gobierno.<\/p>\n<p style=\"font-weight: 400; text-align: justify;\">El solemne acto se realiz\u00f3 en el Memorial en homenaje de los Detenidos Desaparecidos y Ejecutados Pol\u00edticos de la Regi\u00f3n de Ays\u00e9n, ubicado en el jard\u00edn central de Avenida Baquedano, con un testimonio entregado por Noel Neira, una presentaci\u00f3n del cantautor Savir Quintana y las palabras de la presidenta de la Agrupaci\u00f3n, Mar\u00eda Erita Vera, quien enfatiz\u00f3 en la importancia de \u201crecordar, visibilizar y dignificar la memoria de nuestros familiares\u201d.<\/p>\n<p style=\"font-weight: 400; text-align: justify;\">\u201cHoy se cumplen 49 a\u00f1os de un Golpe de Estado sangriento, brutal, en el cual no solo pasamos de la democracia a la dictadura, sino que tambi\u00e9n hubo m\u00faltiples violaciones a los derechos humanos, marginalidad social y una serie de cosas que afectaron a toda la comunidad, hayan sido o no miembros de la Unidad Popular. Son 49 a\u00f1os de impunidad, ya que no hemos logrado en todos estos a\u00f1os una justicia plena, el Estado \u00a0\u00a0est\u00e1 en deuda con la verdad, la justicia, la reparaci\u00f3n y las garant\u00edas de no repetici\u00f3n. Mantener viv\u00eda la memoria, esa es nuestra tarea hoy y para eso estamos trabajando, para las futuras generaciones\u201d, indic\u00f3 Mar\u00eda Vera.<\/p>\n<p style=\"font-weight: 400; text-align: justify;\">El Delegado Presidencial Regional, Rodrigo Arata, expres\u00f3 que \u201ca 49 a\u00f1os del golpe civil y militar, como Gobierno estamos convencidos de que la memoria no solo es recordar lo que pas\u00f3 y que lo que pas\u00f3 no puede pasar nunca m\u00e1s. Es mantener vivo el pasado buscando a los que ya no est\u00e1n y cuidar el presente de quienes sobrevivieron. La memoria es tambi\u00e9n futuro, aprender y mantener vivo el sue\u00f1o de vivir en un mejor pa\u00eds, uno con verdad y con reparaci\u00f3n. Un pa\u00eds con justicia, en el que quepamos todos y todas\u201d.<\/p>\n<p style=\"font-weight: 400; text-align: justify;\">A\u00f1adi\u00f3 que \u201cpor eso, el rol de las mujeres es memoria y futuro; los ni\u00f1os y su educaci\u00f3n son memoria y futuro; las personas mayores y sus pensiones son memoria y futuro; la ciencia y el desarrollo son memoria y futuro; los derechos humanos son memoria y futuro. Esta conmemoraci\u00f3n mira hacia adelante, hacia los 50 a\u00f1os del golpe, pero tambi\u00e9n m\u00e1s all\u00e1. Estamos frente a un desaf\u00edo hist\u00f3rico y los desaf\u00edos hist\u00f3ricos nunca son sencillos. Sin embargo, hemos aprendido que Chile avanza con m\u00e1s democracia, nunca con menos y jam\u00e1s interrumpi\u00e9ndola\u201d.<\/p>\n<p style=\"font-weight: 400; text-align: justify;\">Entre algunas acciones, a trav\u00e9s del Ministerio de las Culturas, las Artes y el Patrimonio se produjo un conjunto de testimonios audiovisuales regionales \u201cDesde Ays\u00e9n Hacemos Memoria\u201d, que comenzaron a divulgarse desde este domingo 11 de septiembre, sobre la consideraci\u00f3n de que el futuro es con memoria, justicia, reparaci\u00f3n y convicci\u00f3n firme de no repetici\u00f3n.<\/p>\n<p style=\"font-weight: 400; text-align: justify;\">Adem\u00e1s, se trabaja en la definici\u00f3n de espacios p\u00fablicos que contribuyen a fortalecer una cultura de respeto a los Derechos Humanos y generar reflexi\u00f3n y conciencia colectiva sobre los hechos y sitios traum\u00e1ticos para la democracia chilena.<\/p>\n<\/div><\/section><\/div><\/p>\n<div  style='height:50px' class='hr hr-invisible   avia-builder-el-6  el_after_av_one_full  el_before_av_social_share '><span class='hr-inner ' ><span class='hr-inner-style'><\/span><\/span><\/div>\n<div  class='av-social-sharing-box  avia-builder-el-7  el_after_av_hr  el_before_av_hr  '><div class='av-share-box'><h5 class='av-share-link-description av-no-toc '>Compartir esta noticia<\/h5><ul class='av-share-box-list noLightbox'><li class='av-share-link av-social-link-facebook' ><a target=\"_blank\" aria-label=\"Compartir en Facebook\" href='https:\/\/www.facebook.com\/sharer.php?u=https:\/\/radiorevelacionfm.cl\/?p=21681&#038;t=Con%20emotiva%20ceremonia%20conmemoran%20los%2049%20a%C3%B1os%20del%20Golpe%20de%20Estado%20en%20Chile' aria-hidden='false' data-av_icon='\ue8f3' data-av_iconfont='entypo-fontello' title='' data-avia-related-tooltip='Compartir en Facebook' rel=\"noopener\"><span class='avia_hidden_link_text'>Compartir en Facebook<\/span><\/a><\/li><li class='av-share-link av-social-link-twitter' ><a target=\"_blank\" aria-label=\"Compartir en Twitter\" href='https:\/\/twitter.com\/share?text=Con%20emotiva%20ceremonia%20conmemoran%20los%2049%20a%C3%B1os%20del%20Golpe%20de%20Estado%20en%20Chile&#038;url=https:\/\/radiorevelacionfm.cl\/?p=21681' aria-hidden='false' data-av_icon='\ue8f1' data-av_iconfont='entypo-fontello' title='' data-avia-related-tooltip='Compartir en Twitter' rel=\"noopener\"><span class='avia_hidden_link_text'>Compartir en Twitter<\/span><\/a><\/li><li class='av-share-link av-social-link-whatsapp' ><a target=\"_blank\" aria-label=\"Compartir en Whatsapp\" href='https:\/\/api.whatsapp.com\/send?text=https:\/\/radiorevelacionfm.cl\/?p=21681' aria-hidden='false' data-av_icon='\uf232' data-av_iconfont='entypo-fontello' title='' data-avia-related-tooltip='Compartir en Whatsapp' rel=\"noopener\"><span class='avia_hidden_link_text'>Compartir en Whatsapp<\/span><\/a><\/li><li class='av-share-link av-social-link-linkedin' ><a target=\"_blank\" aria-label=\"Compartir en LinkedIn\" href='https:\/\/linkedin.com\/shareArticle?mini=true&#038;title=Con%20emotiva%20ceremonia%20conmemoran%20los%2049%20a%C3%B1os%20del%20Golpe%20de%20Estado%20en%20Chile&#038;url=https:\/\/radiorevelacionfm.cl\/?p=21681' aria-hidden='false' data-av_icon='\ue8fc' data-av_iconfont='entypo-fontello' title='' data-avia-related-tooltip='Compartir en LinkedIn' rel=\"noopener\"><span class='avia_hidden_link_text'>Compartir en LinkedIn<\/span><\/a><\/li><li class='av-share-link av-social-link-mail' ><a  aria-label=\"Compartir por correo\" href='mailto:?subject=Con%20emotiva%20ceremonia%20conmemoran%20los%2049%20a%C3%B1os%20del%20Golpe%20de%20Estado%20en%20Chile&#038;body=https:\/\/radiorevelacionfm.cl\/?p=21681' aria-hidden='false' data-av_icon='\ue805' data-av_iconfont='entypo-fontello' title='' data-avia-related-tooltip='Compartir por correo'><span class='avia_hidden_link_text'>Compartir por correo<\/span><\/a><\/li><\/ul><\/div><\/div>\n<div  style='height:50px' class='hr hr-invisible   avia-builder-el-8  el_after_av_social_share  el_before_av_comments_list '><span class='hr-inner ' ><span class='hr-inner-style'><\/span><\/span><\/div>\n<div  class='av-buildercomment  av-blog-meta-html-info-disabled av-blog-meta-tag-disabled  '><\/div>\n","protected":false},"excerpt":{"rendered":"","protected":false},"author":1,"featured_media":21683,"comment_status":"open","ping_status":"open","sticky":false,"template":"","format":"standard","meta":{"footnotes":""},"categories":[38],"tags":[],"class_list":["post-21681","post","type-post","status-publish","format-standard","has-post-thumbnail","hentry","category-regional"],"jetpack_featured_media_url":"https:\/\/radiorevelacionfm.cl\/wp-content\/uploads\/2022\/09\/img_1125-1-1_optimized-1.jpg","_links":{"self":[{"href":"https:\/\/radiorevelacionfm.cl\/index.php?rest_route=\/wp\/v2\/posts\/21681","targetHints":{"allow":["GET"]}}],"collection":[{"href":"https:\/\/radiorevelacionfm.cl\/index.php?rest_route=\/wp\/v2\/posts"}],"about":[{"href":"https:\/\/radiorevelacionfm.cl\/index.php?rest_route=\/wp\/v2\/types\/post"}],"author":[{"embeddable":true,"href":"https:\/\/radiorevelacionfm.cl\/index.php?rest_route=\/wp\/v2\/users\/1"}],"replies":[{"embeddable":true,"href":"https:\/\/radiorevelacionfm.cl\/index.php?rest_route=%2Fwp%2Fv2%2Fcomments&post=21681"}],"version-history":[{"count":3,"href":"https:\/\/radiorevelacionfm.cl\/index.php?rest_route=\/wp\/v2\/posts\/21681\/revisions"}],"predecessor-version":[{"id":21689,"href":"https:\/\/radiorevelacionfm.cl\/index.php?rest_route=\/wp\/v2\/posts\/21681\/revisions\/21689"}],"wp:featuredmedia":[{"embeddable":true,"href":"https:\/\/radiorevelacionfm.cl\/index.php?rest_route=\/wp\/v2\/media\/21683"}],"wp:attachment":[{"href":"https:\/\/radiorevelacionfm.cl\/index.php?rest_route=%2Fwp%2Fv2%2Fmedia&parent=21681"}],"wp:term":[{"taxonomy":"category","embeddable":true,"href":"https:\/\/radiorevelacionfm.cl\/index.php?rest_route=%2Fwp%2Fv2%2Fcategories&post=21681"},{"taxonomy":"post_tag","embeddable":true,"href":"https:\/\/radiorevelacionfm.cl\/index.php?rest_route=%2Fwp%2Fv2%2Ftags&post=21681"}],"curies":[{"name":"wp","href":"https:\/\/api.w.org\/{rel}","templated":true}]}}