{"id":21677,"date":"2022-09-11T18:31:50","date_gmt":"2022-09-11T21:31:50","guid":{"rendered":"https:\/\/radiorevelacionfm.cl\/?p=21677"},"modified":"2022-09-11T18:31:50","modified_gmt":"2022-09-11T21:31:50","slug":"presentan-propuestas-para-mejorar-accesibilidad-de-proyecto-de-buses-electricos-en-coyhaique","status":"publish","type":"post","link":"https:\/\/radiorevelacionfm.cl\/?p=21677","title":{"rendered":"Presentan propuestas para mejorar accesibilidad de proyecto de buses el\u00e9ctricos en Coyhaique"},"content":{"rendered":"<div class=\"flex_column av_one_full  flex_column_div av-zero-column-padding first  avia-builder-el-0  el_before_av_one_full  avia-builder-el-first  \" style='border-radius:0px; '><div  class='avia-image-container  av-styling-    avia-builder-el-1  avia-builder-el-no-sibling  avia-align-center '  itemprop=\"image\" itemscope=\"itemscope\" itemtype=\"https:\/\/schema.org\/ImageObject\"  ><div class='avia-image-container-inner'><div class='avia-image-overlay-wrap'><img decoding=\"async\" class='wp-image-21678 avia-img-lazy-loading-not-21678 avia_image' src=\"https:\/\/radiorevelacionfm.cl\/wp-content\/uploads\/2022\/09\/Cosoc-Senadis-23-1-1.jpg\" alt='' title='Cosoc Senadis (23) (1) (1)' height=\"600\" width=\"1067\"  itemprop=\"thumbnailUrl\" srcset=\"https:\/\/radiorevelacionfm.cl\/wp-content\/uploads\/2022\/09\/Cosoc-Senadis-23-1-1.jpg 1067w, https:\/\/radiorevelacionfm.cl\/wp-content\/uploads\/2022\/09\/Cosoc-Senadis-23-1-1-300x169.jpg 300w, https:\/\/radiorevelacionfm.cl\/wp-content\/uploads\/2022\/09\/Cosoc-Senadis-23-1-1-1030x579.jpg 1030w, https:\/\/radiorevelacionfm.cl\/wp-content\/uploads\/2022\/09\/Cosoc-Senadis-23-1-1-768x432.jpg 768w, https:\/\/radiorevelacionfm.cl\/wp-content\/uploads\/2022\/09\/Cosoc-Senadis-23-1-1-705x396.jpg 705w, https:\/\/radiorevelacionfm.cl\/wp-content\/uploads\/2022\/09\/Cosoc-Senadis-23-1-1-600x337.jpg 600w\" sizes=\"(max-width: 1067px) 100vw, 1067px\" \/><\/div><\/div><\/div><\/div><div class=\"flex_column av_one_full  flex_column_div av-zero-column-padding first  avia-builder-el-2  el_after_av_one_full  el_before_av_one_full  column-top-margin\" style='border-radius:0px; '><section class=\"av_textblock_section \"  itemscope=\"itemscope\" itemtype=\"https:\/\/schema.org\/BlogPosting\" itemprop=\"blogPost\" ><div class='avia_textblock  '   itemprop=\"text\" ><p style=\"text-align: center;\"><strong><span style=\"font-size: 18pt;\">Presentan propuestas para mejorar accesibilidad de proyecto de buses el\u00e9ctricos en Coyhaique<\/span><\/strong><\/p>\n<div id=\"gtx-trans\" style=\"position: absolute; left: -50px; top: 4.31534px;\">\n<div class=\"gtx-trans-icon\"><\/div>\n<\/div>\n<\/div><\/section><\/div><div class=\"flex_column av_one_full  flex_column_div av-zero-column-padding first  avia-builder-el-4  el_after_av_one_full  el_before_av_hr  column-top-margin\" style='border-radius:0px; '><section class=\"av_textblock_section \"  itemscope=\"itemscope\" itemtype=\"https:\/\/schema.org\/BlogPosting\" itemprop=\"blogPost\" ><div class='avia_textblock  '   itemprop=\"text\" ><p style=\"text-align: justify;\">Con el fin de integrar propuestas de mejor accesibilidad al proyecto de buses el\u00e9ctricos para Coyhaique, la SeremiTT Ays\u00e9n realiz\u00f3 una actividad de difusi\u00f3n destinada a los y las representantes del Consejo de la Sociedad Civil (COSOC) de Senadis. En la instancia, se expuso en detalle las caracter\u00edsticas de este proyecto, entre ellas el trazado, tarifas, frecuencias y horarios de esta iniciativa liderada por el Ministerio de Transportes y Telecomunicaciones.<\/p>\n<p style=\"text-align: justify;\">Junto con agradecer la activa y propositiva participaci\u00f3n de los dirigentes e integrantes del Cosoc, la seremiTT Claudia Cantero destac\u00f3 la importancia de estos procesos de participaci\u00f3n ciudadana para la gestaci\u00f3n de este tipo de proyectos.<\/p>\n<p style=\"text-align: justify;\">\u201cNos entregaron mucha informaci\u00f3n muy \u00fatil que nos va a servir para modelar de mejor forma el proyecto. Estamos convencidos de que estas iniciativas de desarrollo urbano de movilidad deben hacerse para la gente, pero con las personas. En esta reuni\u00f3n aprendimos muchas cosas y vamos a considerar los comentarios que nos hicieron. La diversidad es parte de nuestra vida y de nuestras ciudades por lo tanto debemos tomarla en cuenta en todos los planes que desarrollemos para mejorar la calidad de vida de las personas\u201d, indic\u00f3.<\/p>\n<p style=\"text-align: justify;\">La directora (s) del Senadis Viviana Mu\u00f1oz, tambi\u00e9n destac\u00f3 el inter\u00e9s que este proyecto tuvo para las personas con discapacidades, y su iniciativa para articular este trabajo con Transportes: \u201cEllos quer\u00edan\u00a0 plantear las necesidades que tienen las personas con discapacidad en relaci\u00f3n a este proyecto de buses el\u00e9ctricos. As\u00ed que esta inquietud la presentamos a la seremi y tenemos la oportunidad de reunirnos hoy d\u00eda y que en forma directa resuelvan sus dudas y tambi\u00e9n realizar propuestas que permitan que este sistema de transportes sea de f\u00e1cil uso y acceso para las personas con discapacidad\u201d<\/p>\n<p style=\"text-align: justify;\">Alejandra Candia, tambi\u00e9n conocida en la comunidad sorda como Flor, es presidenta de la organizaci\u00f3n R\u00fcp\u00fcn y representante de Ascoy, con la colaboraci\u00f3n de Loreto Ayala, int\u00e9rprete de se\u00f1as, dio a conocer algunos puntos de vista a desarrollar. \u201cEl tema de la atenci\u00f3n de las personas con discapacidad es s\u00faper importante por la situaci\u00f3n econ\u00f3mica de las personas m\u00e1s vulnerables. Tambi\u00e9n pudimos compartir nuestras opiniones, porque ac\u00e1 no tenemos paraderos con lengua de se\u00f1as para las personas sordas. Entonces hay mucha falta de accesibilidad, para las personas con discapacidad visual, las que usan silla de ruedas. Es un desaf\u00edo s\u00faper grande ac\u00e1 en la Patagonia\u201d, agreg\u00f3.<\/p>\n<p style=\"text-align: justify;\">A su vez, Margarita Arismendi, presidente del Cosoc del Hospital Coyhaique, a\u00f1adi\u00f3 que \u201cen mi caso estoy muy agradecida y contenta porque, primero: el lenguaje es s\u00faper inclusivo, f\u00e1cil de entender porque se explic\u00f3 muy bien todo. Ser\u00eda maravilloso que tengamos este tipo de locomoci\u00f3n en Coyhaique, porque nos va a favorecer en todo sentido, a las personas con discapacidad, a los adultos mayores y realmente va a ser una accesibilidad universal para todos nosotros, agradecemos la preocupaci\u00f3n por nuestra ciudad\u201d.<\/p>\n<p style=\"text-align: justify;\">La seremiTT agreg\u00f3 que adem\u00e1s de esta jornada de trabajo conjunto, se espera replicar la iniciativa con Sernameg para tratar protocolos de protecci\u00f3n a la Mujer a bordo del transporte p\u00fablico. Adem\u00e1s, sumar nuevas instancias de participaci\u00f3n ciudadana con los vecinos y vecinas de Coyhaique.<\/p>\n<\/div><\/section><\/div><div  style='height:50px' class='hr hr-invisible   avia-builder-el-6  el_after_av_one_full  el_before_av_social_share '><span class='hr-inner ' ><span class='hr-inner-style'><\/span><\/span><\/div><\/p>\n<div  class='av-social-sharing-box  avia-builder-el-7  el_after_av_hr  el_before_av_hr  '><div class='av-share-box'><h5 class='av-share-link-description av-no-toc '>Compartir esta noticia<\/h5><ul class='av-share-box-list noLightbox'><li class='av-share-link av-social-link-facebook' ><a target=\"_blank\" aria-label=\"Compartir en Facebook\" href='https:\/\/www.facebook.com\/sharer.php?u=https:\/\/radiorevelacionfm.cl\/?p=21677&#038;t=Presentan%20propuestas%20para%20mejorar%20accesibilidad%20de%20proyecto%20de%20buses%20el%C3%A9ctricos%20en%20Coyhaique' aria-hidden='false' data-av_icon='\ue8f3' data-av_iconfont='entypo-fontello' title='' data-avia-related-tooltip='Compartir en Facebook' rel=\"noopener\"><span class='avia_hidden_link_text'>Compartir en Facebook<\/span><\/a><\/li><li class='av-share-link av-social-link-twitter' ><a target=\"_blank\" aria-label=\"Compartir en Twitter\" href='https:\/\/twitter.com\/share?text=Presentan%20propuestas%20para%20mejorar%20accesibilidad%20de%20proyecto%20de%20buses%20el%C3%A9ctricos%20en%20Coyhaique&#038;url=https:\/\/radiorevelacionfm.cl\/?p=21677' aria-hidden='false' data-av_icon='\ue8f1' data-av_iconfont='entypo-fontello' title='' data-avia-related-tooltip='Compartir en Twitter' rel=\"noopener\"><span class='avia_hidden_link_text'>Compartir en Twitter<\/span><\/a><\/li><li class='av-share-link av-social-link-whatsapp' ><a target=\"_blank\" aria-label=\"Compartir en Whatsapp\" href='https:\/\/api.whatsapp.com\/send?text=https:\/\/radiorevelacionfm.cl\/?p=21677' aria-hidden='false' data-av_icon='\uf232' data-av_iconfont='entypo-fontello' title='' data-avia-related-tooltip='Compartir en Whatsapp' rel=\"noopener\"><span class='avia_hidden_link_text'>Compartir en Whatsapp<\/span><\/a><\/li><li class='av-share-link av-social-link-linkedin' ><a target=\"_blank\" aria-label=\"Compartir en LinkedIn\" href='https:\/\/linkedin.com\/shareArticle?mini=true&#038;title=Presentan%20propuestas%20para%20mejorar%20accesibilidad%20de%20proyecto%20de%20buses%20el%C3%A9ctricos%20en%20Coyhaique&#038;url=https:\/\/radiorevelacionfm.cl\/?p=21677' aria-hidden='false' data-av_icon='\ue8fc' data-av_iconfont='entypo-fontello' title='' data-avia-related-tooltip='Compartir en LinkedIn' rel=\"noopener\"><span class='avia_hidden_link_text'>Compartir en LinkedIn<\/span><\/a><\/li><li class='av-share-link av-social-link-mail' ><a  aria-label=\"Compartir por correo\" href='mailto:?subject=Presentan%20propuestas%20para%20mejorar%20accesibilidad%20de%20proyecto%20de%20buses%20el%C3%A9ctricos%20en%20Coyhaique&#038;body=https:\/\/radiorevelacionfm.cl\/?p=21677' aria-hidden='false' data-av_icon='\ue805' data-av_iconfont='entypo-fontello' title='' data-avia-related-tooltip='Compartir por correo'><span class='avia_hidden_link_text'>Compartir por correo<\/span><\/a><\/li><\/ul><\/div><\/div>\n<div  style='height:50px' class='hr hr-invisible   avia-builder-el-8  el_after_av_social_share  el_before_av_comments_list '><span class='hr-inner ' ><span class='hr-inner-style'><\/span><\/span><\/div>\n<div  class='av-buildercomment  av-blog-meta-html-info-disabled av-blog-meta-tag-disabled  '><\/div>\n","protected":false},"excerpt":{"rendered":"","protected":false},"author":1,"featured_media":21678,"comment_status":"open","ping_status":"open","sticky":false,"template":"","format":"standard","meta":{"footnotes":""},"categories":[59],"tags":[],"class_list":["post-21677","post","type-post","status-publish","format-standard","has-post-thumbnail","hentry","category-transporte"],"jetpack_featured_media_url":"https:\/\/radiorevelacionfm.cl\/wp-content\/uploads\/2022\/09\/Cosoc-Senadis-23-1-1.jpg","_links":{"self":[{"href":"https:\/\/radiorevelacionfm.cl\/index.php?rest_route=\/wp\/v2\/posts\/21677","targetHints":{"allow":["GET"]}}],"collection":[{"href":"https:\/\/radiorevelacionfm.cl\/index.php?rest_route=\/wp\/v2\/posts"}],"about":[{"href":"https:\/\/radiorevelacionfm.cl\/index.php?rest_route=\/wp\/v2\/types\/post"}],"author":[{"embeddable":true,"href":"https:\/\/radiorevelacionfm.cl\/index.php?rest_route=\/wp\/v2\/users\/1"}],"replies":[{"embeddable":true,"href":"https:\/\/radiorevelacionfm.cl\/index.php?rest_route=%2Fwp%2Fv2%2Fcomments&post=21677"}],"version-history":[{"count":2,"href":"https:\/\/radiorevelacionfm.cl\/index.php?rest_route=\/wp\/v2\/posts\/21677\/revisions"}],"predecessor-version":[{"id":21680,"href":"https:\/\/radiorevelacionfm.cl\/index.php?rest_route=\/wp\/v2\/posts\/21677\/revisions\/21680"}],"wp:featuredmedia":[{"embeddable":true,"href":"https:\/\/radiorevelacionfm.cl\/index.php?rest_route=\/wp\/v2\/media\/21678"}],"wp:attachment":[{"href":"https:\/\/radiorevelacionfm.cl\/index.php?rest_route=%2Fwp%2Fv2%2Fmedia&parent=21677"}],"wp:term":[{"taxonomy":"category","embeddable":true,"href":"https:\/\/radiorevelacionfm.cl\/index.php?rest_route=%2Fwp%2Fv2%2Fcategories&post=21677"},{"taxonomy":"post_tag","embeddable":true,"href":"https:\/\/radiorevelacionfm.cl\/index.php?rest_route=%2Fwp%2Fv2%2Ftags&post=21677"}],"curies":[{"name":"wp","href":"https:\/\/api.w.org\/{rel}","templated":true}]}}