{"id":21672,"date":"2022-09-11T15:41:26","date_gmt":"2022-09-11T18:41:26","guid":{"rendered":"https:\/\/radiorevelacionfm.cl\/?p=21672"},"modified":"2022-09-11T15:41:26","modified_gmt":"2022-09-11T18:41:26","slug":"habilitan-puente-mecano-definitivo-en-sector-el-claro-comuna-de-rio-ibanez","status":"publish","type":"post","link":"https:\/\/radiorevelacionfm.cl\/?p=21672","title":{"rendered":"Habilitan puente mecano definitivo en sector El Claro, comuna de R\u00edo Ib\u00e1\u00f1ez"},"content":{"rendered":"<div class=\"flex_column av_one_full  flex_column_div av-zero-column-padding first  avia-builder-el-0  el_before_av_one_full  avia-builder-el-first  \" style='border-radius:0px; '><div  class='avia-image-container  av-styling-    avia-builder-el-1  avia-builder-el-no-sibling  avia-align-center '  itemprop=\"image\" itemscope=\"itemscope\" itemtype=\"https:\/\/schema.org\/ImageObject\"  ><div class='avia-image-container-inner'><div class='avia-image-overlay-wrap'><img decoding=\"async\" class='wp-image-21673 avia-img-lazy-loading-not-21673 avia_image' src=\"https:\/\/radiorevelacionfm.cl\/wp-content\/uploads\/2022\/09\/20220825_110533-1_optimized.jpg\" alt='' title='20220825_110533-(1)_optimized' height=\"600\" width=\"888\"  itemprop=\"thumbnailUrl\" srcset=\"https:\/\/radiorevelacionfm.cl\/wp-content\/uploads\/2022\/09\/20220825_110533-1_optimized.jpg 888w, https:\/\/radiorevelacionfm.cl\/wp-content\/uploads\/2022\/09\/20220825_110533-1_optimized-300x203.jpg 300w, https:\/\/radiorevelacionfm.cl\/wp-content\/uploads\/2022\/09\/20220825_110533-1_optimized-768x519.jpg 768w, https:\/\/radiorevelacionfm.cl\/wp-content\/uploads\/2022\/09\/20220825_110533-1_optimized-705x476.jpg 705w, https:\/\/radiorevelacionfm.cl\/wp-content\/uploads\/2022\/09\/20220825_110533-1_optimized-600x405.jpg 600w\" sizes=\"(max-width: 888px) 100vw, 888px\" \/><\/div><\/div><\/div><\/div><div class=\"flex_column av_one_full  flex_column_div av-zero-column-padding first  avia-builder-el-2  el_after_av_one_full  el_before_av_one_full  column-top-margin\" style='border-radius:0px; '><section class=\"av_textblock_section \"  itemscope=\"itemscope\" itemtype=\"https:\/\/schema.org\/BlogPosting\" itemprop=\"blogPost\" ><div class='avia_textblock  '   itemprop=\"text\" ><p style=\"text-align: center;\"><strong><span style=\"font-size: 18pt;\">Habilitan puente mecano definitivo en sector El Claro, comuna de R\u00edo Ib\u00e1\u00f1ez<\/span><\/strong><\/p>\n<div id=\"gtx-trans\" style=\"position: absolute; left: -50px; top: 4.31534px;\">\n<div class=\"gtx-trans-icon\"><\/div>\n<\/div>\n<\/div><\/section><\/div><div class=\"flex_column av_one_full  flex_column_div av-zero-column-padding first  avia-builder-el-4  el_after_av_one_full  el_before_av_hr  column-top-margin\" style='border-radius:0px; '><section class=\"av_textblock_section \"  itemscope=\"itemscope\" itemtype=\"https:\/\/schema.org\/BlogPosting\" itemprop=\"blogPost\" ><div class='avia_textblock  '   itemprop=\"text\" ><p style=\"font-weight: 400; text-align: justify;\">Habilitado qued\u00f3 el tr\u00e1nsito para m\u00e1s de 50 familias de los sectores El Claro y Levic\u00e1n, en la comuna de R\u00edo Ib\u00e1\u00f1ez, tras la instalaci\u00f3n de un puente mecano definitivo, por parte del Ministerio de Obras P\u00fablicas, luego que un sistema frontal da\u00f1ara la estructura original en mayo pasado.<\/p>\n<p style=\"font-weight: 400; text-align: justify;\">El Delegado Presidencial Regional, Rodrigo Araya, se\u00f1al\u00f3 que esta obra implic\u00f3 participaci\u00f3n activa del MOP, municipio y comunidad en torno al restablecimiento de la conectividad segura para residentes y visitantes.<\/p>\n<p style=\"font-weight: 400; text-align: justify;\">\u201cEn esta acci\u00f3n de recuperaci\u00f3n de este puente en particular, la Municipalidad de Ib\u00e1\u00f1ez, junto con la comunidad, ha tenido una actitud totalmente proactiva, desde cuando ocurri\u00f3 el evento, se establecieron las reuniones y pudieron comprender los plazos que ten\u00edan que cumplirse, y pudimos lograrlo en un plazo de tiempo bastante corto. Lo que m\u00e1s tard\u00f3 fue la demolici\u00f3n del puente antiguo, por lo tanto, podemos decir que tenemos la capacidad para responder prontamente a las necesidades de las comunidades, como lo que ocurri\u00f3 aqu\u00ed en Ib\u00e1\u00f1ez\u201d, expres\u00f3.<\/p>\n<p style=\"font-weight: 400; text-align: justify;\">El seremi de Obras P\u00fablicas, Patricio Sanhueza, explic\u00f3 que la Unidad de Puentes de la Direcci\u00f3n de Vialidad trabaj\u00f3 en un per\u00edodo complejo, en especial, por la intensidad del viento, buscando restituir el tr\u00e1nsito seguro.<\/p>\n<p style=\"font-weight: 400; text-align: justify;\">\u201cLograr obtener la estructura r\u00e1pidamente y todos nuestros equipos tambi\u00e9n se han desplegado de una manera expedita. As\u00ed es que venimos a relevar la funci\u00f3n p\u00fablica, venimos a relevar a nuestros trabajadores de Vialidad y, en espec\u00edfico, una de las cuadrillas que m\u00e1s nos enorgullece que es la Cuadrilla Puente. As\u00ed que contentos de recuperar la conectividad que se hab\u00eda perdido, para la calidad de vida de la de las personas\u201d, subray\u00f3.<\/p>\n<p style=\"font-weight: 400; text-align: justify;\">El alcalde Marcelo Santana destac\u00f3 la importancia de esta ruta para la conectividad y turismo en la comuna.<\/p>\n<p style=\"font-weight: 400; text-align: justify;\">\u201cEsta obra que permite retomar la conectividad hacia el sector Levic\u00e1n, El Claro. M\u00e1s de 50 familias viven hacia ese sector y han estado con este impedimento producto de una inclemencia clim\u00e1tica que finalmente socav\u00f3 el puente anterior y hoy d\u00eda ya est\u00e1 siendo posible retomar esa conectividad con este avance en la construcci\u00f3n del puente mecano\u201d, indic\u00f3.<\/p>\n<p style=\"font-weight: 400; text-align: justify;\">En cuanto a las caracter\u00edsticas de esta obra, Eladio Maripill\u00e1n,\u00a0capataz jefe de la Unidad de Puente de la Direcci\u00f3n de Vialidad, dijo que efectivamente el viento fue una complejidad, pese a lo cual se llev\u00f3 a cabo la obra.<\/p>\n<p style=\"font-weight: 400; text-align: justify;\">\u201cEste es un puente modular Akro de fabricaci\u00f3n inglesa. Esta obra empez\u00f3 el 16 de agosto, nosotros instalamos el puente y la constructora los terraplenes y los muros de contenci\u00f3n de lo que es el terrapl\u00e9n. Ac\u00e1 tuvimos una complejidad que era el tema del viento, si ten\u00edamos la posibilidad de haberlo lanzado lo intentamos, pero el viento no nos dej\u00f3. Pudimos ver retroceder primera que retrocedimos, pero siempre hay una vez, pero logramos hoy d\u00eda cruzar el puente y todo result\u00f3 bien\u201d, explic\u00f3.<\/p>\n<p style=\"font-weight: 400; text-align: justify;\">El Delegado Presidencial Provincial, Daniel Fern\u00e1ndez, a\u00f1adi\u00f3 que la comunidad tendr\u00e1 ahora este puente mecano definitivo en lugar del vado provisorio que utilizaron durante el desarrollo de las obras, en las cuales se desempe\u00f1aron alrededor de 20 personas durante todo el per\u00edodo en que se desarrollaron los trabajos.<\/p>\n<\/div><\/section><\/div><div  style='height:50px' class='hr hr-invisible   avia-builder-el-6  el_after_av_one_full  el_before_av_social_share '><span class='hr-inner ' ><span class='hr-inner-style'><\/span><\/span><\/div><\/p>\n<div  class='av-social-sharing-box  avia-builder-el-7  el_after_av_hr  el_before_av_hr  '><div class='av-share-box'><h5 class='av-share-link-description av-no-toc '>Compartir esta noticia<\/h5><ul class='av-share-box-list noLightbox'><li class='av-share-link av-social-link-facebook' ><a target=\"_blank\" aria-label=\"Compartir en Facebook\" href='https:\/\/www.facebook.com\/sharer.php?u=https:\/\/radiorevelacionfm.cl\/?p=21672&#038;t=Habilitan%20puente%20mecano%20definitivo%20en%20sector%20El%20Claro%2C%20comuna%20de%20R%C3%ADo%20Ib%C3%A1%C3%B1ez' aria-hidden='false' data-av_icon='\ue8f3' data-av_iconfont='entypo-fontello' title='' data-avia-related-tooltip='Compartir en Facebook' rel=\"noopener\"><span class='avia_hidden_link_text'>Compartir en Facebook<\/span><\/a><\/li><li class='av-share-link av-social-link-twitter' ><a target=\"_blank\" aria-label=\"Compartir en Twitter\" href='https:\/\/twitter.com\/share?text=Habilitan%20puente%20mecano%20definitivo%20en%20sector%20El%20Claro%2C%20comuna%20de%20R%C3%ADo%20Ib%C3%A1%C3%B1ez&#038;url=https:\/\/radiorevelacionfm.cl\/?p=21672' aria-hidden='false' data-av_icon='\ue8f1' data-av_iconfont='entypo-fontello' title='' data-avia-related-tooltip='Compartir en Twitter' rel=\"noopener\"><span class='avia_hidden_link_text'>Compartir en Twitter<\/span><\/a><\/li><li class='av-share-link av-social-link-whatsapp' ><a target=\"_blank\" aria-label=\"Compartir en Whatsapp\" href='https:\/\/api.whatsapp.com\/send?text=https:\/\/radiorevelacionfm.cl\/?p=21672' aria-hidden='false' data-av_icon='\uf232' data-av_iconfont='entypo-fontello' title='' data-avia-related-tooltip='Compartir en Whatsapp' rel=\"noopener\"><span class='avia_hidden_link_text'>Compartir en Whatsapp<\/span><\/a><\/li><li class='av-share-link av-social-link-linkedin' ><a target=\"_blank\" aria-label=\"Compartir en LinkedIn\" href='https:\/\/linkedin.com\/shareArticle?mini=true&#038;title=Habilitan%20puente%20mecano%20definitivo%20en%20sector%20El%20Claro%2C%20comuna%20de%20R%C3%ADo%20Ib%C3%A1%C3%B1ez&#038;url=https:\/\/radiorevelacionfm.cl\/?p=21672' aria-hidden='false' data-av_icon='\ue8fc' data-av_iconfont='entypo-fontello' title='' data-avia-related-tooltip='Compartir en LinkedIn' rel=\"noopener\"><span class='avia_hidden_link_text'>Compartir en LinkedIn<\/span><\/a><\/li><li class='av-share-link av-social-link-mail' ><a  aria-label=\"Compartir por correo\" href='mailto:?subject=Habilitan%20puente%20mecano%20definitivo%20en%20sector%20El%20Claro%2C%20comuna%20de%20R%C3%ADo%20Ib%C3%A1%C3%B1ez&#038;body=https:\/\/radiorevelacionfm.cl\/?p=21672' aria-hidden='false' data-av_icon='\ue805' data-av_iconfont='entypo-fontello' title='' data-avia-related-tooltip='Compartir por correo'><span class='avia_hidden_link_text'>Compartir por correo<\/span><\/a><\/li><\/ul><\/div><\/div>\n<div  style='height:50px' class='hr hr-invisible   avia-builder-el-8  el_after_av_social_share  el_before_av_comments_list '><span class='hr-inner ' ><span class='hr-inner-style'><\/span><\/span><\/div>\n<div  class='av-buildercomment  av-blog-meta-html-info-disabled av-blog-meta-tag-disabled  '><\/div>\n","protected":false},"excerpt":{"rendered":"","protected":false},"author":1,"featured_media":21673,"comment_status":"open","ping_status":"open","sticky":false,"template":"","format":"standard","meta":{"footnotes":""},"categories":[38],"tags":[],"class_list":["post-21672","post","type-post","status-publish","format-standard","has-post-thumbnail","hentry","category-regional"],"jetpack_featured_media_url":"https:\/\/radiorevelacionfm.cl\/wp-content\/uploads\/2022\/09\/20220825_110533-1_optimized.jpg","_links":{"self":[{"href":"https:\/\/radiorevelacionfm.cl\/index.php?rest_route=\/wp\/v2\/posts\/21672","targetHints":{"allow":["GET"]}}],"collection":[{"href":"https:\/\/radiorevelacionfm.cl\/index.php?rest_route=\/wp\/v2\/posts"}],"about":[{"href":"https:\/\/radiorevelacionfm.cl\/index.php?rest_route=\/wp\/v2\/types\/post"}],"author":[{"embeddable":true,"href":"https:\/\/radiorevelacionfm.cl\/index.php?rest_route=\/wp\/v2\/users\/1"}],"replies":[{"embeddable":true,"href":"https:\/\/radiorevelacionfm.cl\/index.php?rest_route=%2Fwp%2Fv2%2Fcomments&post=21672"}],"version-history":[{"count":2,"href":"https:\/\/radiorevelacionfm.cl\/index.php?rest_route=\/wp\/v2\/posts\/21672\/revisions"}],"predecessor-version":[{"id":21675,"href":"https:\/\/radiorevelacionfm.cl\/index.php?rest_route=\/wp\/v2\/posts\/21672\/revisions\/21675"}],"wp:featuredmedia":[{"embeddable":true,"href":"https:\/\/radiorevelacionfm.cl\/index.php?rest_route=\/wp\/v2\/media\/21673"}],"wp:attachment":[{"href":"https:\/\/radiorevelacionfm.cl\/index.php?rest_route=%2Fwp%2Fv2%2Fmedia&parent=21672"}],"wp:term":[{"taxonomy":"category","embeddable":true,"href":"https:\/\/radiorevelacionfm.cl\/index.php?rest_route=%2Fwp%2Fv2%2Fcategories&post=21672"},{"taxonomy":"post_tag","embeddable":true,"href":"https:\/\/radiorevelacionfm.cl\/index.php?rest_route=%2Fwp%2Fv2%2Ftags&post=21672"}],"curies":[{"name":"wp","href":"https:\/\/api.w.org\/{rel}","templated":true}]}}