{"id":21667,"date":"2022-09-11T17:02:02","date_gmt":"2022-09-11T20:02:02","guid":{"rendered":"https:\/\/radiorevelacionfm.cl\/?p=21667"},"modified":"2022-09-11T17:02:02","modified_gmt":"2022-09-11T20:02:02","slug":"injuv-y-preuniversitario-popular-choyun-firman-importante-convenio-de-cooperacion","status":"publish","type":"post","link":"https:\/\/radiorevelacionfm.cl\/?p=21667","title":{"rendered":"Injuv y Preuniversitario Popular Choy\u00fcn firman importante convenio de cooperaci\u00f3n"},"content":{"rendered":"<div class=\"flex_column av_one_full  flex_column_div av-zero-column-padding first  avia-builder-el-0  el_before_av_one_full  avia-builder-el-first  \" style='border-radius:0px; '><div  class='avia-image-container  av-styling-    avia-builder-el-1  avia-builder-el-no-sibling  avia-align-center '  itemprop=\"image\" itemscope=\"itemscope\" itemtype=\"https:\/\/schema.org\/ImageObject\"  ><div class='avia-image-container-inner'><div class='avia-image-overlay-wrap'><img decoding=\"async\" class='wp-image-21668 avia-img-lazy-loading-not-21668 avia_image' src=\"https:\/\/radiorevelacionfm.cl\/wp-content\/uploads\/2022\/09\/FOTO-1-25-1-1.jpg\" alt='' title='FOTO 1 (25) (1) (1)' height=\"600\" width=\"889\"  itemprop=\"thumbnailUrl\" srcset=\"https:\/\/radiorevelacionfm.cl\/wp-content\/uploads\/2022\/09\/FOTO-1-25-1-1.jpg 889w, https:\/\/radiorevelacionfm.cl\/wp-content\/uploads\/2022\/09\/FOTO-1-25-1-1-300x202.jpg 300w, https:\/\/radiorevelacionfm.cl\/wp-content\/uploads\/2022\/09\/FOTO-1-25-1-1-768x518.jpg 768w, https:\/\/radiorevelacionfm.cl\/wp-content\/uploads\/2022\/09\/FOTO-1-25-1-1-705x476.jpg 705w, https:\/\/radiorevelacionfm.cl\/wp-content\/uploads\/2022\/09\/FOTO-1-25-1-1-600x405.jpg 600w\" sizes=\"(max-width: 889px) 100vw, 889px\" \/><\/div><\/div><\/div><\/div><div class=\"flex_column av_one_full  flex_column_div av-zero-column-padding first  avia-builder-el-2  el_after_av_one_full  el_before_av_one_full  column-top-margin\" style='border-radius:0px; '><section class=\"av_textblock_section \"  itemscope=\"itemscope\" itemtype=\"https:\/\/schema.org\/BlogPosting\" itemprop=\"blogPost\" ><div class='avia_textblock  '   itemprop=\"text\" ><p style=\"text-align: center;\"><strong><span style=\"font-size: 18pt;\">Injuv y Preuniversitario Popular Choy\u00fcn firman importante convenio de cooperaci\u00f3n<\/span><\/strong><\/p>\n<div id=\"gtx-trans\" style=\"position: absolute; left: -50px; top: 4.31534px;\">\n<div class=\"gtx-trans-icon\"><\/div>\n<\/div>\n<\/div><\/section><\/div><div class=\"flex_column av_one_full  flex_column_div av-zero-column-padding first  avia-builder-el-4  el_after_av_one_full  el_before_av_hr  column-top-margin\" style='border-radius:0px; '><section class=\"av_textblock_section \"  itemscope=\"itemscope\" itemtype=\"https:\/\/schema.org\/BlogPosting\" itemprop=\"blogPost\" ><div class='avia_textblock  '   itemprop=\"text\" ><p style=\"text-align: justify;\">Con el objetivo de establecer v\u00ednculos de cooperaci\u00f3n y trabajo en conjunto para potenciar la participaci\u00f3n de la comunidad juvenil regional y promoci\u00f3n de la inclusi\u00f3n, el Instituto Nacional de la Juventud (INJUV) y el Preuniversitario Popular Choy\u00fcn firman importante convenio de cooperaci\u00f3n dirigido a los j\u00f3venes de la regi\u00f3n.<\/p>\n<p style=\"text-align: justify;\">El convenio firmado por ambas entidades busca tambi\u00e9n el empoderamiento juvenil y la reducci\u00f3n de las brechas de acceso a la educaci\u00f3n superior. Las y los j\u00f3venes podr\u00e1n utilizar de forma gratuita el cowork que tiene a disposici\u00f3n INJUV y contaran con impresiones gratuitas de los diferentes ensayos que deben realizar los estudiantes.<\/p>\n<p style=\"text-align: justify;\">Respecto a la iniciativa, la directora regional (s) de INJUV, G\u00e9nesis Arias Fuentes, sostuvo que \u201cestamos muy contentos por este significativo convenio firmado, nuestro objetivo como INJUV es entregar m\u00e1s y mejores espacios de participaci\u00f3n a nuestra juventud y eso se concreta ahora con la firma de este convenio. Invitamos a las y los j\u00f3venes del Preuniversitario Popular Choy\u00fcn y toda la juventud regional a conocer nuestra oferta program\u00e1tica y visitar la direcci\u00f3n regional ya que tenemos un muy buen espacio colaborativo creado especialmente para nuestros j\u00f3venes\u201d.<\/p>\n<p style=\"text-align: justify;\">En tanto la representante del Preuniversitario Popular Chuy\u00fcn, Yorka Cheuquian, indic\u00f3 que \u201cestamos s\u00faper contentos por esta importante firma, ya que nos garantiza la impresi\u00f3n de los distintos ensayos para la prueba de los estudiantes, nosotros como preuniversitario brindamos las cuatro asignaturas, lenguaje, matem\u00e1ticas, ciencias e historia y sabemos que tenemos que contar con este gran beneficio que de cierta manera a nosotros nos viene a mejorar bastante la entrega del aprendizaje a nuestros estudiantes, as\u00ed que estamos \u00a0muy agradecidos. Mencionar que esta conversaci\u00f3n se dio a trav\u00e9s de una actividad de gobierno en terreno que fue realizada por la Delegaci\u00f3n Presidencial, ah\u00ed pudimos realizar las redes de apoyo para finalmente poder concretar este importante convenio\u201d.<\/p>\n<p style=\"text-align: justify;\">En la misma l\u00ednea se\u00f1al\u00f3 \u201cdestacamos y agradecemos el tremendo apoyo y compromiso que tienen los profesionales voluntarios Camila Neiculeo, profesora de Lenguaje, Jos\u00e9 Orrego, profesor de Lenguaje, Pablo Bulnes, profesor de Ciencias, Diego Salinas, profesor de Historia y Mirko Cortez, profesor de Matem\u00e1ticas. Sin su ayuda este proyecto no ser\u00eda lo mismo\u201d.<\/p>\n<p style=\"text-align: justify;\">Aylin \u00c1lvarez, alumna del preuniversitario agradeci\u00f3 la iniciativa de ambas entidades y se\u00f1alo que \u201cesta firma de convenio me parece excelente ya que nos permite contar con los mismos beneficios que existen en otros preuniversitarios, tener las mismas oportunidades, agradecemos el apoyo, me siento muy apoyada y mis compa\u00f1eros tambi\u00e9n destacan la ayuda brindada\u201d.<\/p>\n<p style=\"text-align: justify;\">Diego Salinas, profesor voluntario expres\u00f3 que \u201cme parece s\u00faper bien esta firma de convenio, estoy muy contento de que INJUV haya realizado este acuerdo, el preuniversitario es un esfuerzo de voluntades, ya que todo es autogestionado y siempre estamos necesitando ayuda\u201d.<\/p>\n<\/div><\/section><\/div><div  style='height:50px' class='hr hr-invisible   avia-builder-el-6  el_after_av_one_full  el_before_av_social_share '><span class='hr-inner ' ><span class='hr-inner-style'><\/span><\/span><\/div><\/p>\n<div  class='av-social-sharing-box  avia-builder-el-7  el_after_av_hr  el_before_av_hr  '><div class='av-share-box'><h5 class='av-share-link-description av-no-toc '>Compartir esta noticia<\/h5><ul class='av-share-box-list noLightbox'><li class='av-share-link av-social-link-facebook' ><a target=\"_blank\" aria-label=\"Compartir en Facebook\" href='https:\/\/www.facebook.com\/sharer.php?u=https:\/\/radiorevelacionfm.cl\/?p=21667&#038;t=Injuv%20y%20Preuniversitario%20Popular%20Choy%C3%BCn%20firman%20importante%20convenio%20de%20cooperaci%C3%B3n' aria-hidden='false' data-av_icon='\ue8f3' data-av_iconfont='entypo-fontello' title='' data-avia-related-tooltip='Compartir en Facebook' rel=\"noopener\"><span class='avia_hidden_link_text'>Compartir en Facebook<\/span><\/a><\/li><li class='av-share-link av-social-link-twitter' ><a target=\"_blank\" aria-label=\"Compartir en Twitter\" href='https:\/\/twitter.com\/share?text=Injuv%20y%20Preuniversitario%20Popular%20Choy%C3%BCn%20firman%20importante%20convenio%20de%20cooperaci%C3%B3n&#038;url=https:\/\/radiorevelacionfm.cl\/?p=21667' aria-hidden='false' data-av_icon='\ue8f1' data-av_iconfont='entypo-fontello' title='' data-avia-related-tooltip='Compartir en Twitter' rel=\"noopener\"><span class='avia_hidden_link_text'>Compartir en Twitter<\/span><\/a><\/li><li class='av-share-link av-social-link-whatsapp' ><a target=\"_blank\" aria-label=\"Compartir en Whatsapp\" href='https:\/\/api.whatsapp.com\/send?text=https:\/\/radiorevelacionfm.cl\/?p=21667' aria-hidden='false' data-av_icon='\uf232' data-av_iconfont='entypo-fontello' title='' data-avia-related-tooltip='Compartir en Whatsapp' rel=\"noopener\"><span class='avia_hidden_link_text'>Compartir en Whatsapp<\/span><\/a><\/li><li class='av-share-link av-social-link-linkedin' ><a target=\"_blank\" aria-label=\"Compartir en LinkedIn\" href='https:\/\/linkedin.com\/shareArticle?mini=true&#038;title=Injuv%20y%20Preuniversitario%20Popular%20Choy%C3%BCn%20firman%20importante%20convenio%20de%20cooperaci%C3%B3n&#038;url=https:\/\/radiorevelacionfm.cl\/?p=21667' aria-hidden='false' data-av_icon='\ue8fc' data-av_iconfont='entypo-fontello' title='' data-avia-related-tooltip='Compartir en LinkedIn' rel=\"noopener\"><span class='avia_hidden_link_text'>Compartir en LinkedIn<\/span><\/a><\/li><li class='av-share-link av-social-link-mail' ><a  aria-label=\"Compartir por correo\" href='mailto:?subject=Injuv%20y%20Preuniversitario%20Popular%20Choy%C3%BCn%20firman%20importante%20convenio%20de%20cooperaci%C3%B3n&#038;body=https:\/\/radiorevelacionfm.cl\/?p=21667' aria-hidden='false' data-av_icon='\ue805' data-av_iconfont='entypo-fontello' title='' data-avia-related-tooltip='Compartir por correo'><span class='avia_hidden_link_text'>Compartir por correo<\/span><\/a><\/li><\/ul><\/div><\/div>\n<div  style='height:50px' class='hr hr-invisible   avia-builder-el-8  el_after_av_social_share  el_before_av_comments_list '><span class='hr-inner ' ><span class='hr-inner-style'><\/span><\/span><\/div>\n<div  class='av-buildercomment  av-blog-meta-html-info-disabled av-blog-meta-tag-disabled  '><\/div>\n","protected":false},"excerpt":{"rendered":"","protected":false},"author":1,"featured_media":21668,"comment_status":"open","ping_status":"open","sticky":false,"template":"","format":"standard","meta":{"footnotes":""},"categories":[38],"tags":[],"class_list":["post-21667","post","type-post","status-publish","format-standard","has-post-thumbnail","hentry","category-regional"],"jetpack_featured_media_url":"https:\/\/radiorevelacionfm.cl\/wp-content\/uploads\/2022\/09\/FOTO-1-25-1-1.jpg","_links":{"self":[{"href":"https:\/\/radiorevelacionfm.cl\/index.php?rest_route=\/wp\/v2\/posts\/21667","targetHints":{"allow":["GET"]}}],"collection":[{"href":"https:\/\/radiorevelacionfm.cl\/index.php?rest_route=\/wp\/v2\/posts"}],"about":[{"href":"https:\/\/radiorevelacionfm.cl\/index.php?rest_route=\/wp\/v2\/types\/post"}],"author":[{"embeddable":true,"href":"https:\/\/radiorevelacionfm.cl\/index.php?rest_route=\/wp\/v2\/users\/1"}],"replies":[{"embeddable":true,"href":"https:\/\/radiorevelacionfm.cl\/index.php?rest_route=%2Fwp%2Fv2%2Fcomments&post=21667"}],"version-history":[{"count":2,"href":"https:\/\/radiorevelacionfm.cl\/index.php?rest_route=\/wp\/v2\/posts\/21667\/revisions"}],"predecessor-version":[{"id":21676,"href":"https:\/\/radiorevelacionfm.cl\/index.php?rest_route=\/wp\/v2\/posts\/21667\/revisions\/21676"}],"wp:featuredmedia":[{"embeddable":true,"href":"https:\/\/radiorevelacionfm.cl\/index.php?rest_route=\/wp\/v2\/media\/21668"}],"wp:attachment":[{"href":"https:\/\/radiorevelacionfm.cl\/index.php?rest_route=%2Fwp%2Fv2%2Fmedia&parent=21667"}],"wp:term":[{"taxonomy":"category","embeddable":true,"href":"https:\/\/radiorevelacionfm.cl\/index.php?rest_route=%2Fwp%2Fv2%2Fcategories&post=21667"},{"taxonomy":"post_tag","embeddable":true,"href":"https:\/\/radiorevelacionfm.cl\/index.php?rest_route=%2Fwp%2Fv2%2Ftags&post=21667"}],"curies":[{"name":"wp","href":"https:\/\/api.w.org\/{rel}","templated":true}]}}