{"id":21662,"date":"2022-09-11T15:07:53","date_gmt":"2022-09-11T18:07:53","guid":{"rendered":"https:\/\/radiorevelacionfm.cl\/?p=21662"},"modified":"2022-09-11T15:07:53","modified_gmt":"2022-09-11T18:07:53","slug":"seremi-de-gobierno-y-49-anos-del-golpe-militar-un-pueblo-sin-memoria-es-un-pueblo-sin-futuro","status":"publish","type":"post","link":"https:\/\/radiorevelacionfm.cl\/?p=21662","title":{"rendered":"Seremi de Gobierno y 49 a\u00f1os del Golpe Militar: \u00abUn pueblo sin memoria es un pueblo sin futuro\u00bb"},"content":{"rendered":"<div class=\"flex_column av_one_full  flex_column_div av-zero-column-padding first  avia-builder-el-0  el_before_av_one_full  avia-builder-el-first  \" style='border-radius:0px; '><div  class='avia-image-container  av-styling-    avia-builder-el-1  avia-builder-el-no-sibling  avia-align-center '  itemprop=\"image\" itemscope=\"itemscope\" itemtype=\"https:\/\/schema.org\/ImageObject\"  ><div class='avia-image-container-inner'><div class='avia-image-overlay-wrap'><img decoding=\"async\" class='wp-image-21663 avia-img-lazy-loading-not-21663 avia_image' src=\"https:\/\/radiorevelacionfm.cl\/wp-content\/uploads\/2022\/09\/Seremi-3-1-1-1.jpeg\" alt='' title='Seremi 3 (1) (1) (1)' height=\"600\" width=\"901\"  itemprop=\"thumbnailUrl\" srcset=\"https:\/\/radiorevelacionfm.cl\/wp-content\/uploads\/2022\/09\/Seremi-3-1-1-1.jpeg 901w, https:\/\/radiorevelacionfm.cl\/wp-content\/uploads\/2022\/09\/Seremi-3-1-1-1-300x200.jpeg 300w, https:\/\/radiorevelacionfm.cl\/wp-content\/uploads\/2022\/09\/Seremi-3-1-1-1-768x511.jpeg 768w, https:\/\/radiorevelacionfm.cl\/wp-content\/uploads\/2022\/09\/Seremi-3-1-1-1-705x469.jpeg 705w, https:\/\/radiorevelacionfm.cl\/wp-content\/uploads\/2022\/09\/Seremi-3-1-1-1-600x400.jpeg 600w\" sizes=\"(max-width: 901px) 100vw, 901px\" \/><\/div><\/div><\/div><\/div><div class=\"flex_column av_one_full  flex_column_div av-zero-column-padding first  avia-builder-el-2  el_after_av_one_full  el_before_av_one_full  column-top-margin\" style='border-radius:0px; '><section class=\"av_textblock_section \"  itemscope=\"itemscope\" itemtype=\"https:\/\/schema.org\/BlogPosting\" itemprop=\"blogPost\" ><div class='avia_textblock  '   itemprop=\"text\" ><p style=\"text-align: center;\"><strong><span style=\"font-size: 18pt;\">Seremi de Gobierno y 49 a\u00f1os del Golpe Militar: \u00abUn pueblo sin memoria es un pueblo sin futuro\u00bb<\/span><\/strong><\/p>\n<div id=\"gtx-trans\" style=\"position: absolute; left: -50px; top: 4.31534px;\">\n<div class=\"gtx-trans-icon\"><\/div>\n<\/div>\n<\/div><\/section><\/div><div class=\"flex_column av_one_full  flex_column_div av-zero-column-padding first  avia-builder-el-4  el_after_av_one_full  el_before_av_hr  column-top-margin\" style='border-radius:0px; '><section class=\"av_textblock_section \"  itemscope=\"itemscope\" itemtype=\"https:\/\/schema.org\/BlogPosting\" itemprop=\"blogPost\" ><div class='avia_textblock  '   itemprop=\"text\" ><div>\n<p class=\"v1MsoNormal\" style=\"text-align: justify;\">En el marco de la conmemoraci\u00f3n de los 49 a\u00f1os del Golpe de Estado, la Seremi Tatiana Pl\u00e1 \u00c1lvarez, destac\u00f3 el compromiso del Presidente Gabriel Boric con la b\u00fasqueda incansable de<span class=\"v1gmail-Apple-converted-space\">\u00a0<\/span>\u00a0m\u00e1s de 1.192 personas de las cuales a\u00fan se desconoce su paradero, y reiter\u00f3 el llamado del Gobierno a reflexionar sobre el pasado, pero tambi\u00e9n sobre el futuro.<\/p>\n<p class=\"v1MsoNormal\" style=\"text-align: justify;\">\u00abEste es un d\u00eda para recordar y conmemorar a tantos y tantas que lucharon por nuestro pa\u00eds y nuestra democracia, hombres y mujeres que fueron desaparecidos sin que hasta hoy conozcamos sus paraderos, as\u00ed como tambi\u00e9n a quienes sufrieron persecuciones, humillaciones, exilios\u00bb, se\u00f1al\u00f3 la vocera.<\/p>\n<p class=\"v1MsoNormal\" style=\"text-align: justify;\">\u00abComo lo se\u00f1al\u00f3 el Presidente Gabriel Boric,<span class=\"v1gmail-Apple-converted-space\">\u00a0<\/span><i>memoria tambi\u00e9n es futuro y eso es lo que queremos transmitir<\/i>. Como Gobierno tenemos un compromiso con las v\u00edctimas, con su historia, sus familias, y este es un compromiso \u00e9tico y pol\u00edtico que hoy d\u00eda reafirmamos con mucha fuerza, cuando comenzamos tambi\u00e9n a\u00a0conmemorar lo que van a ser los 50 a\u00f1os del golpe de Estado de 1972&#8243;, agreg\u00f3.<\/p>\n<p class=\"v1MsoNormal\" style=\"text-align: justify;\">La Seremi tambi\u00e9n destac\u00f3 las palabras del Primer Mandatario, quien en el acto de oficial de conmemoraci\u00f3n\u00a0<span class=\"v1gmail-Apple-converted-space\">\u00a0<\/span>del 11 de septiembre reafirm\u00f3 su voluntad de no permitir la impunidad en actos de violaci\u00f3n de DD.HH., as\u00ed como tambi\u00e9n su compromiso por la verdad, la justicia y la reparaci\u00f3n.<b><\/b><\/p>\n<p class=\"v1MsoNormal\" style=\"text-align: justify;\">\u00abEfectivamente, la historia no parte con nosotros y a la fecha hay causas que siguen vigentes, como la de los Detenidos Desaparecidos que conmemoramos\u00a0<span class=\"v1gmail-Apple-converted-space\">\u00a0<\/span>hoy, y bien vale la pena recordarlas en medio de todas las vor\u00e1gines pol\u00edtica porque como pa\u00eds tenemos que volver a trabajar unidos, tenemos que trabajar por encontrarnos\u00bb, a\u00f1adi\u00f3.<\/p>\n<p class=\"v1MsoNormal\" style=\"text-align: justify;\">Finalmente, la Seremi de Gobierno manifest\u00f3 su reconocimiento a las organizaciones de detenidos desaparecidos y de derechos humanos \u00abpor su compromiso, su incansable trabajo y su invaluable aporte a la sociedad que estamos construyendo\u00bb.<\/p>\n<\/div>\n<div style=\"text-align: justify;\"><\/div>\n<\/div><\/section><\/div><div  style='height:50px' class='hr hr-invisible   avia-builder-el-6  el_after_av_one_full  el_before_av_social_share '><span class='hr-inner ' ><span class='hr-inner-style'><\/span><\/span><\/div><\/p>\n<div  class='av-social-sharing-box  avia-builder-el-7  el_after_av_hr  el_before_av_hr  '><div class='av-share-box'><h5 class='av-share-link-description av-no-toc '>Compartir esta noticia<\/h5><ul class='av-share-box-list noLightbox'><li class='av-share-link av-social-link-facebook' ><a target=\"_blank\" aria-label=\"Compartir en Facebook\" href='https:\/\/www.facebook.com\/sharer.php?u=https:\/\/radiorevelacionfm.cl\/?p=21662&#038;t=Seremi%20de%20Gobierno%20y%2049%20a%C3%B1os%20del%20Golpe%20Militar%3A%20%C2%ABUn%20pueblo%20sin%20memoria%20es%20un%20pueblo%20sin%20futuro%C2%BB' aria-hidden='false' data-av_icon='\ue8f3' data-av_iconfont='entypo-fontello' title='' data-avia-related-tooltip='Compartir en Facebook' rel=\"noopener\"><span class='avia_hidden_link_text'>Compartir en Facebook<\/span><\/a><\/li><li class='av-share-link av-social-link-twitter' ><a target=\"_blank\" aria-label=\"Compartir en Twitter\" href='https:\/\/twitter.com\/share?text=Seremi%20de%20Gobierno%20y%2049%20a%C3%B1os%20del%20Golpe%20Militar%3A%20%C2%ABUn%20pueblo%20sin%20memoria%20es%20un%20pueblo%20sin%20futuro%C2%BB&#038;url=https:\/\/radiorevelacionfm.cl\/?p=21662' aria-hidden='false' data-av_icon='\ue8f1' data-av_iconfont='entypo-fontello' title='' data-avia-related-tooltip='Compartir en Twitter' rel=\"noopener\"><span class='avia_hidden_link_text'>Compartir en Twitter<\/span><\/a><\/li><li class='av-share-link av-social-link-whatsapp' ><a target=\"_blank\" aria-label=\"Compartir en Whatsapp\" href='https:\/\/api.whatsapp.com\/send?text=https:\/\/radiorevelacionfm.cl\/?p=21662' aria-hidden='false' data-av_icon='\uf232' data-av_iconfont='entypo-fontello' title='' data-avia-related-tooltip='Compartir en Whatsapp' rel=\"noopener\"><span class='avia_hidden_link_text'>Compartir en Whatsapp<\/span><\/a><\/li><li class='av-share-link av-social-link-linkedin' ><a target=\"_blank\" aria-label=\"Compartir en LinkedIn\" href='https:\/\/linkedin.com\/shareArticle?mini=true&#038;title=Seremi%20de%20Gobierno%20y%2049%20a%C3%B1os%20del%20Golpe%20Militar%3A%20%C2%ABUn%20pueblo%20sin%20memoria%20es%20un%20pueblo%20sin%20futuro%C2%BB&#038;url=https:\/\/radiorevelacionfm.cl\/?p=21662' aria-hidden='false' data-av_icon='\ue8fc' data-av_iconfont='entypo-fontello' title='' data-avia-related-tooltip='Compartir en LinkedIn' rel=\"noopener\"><span class='avia_hidden_link_text'>Compartir en LinkedIn<\/span><\/a><\/li><li class='av-share-link av-social-link-mail' ><a  aria-label=\"Compartir por correo\" href='mailto:?subject=Seremi%20de%20Gobierno%20y%2049%20a%C3%B1os%20del%20Golpe%20Militar%3A%20%C2%ABUn%20pueblo%20sin%20memoria%20es%20un%20pueblo%20sin%20futuro%C2%BB&#038;body=https:\/\/radiorevelacionfm.cl\/?p=21662' aria-hidden='false' data-av_icon='\ue805' data-av_iconfont='entypo-fontello' title='' data-avia-related-tooltip='Compartir por correo'><span class='avia_hidden_link_text'>Compartir por correo<\/span><\/a><\/li><\/ul><\/div><\/div>\n<div  style='height:50px' class='hr hr-invisible   avia-builder-el-8  el_after_av_social_share  el_before_av_comments_list '><span class='hr-inner ' ><span class='hr-inner-style'><\/span><\/span><\/div>\n<div  class='av-buildercomment  av-blog-meta-html-info-disabled av-blog-meta-tag-disabled  '><\/div>\n","protected":false},"excerpt":{"rendered":"","protected":false},"author":1,"featured_media":21663,"comment_status":"open","ping_status":"open","sticky":false,"template":"","format":"standard","meta":{"footnotes":""},"categories":[38],"tags":[],"class_list":["post-21662","post","type-post","status-publish","format-standard","has-post-thumbnail","hentry","category-regional"],"jetpack_featured_media_url":"https:\/\/radiorevelacionfm.cl\/wp-content\/uploads\/2022\/09\/Seremi-3-1-1-1.jpeg","_links":{"self":[{"href":"https:\/\/radiorevelacionfm.cl\/index.php?rest_route=\/wp\/v2\/posts\/21662","targetHints":{"allow":["GET"]}}],"collection":[{"href":"https:\/\/radiorevelacionfm.cl\/index.php?rest_route=\/wp\/v2\/posts"}],"about":[{"href":"https:\/\/radiorevelacionfm.cl\/index.php?rest_route=\/wp\/v2\/types\/post"}],"author":[{"embeddable":true,"href":"https:\/\/radiorevelacionfm.cl\/index.php?rest_route=\/wp\/v2\/users\/1"}],"replies":[{"embeddable":true,"href":"https:\/\/radiorevelacionfm.cl\/index.php?rest_route=%2Fwp%2Fv2%2Fcomments&post=21662"}],"version-history":[{"count":2,"href":"https:\/\/radiorevelacionfm.cl\/index.php?rest_route=\/wp\/v2\/posts\/21662\/revisions"}],"predecessor-version":[{"id":21665,"href":"https:\/\/radiorevelacionfm.cl\/index.php?rest_route=\/wp\/v2\/posts\/21662\/revisions\/21665"}],"wp:featuredmedia":[{"embeddable":true,"href":"https:\/\/radiorevelacionfm.cl\/index.php?rest_route=\/wp\/v2\/media\/21663"}],"wp:attachment":[{"href":"https:\/\/radiorevelacionfm.cl\/index.php?rest_route=%2Fwp%2Fv2%2Fmedia&parent=21662"}],"wp:term":[{"taxonomy":"category","embeddable":true,"href":"https:\/\/radiorevelacionfm.cl\/index.php?rest_route=%2Fwp%2Fv2%2Fcategories&post=21662"},{"taxonomy":"post_tag","embeddable":true,"href":"https:\/\/radiorevelacionfm.cl\/index.php?rest_route=%2Fwp%2Fv2%2Ftags&post=21662"}],"curies":[{"name":"wp","href":"https:\/\/api.w.org\/{rel}","templated":true}]}}