{"id":21658,"date":"2022-09-20T10:07:49","date_gmt":"2022-09-20T13:07:49","guid":{"rendered":"https:\/\/radiorevelacionfm.cl\/?p=21658"},"modified":"2022-09-20T10:07:49","modified_gmt":"2022-09-20T13:07:49","slug":"red-de-mentoras-del-ministerio-de-ciencia-es-parte-del-sello-chile-para-todas","status":"publish","type":"post","link":"https:\/\/radiorevelacionfm.cl\/?p=21658","title":{"rendered":"Red de Mentoras del Ministerio de Ciencia es parte del sello \u00abChile para Todas\u00bb"},"content":{"rendered":"<div class=\"flex_column av_one_full  flex_column_div av-zero-column-padding first  avia-builder-el-0  el_before_av_one_full  avia-builder-el-first  \" style='border-radius:0px; '><div  class='avia-image-container  av-styling-    avia-builder-el-1  avia-builder-el-no-sibling  avia-align-center '  itemprop=\"image\" itemscope=\"itemscope\" itemtype=\"https:\/\/schema.org\/ImageObject\"  ><div class='avia-image-container-inner'><div class='avia-image-overlay-wrap'><img decoding=\"async\" class='wp-image-21659 avia-img-lazy-loading-not-21659 avia_image' src=\"https:\/\/radiorevelacionfm.cl\/wp-content\/uploads\/2022\/09\/Chile-para-todas-1-1.jpg\" alt='' title='Chile para todas (1) (1)' height=\"600\" width=\"1067\"  itemprop=\"thumbnailUrl\" srcset=\"https:\/\/radiorevelacionfm.cl\/wp-content\/uploads\/2022\/09\/Chile-para-todas-1-1.jpg 1067w, https:\/\/radiorevelacionfm.cl\/wp-content\/uploads\/2022\/09\/Chile-para-todas-1-1-300x169.jpg 300w, https:\/\/radiorevelacionfm.cl\/wp-content\/uploads\/2022\/09\/Chile-para-todas-1-1-1030x579.jpg 1030w, https:\/\/radiorevelacionfm.cl\/wp-content\/uploads\/2022\/09\/Chile-para-todas-1-1-768x432.jpg 768w, https:\/\/radiorevelacionfm.cl\/wp-content\/uploads\/2022\/09\/Chile-para-todas-1-1-705x396.jpg 705w, https:\/\/radiorevelacionfm.cl\/wp-content\/uploads\/2022\/09\/Chile-para-todas-1-1-600x337.jpg 600w\" sizes=\"(max-width: 1067px) 100vw, 1067px\" \/><\/div><\/div><\/div><\/div><div class=\"flex_column av_one_full  flex_column_div av-zero-column-padding first  avia-builder-el-2  el_after_av_one_full  el_before_av_one_full  column-top-margin\" style='border-radius:0px; '><section class=\"av_textblock_section \"  itemscope=\"itemscope\" itemtype=\"https:\/\/schema.org\/BlogPosting\" itemprop=\"blogPost\" ><div class='avia_textblock  '   itemprop=\"text\" ><p style=\"text-align: center;\"><strong><span style=\"font-size: 18pt;\">Red de Mentoras del Ministerio de Ciencia es parte del sello \u00abChile para Todas\u00bb<\/span><\/strong><\/p>\n<div id=\"gtx-trans\" style=\"position: absolute; left: -50px; top: 4.31534px;\">\n<div class=\"gtx-trans-icon\"><\/div>\n<\/div>\n<\/div><\/section><\/div><div class=\"flex_column av_one_full  flex_column_div av-zero-column-padding first  avia-builder-el-4  el_after_av_one_full  el_before_av_hr  column-top-margin\" style='border-radius:0px; '><section class=\"av_textblock_section \"  itemscope=\"itemscope\" itemtype=\"https:\/\/schema.org\/BlogPosting\" itemprop=\"blogPost\" ><div class='avia_textblock  '   itemprop=\"text\" ><p class=\"v1MsoNormal\" style=\"text-align: justify;\"><span lang=\"es\">Programa de Liderazgo Feminista busca el desarrollo de la carrera de las mujeres que son parte del ecosistema CTCI para que puedan avanzar y ocupar posiciones de liderazgo en instituciones de educaci\u00f3n superior, centros de investigaci\u00f3n y cargos de nombramiento p\u00fablico.<\/span><\/p>\n<p class=\"v1MsoNormal\" style=\"text-align: justify;\"><span lang=\"es\">El Presidente Gabriel Boric present\u00f3 \u00abChile Para Todas\u00bb, un grupo de iniciativas y medidas concretas, intersectoriales, materiales, de corto y mediano plazo de ejecuci\u00f3n que ser\u00e1n realizadas por distintos Ministerios y que est\u00e1n destinadas exclusivamente a las mujeres del pa\u00eds.<\/span><\/p>\n<p class=\"v1MsoNormal\" style=\"text-align: justify;\"><span lang=\"es\">Para aportar a este plan el Ministerio de Ciencia, Tecnolog\u00eda, Conocimiento e Innovaci\u00f3n (CTCI), ejecutar\u00e1 un Programa de Liderazgo Feminista para potenciar el desarrollo de la carrera profesional de diversas mujeres que pertenezcan al \u00e1rea, facilitando herramientas que les permitan avanzar y desempe\u00f1ar posiciones de liderazgo en instituciones de educaci\u00f3n superior, centros de investigaci\u00f3n y en cargos de nombramiento p\u00fablico.<\/span><\/p>\n<p class=\"v1MsoNormal\" style=\"text-align: justify;\"><span lang=\"es\">Seg\u00fan indic\u00f3 la seremi de ciencia, Ver\u00f3nica Vallejos, \u00abpara el ministerio es de gran importancia fomentar la equidad, colaboraci\u00f3n y el respeto a la diversidad. En este contexto, el Programa de Liderazgo Feminista buscar\u00e1 potenciar a las investigadoras, no solamente d\u00e1ndoles visibilidad, sino que tambi\u00e9n permiti\u00e9ndoles desarrollar sus carreras profesionales, m\u00e1s all\u00e1 de su propia l\u00ednea de investigaci\u00f3n, en un marco de igualdad y libre de violencia\u00bb.<\/span><\/p>\n<p class=\"v1MsoNormal\" style=\"text-align: justify;\"><span lang=\"es\">La autoridad macrozonal coment\u00f3 que \u00abeste programa se dirige a conformar una Red de Mentoras, que integre el enfoque feminista, orientado a la participaci\u00f3n de mujeres asociadas a investigaciones dentro de las \u00e1reas de ciencias sociales, artes y humanidades, principalmente, considerando una mirada regional descentralizadora, potenciando la colaboraci\u00f3n y la solidaridad entre pares por sobre la competencia, el respeto a la diversidad y a los derechos humanos\u00bb.<\/span><\/p>\n<p class=\"v1MsoNormal\" style=\"text-align: justify;\"><span lang=\"es\">Las interesadas en participar del programa -que se espera inicie el \u00faltimo trimestre de este a\u00f1o- podr\u00e1n hacerlo a trav\u00e9s de una p\u00e1gina web que se habilitar\u00e1 pr\u00f3ximamente. La selecci\u00f3n ser\u00e1 realizada por el Ministerio, mediante un llamado p\u00fablico, considerando las diversidades sexo-gen\u00e9ricas, diversidad regional, disciplinar e inclusi\u00f3n. Adem\u00e1s, considerar\u00e1 una cobertura nacional, potenciando la participaci\u00f3n regional, y seleccionando al menos una integrante por regi\u00f3n.<\/span><\/p>\n<p class=\"v1MsoNormal\" style=\"text-align: justify;\"><span lang=\"es\">Algunos de los requisitos para postular son contar con al menos 5 a\u00f1os de experiencia profesional o acad\u00e9mica vinculada al \u00e1mbito CTCI, 2 a\u00f1os de liderazgo de pares, haber tenido contrato por al menos 2 a\u00f1os con alguna instituci\u00f3n del sistema CTCI. De ser necesario, se podr\u00e1 flexibilizar el requerimiento para que diversidades sexo-gen\u00e9ricas puedan acceder, considerando las barreras socioculturales en su trayectoria de vida\/carrera.\u00a0<\/span><\/p>\n<\/div><\/section><\/div><div  style='height:50px' class='hr hr-invisible   avia-builder-el-6  el_after_av_one_full  el_before_av_social_share '><span class='hr-inner ' ><span class='hr-inner-style'><\/span><\/span><\/div><\/p>\n<div  class='av-social-sharing-box  avia-builder-el-7  el_after_av_hr  el_before_av_hr  '><div class='av-share-box'><h5 class='av-share-link-description av-no-toc '>Compartir esta noticia<\/h5><ul class='av-share-box-list noLightbox'><li class='av-share-link av-social-link-facebook' ><a target=\"_blank\" aria-label=\"Compartir en Facebook\" href='https:\/\/www.facebook.com\/sharer.php?u=https:\/\/radiorevelacionfm.cl\/?p=21658&#038;t=Red%20de%20Mentoras%20del%20Ministerio%20de%20Ciencia%20es%20parte%20del%20sello%20%C2%ABChile%20para%20Todas%C2%BB' aria-hidden='false' data-av_icon='\ue8f3' data-av_iconfont='entypo-fontello' title='' data-avia-related-tooltip='Compartir en Facebook' rel=\"noopener\"><span class='avia_hidden_link_text'>Compartir en Facebook<\/span><\/a><\/li><li class='av-share-link av-social-link-twitter' ><a target=\"_blank\" aria-label=\"Compartir en Twitter\" href='https:\/\/twitter.com\/share?text=Red%20de%20Mentoras%20del%20Ministerio%20de%20Ciencia%20es%20parte%20del%20sello%20%C2%ABChile%20para%20Todas%C2%BB&#038;url=https:\/\/radiorevelacionfm.cl\/?p=21658' aria-hidden='false' data-av_icon='\ue8f1' data-av_iconfont='entypo-fontello' title='' data-avia-related-tooltip='Compartir en Twitter' rel=\"noopener\"><span class='avia_hidden_link_text'>Compartir en Twitter<\/span><\/a><\/li><li class='av-share-link av-social-link-whatsapp' ><a target=\"_blank\" aria-label=\"Compartir en Whatsapp\" href='https:\/\/api.whatsapp.com\/send?text=https:\/\/radiorevelacionfm.cl\/?p=21658' aria-hidden='false' data-av_icon='\uf232' data-av_iconfont='entypo-fontello' title='' data-avia-related-tooltip='Compartir en Whatsapp' rel=\"noopener\"><span class='avia_hidden_link_text'>Compartir en Whatsapp<\/span><\/a><\/li><li class='av-share-link av-social-link-linkedin' ><a target=\"_blank\" aria-label=\"Compartir en LinkedIn\" href='https:\/\/linkedin.com\/shareArticle?mini=true&#038;title=Red%20de%20Mentoras%20del%20Ministerio%20de%20Ciencia%20es%20parte%20del%20sello%20%C2%ABChile%20para%20Todas%C2%BB&#038;url=https:\/\/radiorevelacionfm.cl\/?p=21658' aria-hidden='false' data-av_icon='\ue8fc' data-av_iconfont='entypo-fontello' title='' data-avia-related-tooltip='Compartir en LinkedIn' rel=\"noopener\"><span class='avia_hidden_link_text'>Compartir en LinkedIn<\/span><\/a><\/li><li class='av-share-link av-social-link-mail' ><a  aria-label=\"Compartir por correo\" href='mailto:?subject=Red%20de%20Mentoras%20del%20Ministerio%20de%20Ciencia%20es%20parte%20del%20sello%20%C2%ABChile%20para%20Todas%C2%BB&#038;body=https:\/\/radiorevelacionfm.cl\/?p=21658' aria-hidden='false' data-av_icon='\ue805' data-av_iconfont='entypo-fontello' title='' data-avia-related-tooltip='Compartir por correo'><span class='avia_hidden_link_text'>Compartir por correo<\/span><\/a><\/li><\/ul><\/div><\/div>\n<div  style='height:50px' class='hr hr-invisible   avia-builder-el-8  el_after_av_social_share  el_before_av_comments_list '><span class='hr-inner ' ><span class='hr-inner-style'><\/span><\/span><\/div>\n<div  class='av-buildercomment  av-blog-meta-html-info-disabled av-blog-meta-tag-disabled  '><\/div>\n","protected":false},"excerpt":{"rendered":"","protected":false},"author":1,"featured_media":21659,"comment_status":"open","ping_status":"open","sticky":false,"template":"","format":"standard","meta":{"footnotes":""},"categories":[53],"tags":[],"class_list":["post-21658","post","type-post","status-publish","format-standard","has-post-thumbnail","hentry","category-ciencia"],"jetpack_featured_media_url":"https:\/\/radiorevelacionfm.cl\/wp-content\/uploads\/2022\/09\/Chile-para-todas-1-1.jpg","_links":{"self":[{"href":"https:\/\/radiorevelacionfm.cl\/index.php?rest_route=\/wp\/v2\/posts\/21658","targetHints":{"allow":["GET"]}}],"collection":[{"href":"https:\/\/radiorevelacionfm.cl\/index.php?rest_route=\/wp\/v2\/posts"}],"about":[{"href":"https:\/\/radiorevelacionfm.cl\/index.php?rest_route=\/wp\/v2\/types\/post"}],"author":[{"embeddable":true,"href":"https:\/\/radiorevelacionfm.cl\/index.php?rest_route=\/wp\/v2\/users\/1"}],"replies":[{"embeddable":true,"href":"https:\/\/radiorevelacionfm.cl\/index.php?rest_route=%2Fwp%2Fv2%2Fcomments&post=21658"}],"version-history":[{"count":2,"href":"https:\/\/radiorevelacionfm.cl\/index.php?rest_route=\/wp\/v2\/posts\/21658\/revisions"}],"predecessor-version":[{"id":21955,"href":"https:\/\/radiorevelacionfm.cl\/index.php?rest_route=\/wp\/v2\/posts\/21658\/revisions\/21955"}],"wp:featuredmedia":[{"embeddable":true,"href":"https:\/\/radiorevelacionfm.cl\/index.php?rest_route=\/wp\/v2\/media\/21659"}],"wp:attachment":[{"href":"https:\/\/radiorevelacionfm.cl\/index.php?rest_route=%2Fwp%2Fv2%2Fmedia&parent=21658"}],"wp:term":[{"taxonomy":"category","embeddable":true,"href":"https:\/\/radiorevelacionfm.cl\/index.php?rest_route=%2Fwp%2Fv2%2Fcategories&post=21658"},{"taxonomy":"post_tag","embeddable":true,"href":"https:\/\/radiorevelacionfm.cl\/index.php?rest_route=%2Fwp%2Fv2%2Ftags&post=21658"}],"curies":[{"name":"wp","href":"https:\/\/api.w.org\/{rel}","templated":true}]}}