{"id":21652,"date":"2022-09-11T15:20:37","date_gmt":"2022-09-11T18:20:37","guid":{"rendered":"https:\/\/radiorevelacionfm.cl\/?p=21652"},"modified":"2022-09-11T15:21:03","modified_gmt":"2022-09-11T18:21:03","slug":"realizan-balance-del-proyecto-nodo-ciencia-austral-en-las-regiones-de-aysen-y-de-magallanes-y-la-antartica-chilena","status":"publish","type":"post","link":"https:\/\/radiorevelacionfm.cl\/?p=21652","title":{"rendered":"Realizan balance del proyecto Nodo Ciencia Austral en las regiones de Ays\u00e9n, Magallanes y la Ant\u00e1rtica Chilena"},"content":{"rendered":"<div class=\"flex_column av_one_full  flex_column_div av-zero-column-padding first  avia-builder-el-0  el_before_av_one_full  avia-builder-el-first  \" style='border-radius:0px; '><div  class='avia-image-container  av-styling-    avia-builder-el-1  avia-builder-el-no-sibling  avia-align-center '  itemprop=\"image\" itemscope=\"itemscope\" itemtype=\"https:\/\/schema.org\/ImageObject\"  ><div class='avia-image-container-inner'><div class='avia-image-overlay-wrap'><img decoding=\"async\" class='wp-image-21653 avia-img-lazy-loading-not-21653 avia_image' src=\"https:\/\/radiorevelacionfm.cl\/wp-content\/uploads\/2022\/09\/Terreno-umag-1-1.jpg\" alt='' title='Terreno umag (1) (1)' height=\"600\" width=\"800\"  itemprop=\"thumbnailUrl\" srcset=\"https:\/\/radiorevelacionfm.cl\/wp-content\/uploads\/2022\/09\/Terreno-umag-1-1.jpg 800w, https:\/\/radiorevelacionfm.cl\/wp-content\/uploads\/2022\/09\/Terreno-umag-1-1-300x225.jpg 300w, https:\/\/radiorevelacionfm.cl\/wp-content\/uploads\/2022\/09\/Terreno-umag-1-1-768x576.jpg 768w, https:\/\/radiorevelacionfm.cl\/wp-content\/uploads\/2022\/09\/Terreno-umag-1-1-705x529.jpg 705w, https:\/\/radiorevelacionfm.cl\/wp-content\/uploads\/2022\/09\/Terreno-umag-1-1-600x450.jpg 600w\" sizes=\"(max-width: 800px) 100vw, 800px\" \/><\/div><\/div><\/div><\/div><div class=\"flex_column av_one_full  flex_column_div av-zero-column-padding first  avia-builder-el-2  el_after_av_one_full  el_before_av_one_full  column-top-margin\" style='border-radius:0px; '><section class=\"av_textblock_section \"  itemscope=\"itemscope\" itemtype=\"https:\/\/schema.org\/BlogPosting\" itemprop=\"blogPost\" ><div class='avia_textblock  '   itemprop=\"text\" ><p style=\"text-align: center;\"><strong><span style=\"font-size: 18pt;\">Realizan balance del proyecto Nodo Ciencia Austral en las regiones de Ays\u00e9n, Magallanes y la Ant\u00e1rtica Chilena<\/span><\/strong><\/p>\n<div id=\"gtx-trans\" style=\"position: absolute; left: -50px; top: 4.31534px;\">\n<div class=\"gtx-trans-icon\"><\/div>\n<\/div>\n<\/div><\/section><\/div><div class=\"flex_column av_one_full  flex_column_div av-zero-column-padding first  avia-builder-el-4  el_after_av_one_full  el_before_av_hr  column-top-margin\" style='border-radius:0px; '><section class=\"av_textblock_section \"  itemscope=\"itemscope\" itemtype=\"https:\/\/schema.org\/BlogPosting\" itemprop=\"blogPost\" ><div class='avia_textblock  '   itemprop=\"text\" ><p style=\"text-align: justify;\">A 20 meses de iniciada la implementaci\u00f3n del proyecto Nodo Ciencia Austral en las regiones de Ays\u00e9n y de Magallanes y la Ant\u00e1rtica Chilena; su director, el investigador Juan Carlos Aravena, y otros representantes de las instituciones que ejecutan esta iniciativa realizan un balance sobre los principales resultados y logros alcanzados. Un trabajo participativo, colaborativo y articulado que ha permitido comenzar a construir un sistema de gobernanza en esta materia y proyectar el desarrollo cient\u00edfico-tecnol\u00f3gico a nivel de macrozona.<\/p>\n<p style=\"text-align: justify;\"><span style=\"font-weight: 400;\">Un amplio equipo de cerca de 30 profesionales -entre ellos cient\u00edficos(as), psic\u00f3logos(as), ingenieros(as) y periodistas-, todos y todas habitantes de la macrozona austral, se re\u00fanen cada semana en encuentros virtuales liderados por el Dr. Juan Carlos Aravena, bi\u00f3logo e investigador de la Universidad de Magallanes. As\u00ed, se ha ido desarrollando la iniciativa Nodo Ciencia Austral que busca contribuir al fortalecimiento del ecosistema de ciencia, tecnolog\u00eda, conocimiento e innovaci\u00f3n y que nace el a\u00f1o 2020 a trav\u00e9s de una convocatoria levantada por la Agencia Nacional de Investigaci\u00f3n en el contexto de la instalaci\u00f3n del Ministerio de Ciencia y Tecnolog\u00eda en los territorios.<\/span><\/p>\n<p style=\"text-align: justify;\"><span style=\"font-weight: 400;\">\u201cEl plan era que cada macrozona se auto organizara, bajo los objetivos que ANID pretend\u00eda, armando una red de colaboraci\u00f3n en toda la macrozona y generar un diagn\u00f3stico, una hoja de ruta y despu\u00e9s implementarla. En el caso de las regiones de Ays\u00e9n y de Magallanes y Ant\u00e1rtica chilena, la propuesta se articul\u00f3 r\u00e1pidamente, puesto que el capital humano es reducido a diferencia de las otras macrozonas m\u00e1s grandes donde es m\u00e1s dif\u00edcil ponerse de acuerdo, en este caso la Universidad de Magallanes acept\u00f3 el reto y arm\u00f3 la propuesta invitando al Centro de Investigaci\u00f3n en Ecosistemas de la Patagonia (CIEP), al Instituto Chileno Ant\u00e1rtico (INACH) y a la Universidad de Ays\u00e9n. Si bien el equipo inicial fue de solo cuatro instituciones, las bases de la convocatoria marcaban e impulsaban de que se tratara de una iniciativa colaborativa, por lo tanto el resto de instituciones se ir\u00edan incorporando en el transcurso del proyecto\u201d, comenta Aravena.<\/span><\/p>\n<p style=\"text-align: justify;\"><span style=\"font-weight: 400;\">As\u00ed se dio vida al proyecto <\/span><span style=\"font-weight: 400;\">Nodo Ciencia Austral para la aceleraci\u00f3n de impacto territorial de la Ciencia, Tecnolog\u00eda, Conocimiento e Innovaci\u00f3n (CTCI), que busca identificar brechas que limitan el desarrollo cient\u00edfico-tecnol\u00f3gico, establecer prioridades y proponer una estrategia con el fin de robustecer el ecosistema de CTCI de las regiones de Ays\u00e9n y Magallanes y la Ant\u00e1rtica Chilena. <\/span><span style=\"font-weight: 400;\">De esta manera, la realizaci\u00f3n de diversos di\u00e1logos, talleres y encuentros confluyeron en un diagn\u00f3stico transversal y espec\u00edfico sobre la macrozona que identific\u00f3 las brechas, desaf\u00edos y capacidades en materia de CTCI. Para posteriormente continuar con la elaboraci\u00f3n de la Hoja de la Ruta, un in\u00e9dito instrumento de planificaci\u00f3n macrozonal hacia el a\u00f1o 2030, que ser\u00e1 presentada en los pr\u00f3ximos meses. As\u00ed, comienzan a visualizarse los primeros resultados de este proyecto.<\/span><\/p>\n<p style=\"text-align: justify;\"><span style=\"font-weight: 400;\">\u00a0<\/span><\/p>\n<p style=\"text-align: justify;\"><strong>Masas cr\u00edticas y pertinencia territorial<\/strong><\/p>\n<p style=\"text-align: justify;\"><span style=\"font-weight: 400;\">Uno de ellos, destaca el director del proyecto, Dr. Juan Carlos Aravena, es que se ha logrado implementar un trabajo articulado entre instituciones de las regiones de Ays\u00e9n y de Magallanes y la Ant\u00e1rtica Chilena. \u201dAl momento de comenzar a trabajar como equipo, ni siquiera nos conoc\u00edamos y si hab\u00eda alg\u00fan v\u00ednculo era a nivel personal, no institucional, por lo tanto el Nodo logr\u00f3 forjar un trabajo colaborativo y de intercambio entre instituciones que anteriormente ten\u00edan una baja conexi\u00f3n, porque en nuestra macrozona usualmente trabajamos muy aislados, ya que somos grupos de investigaci\u00f3n peque\u00f1os y con poca conexi\u00f3n entre s\u00ed.\u201d\u00a0\u00a0<\/span><\/p>\n<p style=\"text-align: justify;\"><span style=\"font-weight: 400;\">Durante el proceso diagn\u00f3stico, una de las brechas identificadas m\u00e1s fuertes que tienen las regiones australes es la masa cr\u00edtica, no s\u00f3lo de investigadores sino en todos los estamentos. \u201cEl diagn\u00f3stico fue un ba\u00f1o de realidad, en lo que respecta al capital humano, ya que la macrozona austral, es la m\u00e1s escasa en cuanto a n\u00famero de habitantes del territorio, por lo que siempre estas regiones van en desventaja, respecto a otras, por todo ello la importancia de generar una mejor gobernanza y estar en sinton\u00eda con los gobiernos regionales y a partir de ah\u00ed se pueden aumentar las capacidades\u201d.<\/span><\/p>\n<p style=\"text-align: justify;\"><span style=\"font-weight: 400;\">\u201cMasas cr\u00edticas son de las necesidades que sab\u00edamos, pero el trabajo del Nodo sirvi\u00f3 para sistematizar mejor las brechas y entenderlas de mejor forma\u201d, agrega el director de CIEP, Giovanni Daneri. \u201cTendr\u00edas que multiplicar por 100 para empezar a tener la masa cr\u00edtica que se requiere para abordar problemas tan complejos para la regi\u00f3n de Ays\u00e9n, como por ejemplo, la salmonicultura, lo que ocurre con la pesca, el tema energ\u00e9tico, el tema social, salud, todo el tema de la contaminaci\u00f3n, etc.\u201d.\u00a0<\/span><\/p>\n<p style=\"text-align: justify;\"><span style=\"font-weight: 400;\">C\u00f3mo fue planteado y c\u00f3mo se fue desarrollando el trabajo del Nodo Ciencia Austral ha sido parte de la evaluaci\u00f3n positiva de los representantes de las instituciones que implementan este proyecto. \u201cLo interesante es que este trabajo sale desde abajo hacia arriba, aqu\u00ed se juntaron los investigadores e hicieron un ejercicio en conjunto, un proceso que muchas veces se hac\u00eda al rev\u00e9s, desde el Estado. Nosotros mismos fuimos identificando las brechas y desaf\u00edos y proponiendo las l\u00edneas de investigaci\u00f3n. Los cient\u00edficos estamos siendo mucho m\u00e1s conscientes de la pertinencia que tiene que tener la investigaci\u00f3n, y sobre todo la pertinencia regional. El Nodo ha ayudado a identificar esas necesidades\u201d, comenta Daneri.\u00a0<\/span><\/p>\n<p style=\"text-align: justify;\"><span style=\"font-weight: 400;\">\u00a0<\/span><\/p>\n<p style=\"text-align: justify;\"><strong>Planificar en red para la macrozona<\/strong><\/p>\n<p style=\"text-align: justify;\"><span style=\"font-weight: 400;\">Con esta iniciativa, se abri\u00f3 un nuevo escenario, permitiendo que representantes de Ays\u00e9n y de Magallanes y la Ant\u00e1rtica Chilena, planificar\u00e1n en conjunto el desarrollo de la ciencia, la tecnolog\u00eda, el conocimiento y la innovaci\u00f3n para sus territorios. En esa l\u00ednea, desde la Universidad de Ays\u00e9n, la Encargada de la Unidad de Innovaci\u00f3n, Tecnolog\u00eda y Transferencia, Andrea Foessel, destaca que la articulaci\u00f3n lograda por el Nodo ha permitido \u201cvisibilizar las necesidades y brechas existentes, pero tambi\u00e9n nos ha ayudado a coordinarnos y a conversar, ha hecho que estas instancias sirvan para conectarnos, planificar, priorizar, qu\u00e9 es lo que queremos y qu\u00e9 es lo que podemos hacer como macrozona, para poder avanzar en instalar y potenciar un ecosistema en CTCI que entregue soluciones y nuevos conocimientos y que los transfiera a la comunidad\u201d.<\/span><\/p>\n<p style=\"text-align: justify;\"><span style=\"font-weight: 400;\">Por su parte, para el Instituto Chileno Ant\u00e1rtico, relevan el aporte en materiales de an\u00e1lisis e investigaci\u00f3n emp\u00edrica sobre el desarrollo del ecosistema de CTCI de la macrozona Austral, que se ha logrado durante el transcurso del proyecto. \u201cParticularmente, ha permitido cartografiar el campo del conocimiento de la ciencia ant\u00e1rtica nacional; conocer en profundidad la participaci\u00f3n de los centros de investigaci\u00f3n en la producci\u00f3n cient\u00edfica; las redes de colaboraci\u00f3n, el impacto de los instrumentos de financiamiento; y las brechas y desaf\u00edos en la macro zona austral. Todo ello, con el fin de orientar, en base a la evidencia, la toma de decisiones del quehacer ant\u00e1rtico nacional y regional\u201d, se\u00f1ala El\u00edas Andr\u00e9s Barticevic, investigador y jefe de la Secci\u00f3n Concursos del INACH.\u00a0<\/span><\/p>\n<p style=\"text-align: justify;\"><span style=\"font-weight: 400;\">El trabajo colaborativo entre diferentes actores de la sociedad, tanto civil como p\u00fablico, se ha visto marcado por el trabajo realizado desde la Secretar\u00eda Regional Ministerial de Ciencia, Tecnolog\u00eda, Conocimiento e Innovaci\u00f3n, liderado por Ver\u00f3nica Vallejos, quien comenta acerca del impacto que el Nodo est\u00e1 teniendo en las regiones australes: <\/span><span style=\"font-weight: 400;\">\u00abEl trabajo que est\u00e1 realizando el Nodo de Ciencia Austral, en donde destaco su hoja de ruta, puede ser insumo para la toma de decisiones a nivel macrozonal, ayudando a delinear las prioridades que en ciencia, tecnolog\u00eda, conocimiento e innovaci\u00f3n se espera sean abordadas. Por lo tanto, el trabajo del nodo para la macrozona es sumamente relevante, el cual en alg\u00fan grado ya est\u00e1 siendo considerado, tanto por el Gobierno Regional de Magallanes y de la Ant\u00e1rtica Chilena como por el Gobierno Regional de Ays\u00e9n\u00bb.\u00a0\u00a0<\/span><\/p>\n<p style=\"text-align: justify;\"><span style=\"font-weight: 400;\">De esta manera, el Director Juan Carlos Aravena es enf\u00e1tico en se\u00f1alar que -a 20 meses de implementaci\u00f3n del Nodo- se han cumplido las expectativas con creces, ya que al principio no estaba nada claro que el proyecto fuera a resultar. \u201cLas expectativas al inicio eran bajas en el sentido que nos parec\u00eda que era un ejercicio muy trabajoso, muy complicado y no est\u00e1bamos seguros de que iba a tener alguna relevancia porque pod\u00eda ser un trabajo meramente acad\u00e9mico y sin demasiada influencia en lo que pasaba en el ecosistema de ciencia y tecnolog\u00eda. No necesariamente lo que uno est\u00e1 haciendo va a tener alg\u00fan impacto. La trascendencia ha sido una pregunta recurrente que nosotros nos hemos estado haciendo desde el inicio\u201d, se\u00f1al\u00f3.\u00a0<\/span><\/p>\n<p style=\"text-align: justify;\"><span style=\"font-weight: 400;\">\u00a0<\/span><\/p>\n<p style=\"text-align: justify;\"><strong>Proyecciones para un Nodo permanente<\/strong><\/p>\n<p style=\"text-align: justify;\"><span style=\"font-weight: 400;\">Con los meses de trabajo, a trav\u00e9s de las distintas instancias participativas como el Comit\u00e9 de Coordinaci\u00f3n Macrozonal y otros espacios que sumaron en total m\u00e1s de 300 actores del ecosistema cient\u00edfico-tecnol\u00f3gico del territorio, el quehacer del Nodo comenz\u00f3 a alinearse con otros sucesos\u00a0 relevantes. Por ejemplo: \u201cla instalaci\u00f3n de las comisiones de ciencia y tecnolog\u00eda en cada una de las regiones y la funci\u00f3n de los gobiernos regionales elegidos por primera vez que tra\u00edan su propia agenda, esto enganch\u00f3 muy bien con la agenda que Nodo estaba desarrollando. La buena evaluaci\u00f3n que fue haciendo el Ministerio de Ciencia y ANID del desarrollo de los Nodos, sumado a los nuevos proyectos que han ido surgiendo. No obstante, esta iniciativa sigue siendo una apuesta\u201d, enfatiza Aravena.\u00a0<\/span><\/p>\n<p style=\"text-align: justify;\"><span style=\"font-weight: 400;\">Ese ha sido otro de los grandes logros, que este trabajo articulado sea la base para postular nuevas iniciativas desde el mismo equipo interdisciplinario e interregional, entre ellos, el Nodo de fortalecimiento, los Laboratorios Naturales Subant\u00e1rticos y un proyecto de Ciencia Abierta. Sumado a ello la proyecci\u00f3n de un tercer a\u00f1o de Nodo, sobre la base de la nueva convocatoria que ANID acaba de abrir, para darle continuidad a los nodos con un mayor financiamiento. \u201cAsegurar que el instrumento Nodo quede organizado de forma permanente, ese s\u00ed que es un resultado no esperado\u201d, destaca el Director del proyecto.<\/span><\/p>\n<p style=\"text-align: justify;\"><span style=\"font-weight: 400;\">Actualmente, en su segundo a\u00f1o, el equipo Nodo Ciencia Austral se encuentra trabajando en torno a tres ejes de acci\u00f3n, como resultado de los hallazgos y tendencias del diagn\u00f3stico realizado. El primero responde al dise\u00f1o de un sistema de gobernanza que contrarreste el problema de fragmentaci\u00f3n y fomente la articulaci\u00f3n de los actores en la Macrozona. \u201c<\/span><span style=\"font-weight: 400;\">Cada investigador y cada instituci\u00f3n hace lo que puede por su cuenta, sin mucha vinculaci\u00f3n en materia de ciencia y tecnolog\u00eda, por lo tanto, era necesario ordenar eso y darle un paraguas de organizaci\u00f3n o gobernanza\u201d, comenta Aravena. <\/span><span style=\"font-weight: 400;\">El segundo eje apunta a desarrollar el concepto de ciencia abierta para democratizar el acceso a la informaci\u00f3n cient\u00edfica, con actividades que buscan construir capital social e incrementar el impacto territorial. En tanto, el tercer foco consiste en fortalecer las capacidades de gesti\u00f3n de iniciativas cient\u00edficas, a trav\u00e9s de la elaboraci\u00f3n de una cartera de proyectos priorizados seg\u00fan los resultados de la Hoja de Ruta.\u00a0<\/span><\/p>\n<p style=\"text-align: justify;\"><span style=\"font-weight: 400;\">Para el tercer a\u00f1o, el equipo se encuentra en el proceso de postulaci\u00f3n, nuevamente impulsando un trabajo colaborativo entre la Universidad de Magallanes, la Universidad de Ays\u00e9n, el Instituto Ant\u00e1rtico Chileno (INACH) y el Centro de Investigaci\u00f3n en Ecosistemas de la Patagonia (CIEP). \u201cEsta propuesta implica darle seguimiento a algunas iniciativas de la Hoja de Ruta actual, entonces este instrumento al igual que el Nodo no terminan en diciembre, sino que van a tener al menos una extensi\u00f3n de un a\u00f1o m\u00e1s. Aunque la postulaci\u00f3n est\u00e1 en proceso de elaboraci\u00f3n, uno de los principales objetivos ser\u00e1 dar continuidad a esa forma de operar en t\u00e9rminos de seleccionar primero, de identificar iniciativas y despu\u00e9s de seleccionarlas y apoyarlas\u201d, concluye el Director del Nodo Ciencia Austral.<\/span><\/p>\n<p style=\"text-align: justify;\"><span style=\"font-weight: 400;\">\u00a0<\/span><\/p>\n<\/div><\/section><\/div><div  style='height:50px' class='hr hr-invisible   avia-builder-el-6  el_after_av_one_full  el_before_av_social_share '><span class='hr-inner ' ><span class='hr-inner-style'><\/span><\/span><\/div><\/p>\n<div  class='av-social-sharing-box  avia-builder-el-7  el_after_av_hr  el_before_av_hr  '><div class='av-share-box'><h5 class='av-share-link-description av-no-toc '>Compartir esta noticia<\/h5><ul class='av-share-box-list noLightbox'><li class='av-share-link av-social-link-facebook' ><a target=\"_blank\" aria-label=\"Compartir en Facebook\" href='https:\/\/www.facebook.com\/sharer.php?u=https:\/\/radiorevelacionfm.cl\/?p=21652&#038;t=Realizan%20balance%20del%20proyecto%20Nodo%20Ciencia%20Austral%20en%20las%20regiones%20de%20Ays%C3%A9n%2C%20Magallanes%20y%20la%20Ant%C3%A1rtica%20Chilena' aria-hidden='false' data-av_icon='\ue8f3' data-av_iconfont='entypo-fontello' title='' data-avia-related-tooltip='Compartir en Facebook' rel=\"noopener\"><span class='avia_hidden_link_text'>Compartir en Facebook<\/span><\/a><\/li><li class='av-share-link av-social-link-twitter' ><a target=\"_blank\" aria-label=\"Compartir en Twitter\" href='https:\/\/twitter.com\/share?text=Realizan%20balance%20del%20proyecto%20Nodo%20Ciencia%20Austral%20en%20las%20regiones%20de%20Ays%C3%A9n%2C%20Magallanes%20y%20la%20Ant%C3%A1rtica%20Chilena&#038;url=https:\/\/radiorevelacionfm.cl\/?p=21652' aria-hidden='false' data-av_icon='\ue8f1' data-av_iconfont='entypo-fontello' title='' data-avia-related-tooltip='Compartir en Twitter' rel=\"noopener\"><span class='avia_hidden_link_text'>Compartir en Twitter<\/span><\/a><\/li><li class='av-share-link av-social-link-whatsapp' ><a target=\"_blank\" aria-label=\"Compartir en Whatsapp\" href='https:\/\/api.whatsapp.com\/send?text=https:\/\/radiorevelacionfm.cl\/?p=21652' aria-hidden='false' data-av_icon='\uf232' data-av_iconfont='entypo-fontello' title='' data-avia-related-tooltip='Compartir en Whatsapp' rel=\"noopener\"><span class='avia_hidden_link_text'>Compartir en Whatsapp<\/span><\/a><\/li><li class='av-share-link av-social-link-linkedin' ><a target=\"_blank\" aria-label=\"Compartir en LinkedIn\" href='https:\/\/linkedin.com\/shareArticle?mini=true&#038;title=Realizan%20balance%20del%20proyecto%20Nodo%20Ciencia%20Austral%20en%20las%20regiones%20de%20Ays%C3%A9n%2C%20Magallanes%20y%20la%20Ant%C3%A1rtica%20Chilena&#038;url=https:\/\/radiorevelacionfm.cl\/?p=21652' aria-hidden='false' data-av_icon='\ue8fc' data-av_iconfont='entypo-fontello' title='' data-avia-related-tooltip='Compartir en LinkedIn' rel=\"noopener\"><span class='avia_hidden_link_text'>Compartir en LinkedIn<\/span><\/a><\/li><li class='av-share-link av-social-link-mail' ><a  aria-label=\"Compartir por correo\" href='mailto:?subject=Realizan%20balance%20del%20proyecto%20Nodo%20Ciencia%20Austral%20en%20las%20regiones%20de%20Ays%C3%A9n%2C%20Magallanes%20y%20la%20Ant%C3%A1rtica%20Chilena&#038;body=https:\/\/radiorevelacionfm.cl\/?p=21652' aria-hidden='false' data-av_icon='\ue805' data-av_iconfont='entypo-fontello' title='' data-avia-related-tooltip='Compartir por correo'><span class='avia_hidden_link_text'>Compartir por correo<\/span><\/a><\/li><\/ul><\/div><\/div>\n<div  style='height:50px' class='hr hr-invisible   avia-builder-el-8  el_after_av_social_share  el_before_av_comments_list '><span class='hr-inner ' ><span class='hr-inner-style'><\/span><\/span><\/div>\n<div  class='av-buildercomment  av-blog-meta-html-info-disabled av-blog-meta-tag-disabled  '><\/div>\n","protected":false},"excerpt":{"rendered":"","protected":false},"author":1,"featured_media":21653,"comment_status":"open","ping_status":"open","sticky":false,"template":"","format":"standard","meta":{"footnotes":""},"categories":[53],"tags":[],"class_list":["post-21652","post","type-post","status-publish","format-standard","has-post-thumbnail","hentry","category-ciencia"],"jetpack_featured_media_url":"https:\/\/radiorevelacionfm.cl\/wp-content\/uploads\/2022\/09\/Terreno-umag-1-1.jpg","_links":{"self":[{"href":"https:\/\/radiorevelacionfm.cl\/index.php?rest_route=\/wp\/v2\/posts\/21652","targetHints":{"allow":["GET"]}}],"collection":[{"href":"https:\/\/radiorevelacionfm.cl\/index.php?rest_route=\/wp\/v2\/posts"}],"about":[{"href":"https:\/\/radiorevelacionfm.cl\/index.php?rest_route=\/wp\/v2\/types\/post"}],"author":[{"embeddable":true,"href":"https:\/\/radiorevelacionfm.cl\/index.php?rest_route=\/wp\/v2\/users\/1"}],"replies":[{"embeddable":true,"href":"https:\/\/radiorevelacionfm.cl\/index.php?rest_route=%2Fwp%2Fv2%2Fcomments&post=21652"}],"version-history":[{"count":3,"href":"https:\/\/radiorevelacionfm.cl\/index.php?rest_route=\/wp\/v2\/posts\/21652\/revisions"}],"predecessor-version":[{"id":21670,"href":"https:\/\/radiorevelacionfm.cl\/index.php?rest_route=\/wp\/v2\/posts\/21652\/revisions\/21670"}],"wp:featuredmedia":[{"embeddable":true,"href":"https:\/\/radiorevelacionfm.cl\/index.php?rest_route=\/wp\/v2\/media\/21653"}],"wp:attachment":[{"href":"https:\/\/radiorevelacionfm.cl\/index.php?rest_route=%2Fwp%2Fv2%2Fmedia&parent=21652"}],"wp:term":[{"taxonomy":"category","embeddable":true,"href":"https:\/\/radiorevelacionfm.cl\/index.php?rest_route=%2Fwp%2Fv2%2Fcategories&post=21652"},{"taxonomy":"post_tag","embeddable":true,"href":"https:\/\/radiorevelacionfm.cl\/index.php?rest_route=%2Fwp%2Fv2%2Ftags&post=21652"}],"curies":[{"name":"wp","href":"https:\/\/api.w.org\/{rel}","templated":true}]}}