{"id":21643,"date":"2022-09-12T17:58:51","date_gmt":"2022-09-12T20:58:51","guid":{"rendered":"https:\/\/radiorevelacionfm.cl\/?p=21643"},"modified":"2022-09-12T17:58:51","modified_gmt":"2022-09-12T20:58:51","slug":"jardines-de-fundacion-integra-presentan-experiencias-exitosas-en-educacion-parvularia","status":"publish","type":"post","link":"https:\/\/radiorevelacionfm.cl\/?p=21643","title":{"rendered":"Jardines de Fundaci\u00f3n Integra presentan experiencias exitosas en Educaci\u00f3n Parvularia"},"content":{"rendered":"<div class=\"flex_column av_one_full  flex_column_div av-zero-column-padding first  avia-builder-el-0  el_before_av_one_full  avia-builder-el-first  \" style='border-radius:0px; '><div  class='avia-image-container  av-styling-    avia-builder-el-1  avia-builder-el-no-sibling  avia-align-center '  itemprop=\"image\" itemscope=\"itemscope\" itemtype=\"https:\/\/schema.org\/ImageObject\"  ><div class='avia-image-container-inner'><div class='avia-image-overlay-wrap'><img decoding=\"async\" class='wp-image-21644 avia-img-lazy-loading-not-21644 avia_image' src=\"https:\/\/radiorevelacionfm.cl\/wp-content\/uploads\/2022\/09\/4-2-2-2-2.jpg\" alt='' title='4-2-2-2-2' height=\"600\" width=\"1162\"  itemprop=\"thumbnailUrl\" srcset=\"https:\/\/radiorevelacionfm.cl\/wp-content\/uploads\/2022\/09\/4-2-2-2-2.jpg 1162w, https:\/\/radiorevelacionfm.cl\/wp-content\/uploads\/2022\/09\/4-2-2-2-2-300x155.jpg 300w, https:\/\/radiorevelacionfm.cl\/wp-content\/uploads\/2022\/09\/4-2-2-2-2-1030x532.jpg 1030w, https:\/\/radiorevelacionfm.cl\/wp-content\/uploads\/2022\/09\/4-2-2-2-2-768x397.jpg 768w, https:\/\/radiorevelacionfm.cl\/wp-content\/uploads\/2022\/09\/4-2-2-2-2-705x364.jpg 705w, https:\/\/radiorevelacionfm.cl\/wp-content\/uploads\/2022\/09\/4-2-2-2-2-600x310.jpg 600w\" sizes=\"(max-width: 1162px) 100vw, 1162px\" \/><\/div><\/div><\/div><\/div><div class=\"flex_column av_one_full  flex_column_div av-zero-column-padding first  avia-builder-el-2  el_after_av_one_full  el_before_av_one_full  column-top-margin\" style='border-radius:0px; '><section class=\"av_textblock_section \"  itemscope=\"itemscope\" itemtype=\"https:\/\/schema.org\/BlogPosting\" itemprop=\"blogPost\" ><div class='avia_textblock  '   itemprop=\"text\" ><p style=\"text-align: center;\"><strong><span style=\"font-size: 18pt;\">Jardines de Fundaci\u00f3n Integra presentan experiencias exitosas en Educaci\u00f3n Parvularia<\/span><\/strong><\/p>\n<div id=\"gtx-trans\" style=\"position: absolute; left: -50px; top: 4.31534px;\">\n<div class=\"gtx-trans-icon\"><\/div>\n<\/div>\n<\/div><\/section><\/div><div class=\"flex_column av_one_full  flex_column_div av-zero-column-padding first  avia-builder-el-4  el_after_av_one_full  el_before_av_hr  column-top-margin\" style='border-radius:0px; '><section class=\"av_textblock_section \"  itemscope=\"itemscope\" itemtype=\"https:\/\/schema.org\/BlogPosting\" itemprop=\"blogPost\" ><div class='avia_textblock  '   itemprop=\"text\" ><p style=\"text-align: justify;\">Entre el 4 y el 6 de octubre, y por d\u00e9cimo a\u00f1o consecutivo, Fundaci\u00f3n Integra organizar\u00e1 el encuentro nacional \u201cComparte Educaci\u00f3n\u201d, seminario que se enmarca dentro del Sistema de Formaci\u00f3n AprendeS y cuyo prop\u00f3sito es el reconocimiento, socializaci\u00f3n y formaci\u00f3n de sus equipos educativos. Dicho espacio, con el transcurso de los a\u00f1os, se ha convertido en un referente en el \u00e1mbito de la Educaci\u00f3n Parvularia en Chile.<\/p>\n<p style=\"text-align: justify;\">Es en ese contexto que 10 Jardines Infantiles y Salas Cuna de Fundaci\u00f3n Integra de la regi\u00f3n de Ays\u00e9n se reunieron de manera virtual para postular a ser parte de este encuentro nacional a la que asistir\u00e1n m\u00e1s de 170 personas de todo el pa\u00eds bajo el lema \u201cDesaf\u00edos del retorno: vincul\u00e1ndonos en presencialidad\u201d tras dos a\u00f1os de Pandemia.<\/p>\n<p style=\"text-align: justify;\">La jefa Territorial de Calidad Educativa, Ver\u00f3nica C\u00e1rcamo Galaz se\u00f1al\u00f3 que el objetivo principal era compartir las experiencias educativas que desarrollan los equipos en tiempo de Pandemia y c\u00f3mo estos se fueron vinculando con los ni\u00f1os, ni\u00f1as, familias. Tambi\u00e9n, la manera en c\u00f3mo se fueron reencontrando los equipos educativos tras un largo periodo en la que trabajaron virtualmente y que hoy nos permite estar trabajando de manera presencial\u201d.<\/p>\n<p style=\"text-align: justify;\">Para esta versi\u00f3n del Comparte Educaci\u00f3n el foco se centrar\u00e1 en los desaf\u00edos educativos, pedag\u00f3gicos y did\u00e1cticos que se instalaron en el escenario de Pandemia en la educaci\u00f3n parvularia, en que de a poco se fue retomando a la presencialidad luego de casi dos a\u00f1os de suspensi\u00f3n de actividades en los jardines infantiles y salas cuna, lo que ha influido en las formas de convivir y relacionarnos y que desafi\u00f3 a los equipos educativos\u00a0 en el dise\u00f1o e implementaci\u00f3n de nuevas estrategias.<\/p>\n<p style=\"text-align: justify;\">Conocer y analizar las experiencias de pr\u00e1cticas valoradas por las comunidades educativas, evaluando las posibilidades de aplicarlas, adaptarlas o transferirlas a la propia realidad, favoreciendo ambientes de aprendizaje, cuidado, sana convivencia, bienestar socioemocional de ni\u00f1os, ni\u00f1as, equipos y\/o familias de salas cuna, jardines infantiles y\/o modalidades con convencionales es parte de lo que se espera de este encuentro nacional.<\/p>\n<p style=\"text-align: justify;\">Cabe destacar que para seleccionar la experiencia que representar\u00e1 a la regi\u00f3n se invit\u00f3 a distintas autoridades del \u00e1rea de la educaci\u00f3n como lo fue M\u00f3nica Cerro, Coordinadora de la Macrozona Austral de la Agencia de Calidad de la Educaci\u00f3n; Mar\u00eda Ang\u00e9lica Reyes, secretar\u00eda t\u00e9cnica de la Superintendencia de educaci\u00f3n parvularia y Ester Rodriguez, de la Divisi\u00f3n de Pol\u00edticas Educativas de la Subsecretar\u00eda de Educaci\u00f3n Parvularia quienes conocieron el trabajo que estos establecimientos desarrollan en esta materia.<\/p>\n<p style=\"text-align: justify;\">Ester Rodriguez, destac\u00f3 la importancia de estos espacios para que los jardines infantiles puedan mostrar las acciones que desarrollan en esta materia recalcando que \u201cse est\u00e1n propiciando espacios de reflexi\u00f3n de los equipos educativos y en la que se consider\u00f3 como un elemento central el reencuentro educativo durante este periodo\u201d. A la vez, destac\u00f3 que \u201clas experiencias presentadas eran muy buenas, creativas, innovadoras y en la que se incorporan elementos que tienen que ver con el reencuentro en los jardines infantiles\u201d.<\/p>\n<p style=\"text-align: justify;\">Finalmente cabe recordar que Fundaci\u00f3n Integra pertenece a la Red de Fundaciones de la Presidencia de la Rep\u00fablica. Con m\u00e1s de 31 a\u00f1os de experiencia, es la red m\u00e1s grande de salas cuna y jardines infantiles del pa\u00eds.<\/p>\n<\/div><\/section><\/div><div  style='height:50px' class='hr hr-invisible   avia-builder-el-6  el_after_av_one_full  el_before_av_social_share '><span class='hr-inner ' ><span class='hr-inner-style'><\/span><\/span><\/div><\/p>\n<div  class='av-social-sharing-box  avia-builder-el-7  el_after_av_hr  el_before_av_hr  '><div class='av-share-box'><h5 class='av-share-link-description av-no-toc '>Compartir esta noticia<\/h5><ul class='av-share-box-list noLightbox'><li class='av-share-link av-social-link-facebook' ><a target=\"_blank\" aria-label=\"Compartir en Facebook\" href='https:\/\/www.facebook.com\/sharer.php?u=https:\/\/radiorevelacionfm.cl\/?p=21643&#038;t=Jardines%20de%20Fundaci%C3%B3n%20Integra%20presentan%20experiencias%20exitosas%20en%20Educaci%C3%B3n%20Parvularia' aria-hidden='false' data-av_icon='\ue8f3' data-av_iconfont='entypo-fontello' title='' data-avia-related-tooltip='Compartir en Facebook' rel=\"noopener\"><span class='avia_hidden_link_text'>Compartir en Facebook<\/span><\/a><\/li><li class='av-share-link av-social-link-twitter' ><a target=\"_blank\" aria-label=\"Compartir en Twitter\" href='https:\/\/twitter.com\/share?text=Jardines%20de%20Fundaci%C3%B3n%20Integra%20presentan%20experiencias%20exitosas%20en%20Educaci%C3%B3n%20Parvularia&#038;url=https:\/\/radiorevelacionfm.cl\/?p=21643' aria-hidden='false' data-av_icon='\ue8f1' data-av_iconfont='entypo-fontello' title='' data-avia-related-tooltip='Compartir en Twitter' rel=\"noopener\"><span class='avia_hidden_link_text'>Compartir en Twitter<\/span><\/a><\/li><li class='av-share-link av-social-link-whatsapp' ><a target=\"_blank\" aria-label=\"Compartir en Whatsapp\" href='https:\/\/api.whatsapp.com\/send?text=https:\/\/radiorevelacionfm.cl\/?p=21643' aria-hidden='false' data-av_icon='\uf232' data-av_iconfont='entypo-fontello' title='' data-avia-related-tooltip='Compartir en Whatsapp' rel=\"noopener\"><span class='avia_hidden_link_text'>Compartir en Whatsapp<\/span><\/a><\/li><li class='av-share-link av-social-link-linkedin' ><a target=\"_blank\" aria-label=\"Compartir en LinkedIn\" href='https:\/\/linkedin.com\/shareArticle?mini=true&#038;title=Jardines%20de%20Fundaci%C3%B3n%20Integra%20presentan%20experiencias%20exitosas%20en%20Educaci%C3%B3n%20Parvularia&#038;url=https:\/\/radiorevelacionfm.cl\/?p=21643' aria-hidden='false' data-av_icon='\ue8fc' data-av_iconfont='entypo-fontello' title='' data-avia-related-tooltip='Compartir en LinkedIn' rel=\"noopener\"><span class='avia_hidden_link_text'>Compartir en LinkedIn<\/span><\/a><\/li><li class='av-share-link av-social-link-mail' ><a  aria-label=\"Compartir por correo\" href='mailto:?subject=Jardines%20de%20Fundaci%C3%B3n%20Integra%20presentan%20experiencias%20exitosas%20en%20Educaci%C3%B3n%20Parvularia&#038;body=https:\/\/radiorevelacionfm.cl\/?p=21643' aria-hidden='false' data-av_icon='\ue805' data-av_iconfont='entypo-fontello' title='' data-avia-related-tooltip='Compartir por correo'><span class='avia_hidden_link_text'>Compartir por correo<\/span><\/a><\/li><\/ul><\/div><\/div>\n<div  style='height:50px' class='hr hr-invisible   avia-builder-el-8  el_after_av_social_share  el_before_av_comments_list '><span class='hr-inner ' ><span class='hr-inner-style'><\/span><\/span><\/div>\n<div  class='av-buildercomment  av-blog-meta-html-info-disabled av-blog-meta-tag-disabled  '><\/div>\n","protected":false},"excerpt":{"rendered":"","protected":false},"author":1,"featured_media":21644,"comment_status":"open","ping_status":"open","sticky":false,"template":"","format":"standard","meta":{"footnotes":""},"categories":[49],"tags":[],"class_list":["post-21643","post","type-post","status-publish","format-standard","has-post-thumbnail","hentry","category-educacion"],"jetpack_featured_media_url":"https:\/\/radiorevelacionfm.cl\/wp-content\/uploads\/2022\/09\/4-2-2-2-2.jpg","_links":{"self":[{"href":"https:\/\/radiorevelacionfm.cl\/index.php?rest_route=\/wp\/v2\/posts\/21643","targetHints":{"allow":["GET"]}}],"collection":[{"href":"https:\/\/radiorevelacionfm.cl\/index.php?rest_route=\/wp\/v2\/posts"}],"about":[{"href":"https:\/\/radiorevelacionfm.cl\/index.php?rest_route=\/wp\/v2\/types\/post"}],"author":[{"embeddable":true,"href":"https:\/\/radiorevelacionfm.cl\/index.php?rest_route=\/wp\/v2\/users\/1"}],"replies":[{"embeddable":true,"href":"https:\/\/radiorevelacionfm.cl\/index.php?rest_route=%2Fwp%2Fv2%2Fcomments&post=21643"}],"version-history":[{"count":2,"href":"https:\/\/radiorevelacionfm.cl\/index.php?rest_route=\/wp\/v2\/posts\/21643\/revisions"}],"predecessor-version":[{"id":21728,"href":"https:\/\/radiorevelacionfm.cl\/index.php?rest_route=\/wp\/v2\/posts\/21643\/revisions\/21728"}],"wp:featuredmedia":[{"embeddable":true,"href":"https:\/\/radiorevelacionfm.cl\/index.php?rest_route=\/wp\/v2\/media\/21644"}],"wp:attachment":[{"href":"https:\/\/radiorevelacionfm.cl\/index.php?rest_route=%2Fwp%2Fv2%2Fmedia&parent=21643"}],"wp:term":[{"taxonomy":"category","embeddable":true,"href":"https:\/\/radiorevelacionfm.cl\/index.php?rest_route=%2Fwp%2Fv2%2Fcategories&post=21643"},{"taxonomy":"post_tag","embeddable":true,"href":"https:\/\/radiorevelacionfm.cl\/index.php?rest_route=%2Fwp%2Fv2%2Ftags&post=21643"}],"curies":[{"name":"wp","href":"https:\/\/api.w.org\/{rel}","templated":true}]}}