{"id":21639,"date":"2022-09-10T13:57:16","date_gmt":"2022-09-10T16:57:16","guid":{"rendered":"https:\/\/radiorevelacionfm.cl\/?p=21639"},"modified":"2022-09-10T13:57:16","modified_gmt":"2022-09-10T16:57:16","slug":"fosis-firma-convenio-con-conadi-para-apoyar-coordinadamente-el-desarrollo-de-sus-emprendedores-as","status":"publish","type":"post","link":"https:\/\/radiorevelacionfm.cl\/?p=21639","title":{"rendered":"FOSIS firma convenio con CONADI para apoyar coordinadamente el desarrollo de sus emprendedores\/as"},"content":{"rendered":"<div class=\"flex_column av_one_full  flex_column_div av-zero-column-padding first  avia-builder-el-0  el_before_av_one_full  avia-builder-el-first  \" style='border-radius:0px; '><div  class='avia-image-container  av-styling-    avia-builder-el-1  avia-builder-el-no-sibling  avia-align-center '  itemprop=\"image\" itemscope=\"itemscope\" itemtype=\"https:\/\/schema.org\/ImageObject\"  ><div class='avia-image-container-inner'><div class='avia-image-overlay-wrap'><img decoding=\"async\" class='wp-image-21640 avia-img-lazy-loading-not-21640 avia_image' src=\"https:\/\/radiorevelacionfm.cl\/wp-content\/uploads\/2022\/09\/1-Convenio-2-2.jpeg\" alt='' title='1 Convenio-2-2' height=\"600\" width=\"1067\"  itemprop=\"thumbnailUrl\" srcset=\"https:\/\/radiorevelacionfm.cl\/wp-content\/uploads\/2022\/09\/1-Convenio-2-2.jpeg 1067w, https:\/\/radiorevelacionfm.cl\/wp-content\/uploads\/2022\/09\/1-Convenio-2-2-300x169.jpeg 300w, https:\/\/radiorevelacionfm.cl\/wp-content\/uploads\/2022\/09\/1-Convenio-2-2-1030x579.jpeg 1030w, https:\/\/radiorevelacionfm.cl\/wp-content\/uploads\/2022\/09\/1-Convenio-2-2-768x432.jpeg 768w, https:\/\/radiorevelacionfm.cl\/wp-content\/uploads\/2022\/09\/1-Convenio-2-2-705x396.jpeg 705w, https:\/\/radiorevelacionfm.cl\/wp-content\/uploads\/2022\/09\/1-Convenio-2-2-600x337.jpeg 600w\" sizes=\"(max-width: 1067px) 100vw, 1067px\" \/><\/div><\/div><\/div><\/div><div class=\"flex_column av_one_full  flex_column_div av-zero-column-padding first  avia-builder-el-2  el_after_av_one_full  el_before_av_one_full  column-top-margin\" style='border-radius:0px; '><section class=\"av_textblock_section \"  itemscope=\"itemscope\" itemtype=\"https:\/\/schema.org\/BlogPosting\" itemprop=\"blogPost\" ><div class='avia_textblock  '   itemprop=\"text\" ><p style=\"text-align: center;\"><strong><span style=\"font-size: 18pt;\">FOSIS firma convenio con CONADI para apoyar coordinadamente el desarrollo de sus emprendedores\/as<\/span><\/strong><\/p>\n<div id=\"gtx-trans\" style=\"position: absolute; left: -50px; top: 4.31534px;\">\n<div class=\"gtx-trans-icon\"><\/div>\n<\/div>\n<\/div><\/section><\/div><div class=\"flex_column av_one_full  flex_column_div av-zero-column-padding first  avia-builder-el-4  el_after_av_one_full  el_before_av_hr  column-top-margin\" style='border-radius:0px; '><section class=\"av_textblock_section \"  itemscope=\"itemscope\" itemtype=\"https:\/\/schema.org\/BlogPosting\" itemprop=\"blogPost\" ><div class='avia_textblock  '   itemprop=\"text\" ><p style=\"text-align: justify;\">El trabajo conjunto entre el FOSIS y CONADI busca establecer un v\u00ednculo de cooperaci\u00f3n, colaboraci\u00f3n y un marco de acci\u00f3n que se materializar\u00e1 en sus l\u00edneas de intervenci\u00f3n, posibilitando el cruce de datos de usuarios y usuarias entre ambos servicios para coordinar actividades conjuntas como ferias, derivaciones a programas, instancias formativas y beneficios que favorezcan el desarrollo de emprendimientos u otras iniciativas que permitan la generaci\u00f3n de ingresos.<\/p>\n<p style=\"text-align: justify;\">El convenio tiene por objetivo establecer un marco de trabajo conjunto entre ambas instituciones, para lograr una colaboraci\u00f3n efectiva que permita articular acciones coordinadas a nivel central y regional, orientadas a levantar estrategias de intervenci\u00f3n que tienen como fin \u00faltimo mejorar la calidad de vidas de los usuarios\/as. Esta instancia abre tambi\u00e9n, la posibilidad de considerar transferencia de recursos, en la medida que las autoridades respectivas as\u00ed lo determinen.<\/p>\n<p style=\"text-align: justify;\">La Directora Regional del FOSIS en Ays\u00e9n, Fernanda Leiva, valor\u00f3 positivamente el acuerdo suscrito entre ambos Servicios P\u00fablicos que permitir\u00e1 el desarrollo y fortalecimiento de distintos emprendimientos en el territorio regional y asegur\u00f3 que \u201cestamos contentos de concretar finalmente este convenio, nosotros tenemos usuarios y usuarias en com\u00fan y eso hace muy relevante el trabajo conjunto y colaborativo para poder apoyar a los emprendedores y emprendedoras tanto de FOSIS como de CONADI. Nos parece que esta es una excelente oportunidad para seguir desarrollando un trabajo asociativo entre ambas instituciones para entregar herramientas y oportunidades a quienes m\u00e1s lo necesitan.\u201d<\/p>\n<p style=\"text-align: justify;\">Karina Acevedo, Seremi de Desarrollo Social y Familia, enfatiz\u00f3 en que \u201cestamos dando cuenta de lo que el Presidente Gabriel Boric nos ha encargado en cada momento, escuchar lo que pasa en los territorios y comunidades. Hoy como Ministerio de Desarrollo Social y Familia nos encontramos con dos Servicios que van a tener un amplio acuerdo. FOSIS tiene programas establecidos y ya validada su forma de intervenci\u00f3n con emprendimientos a trav\u00e9s del trabajo directo, la entrega de capacidades e instrumentos y CONADI con todas las agrupaciones, asociaciones y comunidades de pueblos originarios que requieren de estos conocimientos y capacidades. Nos alegramos much\u00edsimo porque esto es algo que nace de la regi\u00f3n, que se ha estado conversando en los Servicios y que va a ser una ayuda colaborativa para ambas instituciones y especialmente para nuestros usuarios y usuarias.\u201d<\/p>\n<p style=\"text-align: justify;\">La Encargada de Oficina de Enlace CONADI en Coyhaique, Pamela Huaitiao, destac\u00f3 que \u201ceste convenio tiene un alcance de nivel cooperativo, nuestros usuarios y usuarias de CONADI podr\u00e1n tener informaci\u00f3n para participar en ferias de FOSIS y as\u00ed a la inversa usuarios y usuarias de FOSIS en ferias de CONADI. Se estipula que existe la posibilidad de transferencia de recursos, este un trabajo que vamos a ir elaborado m\u00e1s adelante. Estamos contentos de poder realizar esta gesti\u00f3n que nuestro Director Nacional, Luis Penchuleo Morales, ha mandatado y ha sido parte de este proceso, donde tambi\u00e9n est\u00e1 su firma estampada en el convenio.\u201d<\/p>\n<p style=\"text-align: justify;\">El convenio entre FOSIS y CONADI va a permitir que los equipos profesionales y organismos ejecutores de ambos Servicios conozcan en profundidad las ofertas program\u00e1ticas respectivas, para entregar informaci\u00f3n y derivar oportunamente a los usuarios y usuarias.<\/p>\n<\/div><\/section><\/div><div  style='height:50px' class='hr hr-invisible   avia-builder-el-6  el_after_av_one_full  el_before_av_social_share '><span class='hr-inner ' ><span class='hr-inner-style'><\/span><\/span><\/div><\/p>\n<div  class='av-social-sharing-box  avia-builder-el-7  el_after_av_hr  el_before_av_hr  '><div class='av-share-box'><h5 class='av-share-link-description av-no-toc '>Compartir esta noticia<\/h5><ul class='av-share-box-list noLightbox'><li class='av-share-link av-social-link-facebook' ><a target=\"_blank\" aria-label=\"Compartir en Facebook\" href='https:\/\/www.facebook.com\/sharer.php?u=https:\/\/radiorevelacionfm.cl\/?p=21639&#038;t=FOSIS%20firma%20convenio%20con%20CONADI%20para%20apoyar%20coordinadamente%20el%20desarrollo%20de%20sus%20emprendedores%2Fas' aria-hidden='false' data-av_icon='\ue8f3' data-av_iconfont='entypo-fontello' title='' data-avia-related-tooltip='Compartir en Facebook' rel=\"noopener\"><span class='avia_hidden_link_text'>Compartir en Facebook<\/span><\/a><\/li><li class='av-share-link av-social-link-twitter' ><a target=\"_blank\" aria-label=\"Compartir en Twitter\" href='https:\/\/twitter.com\/share?text=FOSIS%20firma%20convenio%20con%20CONADI%20para%20apoyar%20coordinadamente%20el%20desarrollo%20de%20sus%20emprendedores%2Fas&#038;url=https:\/\/radiorevelacionfm.cl\/?p=21639' aria-hidden='false' data-av_icon='\ue8f1' data-av_iconfont='entypo-fontello' title='' data-avia-related-tooltip='Compartir en Twitter' rel=\"noopener\"><span class='avia_hidden_link_text'>Compartir en Twitter<\/span><\/a><\/li><li class='av-share-link av-social-link-whatsapp' ><a target=\"_blank\" aria-label=\"Compartir en Whatsapp\" href='https:\/\/api.whatsapp.com\/send?text=https:\/\/radiorevelacionfm.cl\/?p=21639' aria-hidden='false' data-av_icon='\uf232' data-av_iconfont='entypo-fontello' title='' data-avia-related-tooltip='Compartir en Whatsapp' rel=\"noopener\"><span class='avia_hidden_link_text'>Compartir en Whatsapp<\/span><\/a><\/li><li class='av-share-link av-social-link-linkedin' ><a target=\"_blank\" aria-label=\"Compartir en LinkedIn\" href='https:\/\/linkedin.com\/shareArticle?mini=true&#038;title=FOSIS%20firma%20convenio%20con%20CONADI%20para%20apoyar%20coordinadamente%20el%20desarrollo%20de%20sus%20emprendedores%2Fas&#038;url=https:\/\/radiorevelacionfm.cl\/?p=21639' aria-hidden='false' data-av_icon='\ue8fc' data-av_iconfont='entypo-fontello' title='' data-avia-related-tooltip='Compartir en LinkedIn' rel=\"noopener\"><span class='avia_hidden_link_text'>Compartir en LinkedIn<\/span><\/a><\/li><li class='av-share-link av-social-link-mail' ><a  aria-label=\"Compartir por correo\" href='mailto:?subject=FOSIS%20firma%20convenio%20con%20CONADI%20para%20apoyar%20coordinadamente%20el%20desarrollo%20de%20sus%20emprendedores%2Fas&#038;body=https:\/\/radiorevelacionfm.cl\/?p=21639' aria-hidden='false' data-av_icon='\ue805' data-av_iconfont='entypo-fontello' title='' data-avia-related-tooltip='Compartir por correo'><span class='avia_hidden_link_text'>Compartir por correo<\/span><\/a><\/li><\/ul><\/div><\/div>\n<div  style='height:50px' class='hr hr-invisible   avia-builder-el-8  el_after_av_social_share  el_before_av_comments_list '><span class='hr-inner ' ><span class='hr-inner-style'><\/span><\/span><\/div>\n<div  class='av-buildercomment  av-blog-meta-html-info-disabled av-blog-meta-tag-disabled  '><\/div>\n","protected":false},"excerpt":{"rendered":"","protected":false},"author":1,"featured_media":21640,"comment_status":"open","ping_status":"open","sticky":false,"template":"","format":"standard","meta":{"footnotes":""},"categories":[38],"tags":[],"class_list":["post-21639","post","type-post","status-publish","format-standard","has-post-thumbnail","hentry","category-regional"],"jetpack_featured_media_url":"https:\/\/radiorevelacionfm.cl\/wp-content\/uploads\/2022\/09\/1-Convenio-2-2.jpeg","_links":{"self":[{"href":"https:\/\/radiorevelacionfm.cl\/index.php?rest_route=\/wp\/v2\/posts\/21639","targetHints":{"allow":["GET"]}}],"collection":[{"href":"https:\/\/radiorevelacionfm.cl\/index.php?rest_route=\/wp\/v2\/posts"}],"about":[{"href":"https:\/\/radiorevelacionfm.cl\/index.php?rest_route=\/wp\/v2\/types\/post"}],"author":[{"embeddable":true,"href":"https:\/\/radiorevelacionfm.cl\/index.php?rest_route=\/wp\/v2\/users\/1"}],"replies":[{"embeddable":true,"href":"https:\/\/radiorevelacionfm.cl\/index.php?rest_route=%2Fwp%2Fv2%2Fcomments&post=21639"}],"version-history":[{"count":2,"href":"https:\/\/radiorevelacionfm.cl\/index.php?rest_route=\/wp\/v2\/posts\/21639\/revisions"}],"predecessor-version":[{"id":21651,"href":"https:\/\/radiorevelacionfm.cl\/index.php?rest_route=\/wp\/v2\/posts\/21639\/revisions\/21651"}],"wp:featuredmedia":[{"embeddable":true,"href":"https:\/\/radiorevelacionfm.cl\/index.php?rest_route=\/wp\/v2\/media\/21640"}],"wp:attachment":[{"href":"https:\/\/radiorevelacionfm.cl\/index.php?rest_route=%2Fwp%2Fv2%2Fmedia&parent=21639"}],"wp:term":[{"taxonomy":"category","embeddable":true,"href":"https:\/\/radiorevelacionfm.cl\/index.php?rest_route=%2Fwp%2Fv2%2Fcategories&post=21639"},{"taxonomy":"post_tag","embeddable":true,"href":"https:\/\/radiorevelacionfm.cl\/index.php?rest_route=%2Fwp%2Fv2%2Ftags&post=21639"}],"curies":[{"name":"wp","href":"https:\/\/api.w.org\/{rel}","templated":true}]}}