{"id":21636,"date":"2022-09-10T13:36:52","date_gmt":"2022-09-10T16:36:52","guid":{"rendered":"https:\/\/radiorevelacionfm.cl\/?p=21636"},"modified":"2022-09-10T13:36:52","modified_gmt":"2022-09-10T16:36:52","slug":"directora-nacional-en-aysen-se-reunio-con-equipos-y-autoridades-locales-para-avanzar-en-el-fortalecimiento-del-sernameg","status":"publish","type":"post","link":"https:\/\/radiorevelacionfm.cl\/?p=21636","title":{"rendered":"Directora Nacional en Ays\u00e9n: se reuni\u00f3 con equipos y autoridades locales para avanzar en el fortalecimiento del SernamEG"},"content":{"rendered":"<div class=\"flex_column av_one_full  flex_column_div av-zero-column-padding first  avia-builder-el-0  el_before_av_one_full  avia-builder-el-first  \" style='border-radius:0px; '><div  class='avia-image-container  av-styling-    avia-builder-el-1  avia-builder-el-no-sibling  avia-align-center '  itemprop=\"image\" itemscope=\"itemscope\" itemtype=\"https:\/\/schema.org\/ImageObject\"  ><div class='avia-image-container-inner'><div class='avia-image-overlay-wrap'><img decoding=\"async\" class='wp-image-21637 avia-img-lazy-loading-not-21637 avia_image' src=\"https:\/\/radiorevelacionfm.cl\/wp-content\/uploads\/2022\/09\/visita-dn-sernameg-13-2_optimized.jpg\" alt='' title='visita-dn-sernameg-(13)-2_optimized' height=\"600\" width=\"800\"  itemprop=\"thumbnailUrl\" srcset=\"https:\/\/radiorevelacionfm.cl\/wp-content\/uploads\/2022\/09\/visita-dn-sernameg-13-2_optimized.jpg 800w, https:\/\/radiorevelacionfm.cl\/wp-content\/uploads\/2022\/09\/visita-dn-sernameg-13-2_optimized-300x225.jpg 300w, https:\/\/radiorevelacionfm.cl\/wp-content\/uploads\/2022\/09\/visita-dn-sernameg-13-2_optimized-768x576.jpg 768w, https:\/\/radiorevelacionfm.cl\/wp-content\/uploads\/2022\/09\/visita-dn-sernameg-13-2_optimized-705x529.jpg 705w, https:\/\/radiorevelacionfm.cl\/wp-content\/uploads\/2022\/09\/visita-dn-sernameg-13-2_optimized-600x450.jpg 600w\" sizes=\"(max-width: 800px) 100vw, 800px\" \/><\/div><\/div><\/div><\/div><div class=\"flex_column av_one_full  flex_column_div av-zero-column-padding first  avia-builder-el-2  el_after_av_one_full  el_before_av_one_full  column-top-margin\" style='border-radius:0px; '><section class=\"av_textblock_section \"  itemscope=\"itemscope\" itemtype=\"https:\/\/schema.org\/BlogPosting\" itemprop=\"blogPost\" ><div class='avia_textblock  '   itemprop=\"text\" ><p style=\"text-align: center;\"><span style=\"font-size: 18pt;\"><strong>Directora Nacional en Ays\u00e9n: se reuni\u00f3 con equipos y autoridades locales para avanzar en el fortalecimiento del SernamEG<\/strong><\/span><\/p>\n<div id=\"gtx-trans\" style=\"position: absolute; left: -50px; top: 4.31534px;\">\n<div class=\"gtx-trans-icon\"><\/div>\n<\/div>\n<\/div><\/section><\/div><div class=\"flex_column av_one_full  flex_column_div av-zero-column-padding first  avia-builder-el-4  el_after_av_one_full  el_before_av_hr  column-top-margin\" style='border-radius:0px; '><section class=\"av_textblock_section \"  itemscope=\"itemscope\" itemtype=\"https:\/\/schema.org\/BlogPosting\" itemprop=\"blogPost\" ><div class='avia_textblock  '   itemprop=\"text\" ><p style=\"text-align: justify;\">Priscilla Carrasco Pizarro sostuvo reuniones con dirigentes y dirigentas sindicales y particip\u00f3 en actividades con usuarias y usuarios de programas.<\/p>\n<p style=\"text-align: justify;\">Aterriz\u00f3 en la regi\u00f3n el mismo d\u00eda que estaba cumpliendo tres semanas en el cargo nombrada por el Presidente Gabriel Boric. La Directora Nacional del SernamEG, Priscila Carrasco Pizarro, program\u00f3 esta visita a Ays\u00e9n con dos objetivos muy claros: reuni\u00f3n con los equipos de la instituci\u00f3n y con autoridades locales para fortalecer el trabajo intersectorial.<\/p>\n<p style=\"text-align: justify;\">La autoridad nacional del servicio lleg\u00f3 hasta Coyhaique para reunirse con los profesionales que se desempe\u00f1an en la instituci\u00f3n, con el objetivo de conocer sus experiencias y conversar los desaf\u00edos que tiene la instituci\u00f3n.<\/p>\n<p style=\"text-align: justify;\">\u201cEsta es mi segunda salida a terreno desde que asum\u00ed el cargo y vendr\u00e1n muchas m\u00e1s, ya que para m\u00ed es muy importante conocer la realidad territorial y c\u00f3mo son las condiciones en las cuales el SernamEG lleva adelante su trabajo\u201d, afirm\u00f3 Carrasco.<\/p>\n<p style=\"text-align: justify;\">Una de las primeras actividades fue un encuentro telem\u00e1tico con usuarias del programa Mujeres Jefas de Hogar de la comuna de Ays\u00e9n, quienes se estaban certificando por su participaci\u00f3n en los Talleres de Formaci\u00f3n para el Trabajo, que fueron ejecutados entre mayo y junio de este a\u00f1o.<\/p>\n<p style=\"text-align: justify;\">\u201cQuiero felicitar a cada una de ustedes por su inter\u00e9s de participar en este programa, por el compromiso entregado y, por supuesto, porque hoy tienen muchas m\u00e1s herramientas para desarrollarse en el mundo laboral\u201d, dijo la Directora Nacional del SernamEG.<\/p>\n<p style=\"text-align: justify;\">Por su parte, Mar\u00eda Quelin Hueicha, entreg\u00f3 su testimonio en representaci\u00f3n de sus compa\u00f1eras, resaltando que \u201cingres\u00e9 al Programa para perfeccionarme y lograr mi sue\u00f1o de emprender, pese a que la pandemia contin\u00faa particip\u00e9 junto a otras mujeres en los talleres de forma presencial y remota, lo que me permiti\u00f3 desarrollarme como emprendedora. Agradezco las oportunidades que me han brindado porque me ha permitido conocer redes de apoyo, asistir a capacitaciones y atenci\u00f3n en salud\u201d.<\/p>\n<p style=\"text-align: justify;\">Luego, Priscilla Carrasco Pizarro se conect\u00f3 a una capacitaci\u00f3n de Agentes Preventivos en Violencia contra las Mujeres para personas de la comuna de Tortel, instancia que fue posible gracias al mecanismo de irradiaci\u00f3n entre comunas. En este caso, con el apoyo de la Municipalidad de Ays\u00e9n.<\/p>\n<p style=\"text-align: justify;\">En dicha instancia, Carrasco agradeci\u00f3 la participaci\u00f3n y el trabajo entre ambos municipios, asegurando que \u201ces muy importante que todas las instituciones nos relacionemos de manera colaborativa, sobre todo en tem\u00e1ticas tan relevantes como la prevenci\u00f3n de la violencia de g\u00e9nero. Sabemos lo extenso que es nuestro territorio y esta regi\u00f3n es prueba de ello, lo cual es un desaf\u00edo para las instituciones como SernamEG para llegar con sus distintos programas. Pero este es un claro ejemplo de que se puede y espero podamos seguir replicando este modelo en todas las regiones\u201d.<\/p>\n<p style=\"text-align: justify;\">En tanto, el Alcalde de Tortel, Abel Becerra Vidal, sostuvo que \u201cestoy convencido de que la violencia de g\u00e9nero est\u00e1 en todos lados y debe ser abordada lo m\u00e1s pronto posible y los municipios tienen un rol en esta materia porque tenemos interacci\u00f3n con toda la gente. Tenemos un compromiso con las funcionarias municipales y las mujeres de nuestro pueblo de que vamos a estar siempre para ellas\u201d.<\/p>\n<p style=\"text-align: justify;\">Al finalizar la jornada, la Directora Nacional del SernamEG sostuvo distintas reuniones de trabajo y protocolares con autoridades de la regi\u00f3n, entre ellas con la Gobernadora Regional de Ays\u00e9n, Andrea Mac\u00edas Palma; el Delegado Presidencial Regional de Ays\u00e9n, Rodrigo Araya Morales; la Seremi de la Mujer y la Equidad de G\u00e9nero, Andrea M\u00e9ndez Valenzuela; y la Directora Regional (s) del SernamEG, Carla Arriagada Malague\u00f1o.<\/p>\n<p style=\"text-align: justify;\">El prop\u00f3sito de dichos encuentros fue para conversar sobre el gran trabajo que realiza el Servicio Nacional de la Mujer y la Equidad de G\u00e9nero, pero tambi\u00e9n para analizar la situaci\u00f3n de la diversidad de mujeres en la regi\u00f3n y posibles estrategias para fortalecer el trabajo del SernamEG, con el objetivo de avanzar en el fortalecimiento de las autonom\u00edas de las mujeres.<\/p>\n<\/div><\/section><\/div><div  style='height:50px' class='hr hr-invisible   avia-builder-el-6  el_after_av_one_full  el_before_av_social_share '><span class='hr-inner ' ><span class='hr-inner-style'><\/span><\/span><\/div><\/p>\n<div  class='av-social-sharing-box  avia-builder-el-7  el_after_av_hr  el_before_av_hr  '><div class='av-share-box'><h5 class='av-share-link-description av-no-toc '>Compartir esta noticia<\/h5><ul class='av-share-box-list noLightbox'><li class='av-share-link av-social-link-facebook' ><a target=\"_blank\" aria-label=\"Compartir en Facebook\" href='https:\/\/www.facebook.com\/sharer.php?u=https:\/\/radiorevelacionfm.cl\/?p=21636&#038;t=Directora%20Nacional%20en%20Ays%C3%A9n%3A%20se%20reuni%C3%B3%20con%20equipos%20y%20autoridades%20locales%20para%20avanzar%20en%20el%20fortalecimiento%20del%20SernamEG' aria-hidden='false' data-av_icon='\ue8f3' data-av_iconfont='entypo-fontello' title='' data-avia-related-tooltip='Compartir en Facebook' rel=\"noopener\"><span class='avia_hidden_link_text'>Compartir en Facebook<\/span><\/a><\/li><li class='av-share-link av-social-link-twitter' ><a target=\"_blank\" aria-label=\"Compartir en Twitter\" href='https:\/\/twitter.com\/share?text=Directora%20Nacional%20en%20Ays%C3%A9n%3A%20se%20reuni%C3%B3%20con%20equipos%20y%20autoridades%20locales%20para%20avanzar%20en%20el%20fortalecimiento%20del%20SernamEG&#038;url=https:\/\/radiorevelacionfm.cl\/?p=21636' aria-hidden='false' data-av_icon='\ue8f1' data-av_iconfont='entypo-fontello' title='' data-avia-related-tooltip='Compartir en Twitter' rel=\"noopener\"><span class='avia_hidden_link_text'>Compartir en Twitter<\/span><\/a><\/li><li class='av-share-link av-social-link-whatsapp' ><a target=\"_blank\" aria-label=\"Compartir en Whatsapp\" href='https:\/\/api.whatsapp.com\/send?text=https:\/\/radiorevelacionfm.cl\/?p=21636' aria-hidden='false' data-av_icon='\uf232' data-av_iconfont='entypo-fontello' title='' data-avia-related-tooltip='Compartir en Whatsapp' rel=\"noopener\"><span class='avia_hidden_link_text'>Compartir en Whatsapp<\/span><\/a><\/li><li class='av-share-link av-social-link-linkedin' ><a target=\"_blank\" aria-label=\"Compartir en LinkedIn\" href='https:\/\/linkedin.com\/shareArticle?mini=true&#038;title=Directora%20Nacional%20en%20Ays%C3%A9n%3A%20se%20reuni%C3%B3%20con%20equipos%20y%20autoridades%20locales%20para%20avanzar%20en%20el%20fortalecimiento%20del%20SernamEG&#038;url=https:\/\/radiorevelacionfm.cl\/?p=21636' aria-hidden='false' data-av_icon='\ue8fc' data-av_iconfont='entypo-fontello' title='' data-avia-related-tooltip='Compartir en LinkedIn' rel=\"noopener\"><span class='avia_hidden_link_text'>Compartir en LinkedIn<\/span><\/a><\/li><li class='av-share-link av-social-link-mail' ><a  aria-label=\"Compartir por correo\" href='mailto:?subject=Directora%20Nacional%20en%20Ays%C3%A9n%3A%20se%20reuni%C3%B3%20con%20equipos%20y%20autoridades%20locales%20para%20avanzar%20en%20el%20fortalecimiento%20del%20SernamEG&#038;body=https:\/\/radiorevelacionfm.cl\/?p=21636' aria-hidden='false' data-av_icon='\ue805' data-av_iconfont='entypo-fontello' title='' data-avia-related-tooltip='Compartir por correo'><span class='avia_hidden_link_text'>Compartir por correo<\/span><\/a><\/li><\/ul><\/div><\/div>\n<div  style='height:50px' class='hr hr-invisible   avia-builder-el-8  el_after_av_social_share  el_before_av_comments_list '><span class='hr-inner ' ><span class='hr-inner-style'><\/span><\/span><\/div>\n<div  class='av-buildercomment  av-blog-meta-html-info-disabled av-blog-meta-tag-disabled  '><\/div>\n","protected":false},"excerpt":{"rendered":"","protected":false},"author":1,"featured_media":21637,"comment_status":"open","ping_status":"open","sticky":false,"template":"","format":"standard","meta":{"footnotes":""},"categories":[38],"tags":[],"class_list":["post-21636","post","type-post","status-publish","format-standard","has-post-thumbnail","hentry","category-regional"],"jetpack_featured_media_url":"https:\/\/radiorevelacionfm.cl\/wp-content\/uploads\/2022\/09\/visita-dn-sernameg-13-2_optimized.jpg","_links":{"self":[{"href":"https:\/\/radiorevelacionfm.cl\/index.php?rest_route=\/wp\/v2\/posts\/21636","targetHints":{"allow":["GET"]}}],"collection":[{"href":"https:\/\/radiorevelacionfm.cl\/index.php?rest_route=\/wp\/v2\/posts"}],"about":[{"href":"https:\/\/radiorevelacionfm.cl\/index.php?rest_route=\/wp\/v2\/types\/post"}],"author":[{"embeddable":true,"href":"https:\/\/radiorevelacionfm.cl\/index.php?rest_route=\/wp\/v2\/users\/1"}],"replies":[{"embeddable":true,"href":"https:\/\/radiorevelacionfm.cl\/index.php?rest_route=%2Fwp%2Fv2%2Fcomments&post=21636"}],"version-history":[{"count":2,"href":"https:\/\/radiorevelacionfm.cl\/index.php?rest_route=\/wp\/v2\/posts\/21636\/revisions"}],"predecessor-version":[{"id":21649,"href":"https:\/\/radiorevelacionfm.cl\/index.php?rest_route=\/wp\/v2\/posts\/21636\/revisions\/21649"}],"wp:featuredmedia":[{"embeddable":true,"href":"https:\/\/radiorevelacionfm.cl\/index.php?rest_route=\/wp\/v2\/media\/21637"}],"wp:attachment":[{"href":"https:\/\/radiorevelacionfm.cl\/index.php?rest_route=%2Fwp%2Fv2%2Fmedia&parent=21636"}],"wp:term":[{"taxonomy":"category","embeddable":true,"href":"https:\/\/radiorevelacionfm.cl\/index.php?rest_route=%2Fwp%2Fv2%2Fcategories&post=21636"},{"taxonomy":"post_tag","embeddable":true,"href":"https:\/\/radiorevelacionfm.cl\/index.php?rest_route=%2Fwp%2Fv2%2Ftags&post=21636"}],"curies":[{"name":"wp","href":"https:\/\/api.w.org\/{rel}","templated":true}]}}