{"id":21632,"date":"2022-09-09T19:27:49","date_gmt":"2022-09-09T22:27:49","guid":{"rendered":"https:\/\/radiorevelacionfm.cl\/?p=21632"},"modified":"2022-09-09T19:27:49","modified_gmt":"2022-09-09T22:27:49","slug":"sede-fenats-coyhaique-se-suma-como-punto-de-vacunacion-covid-19","status":"publish","type":"post","link":"https:\/\/radiorevelacionfm.cl\/?p=21632","title":{"rendered":"Sede Fenats Coyhaique se suma como punto de vacunaci\u00f3n COVID 19"},"content":{"rendered":"<div class=\"flex_column av_one_full  flex_column_div av-zero-column-padding first  avia-builder-el-0  el_before_av_one_full  avia-builder-el-first  \" style='border-radius:0px; '><div  class='avia-image-container  av-styling-    avia-builder-el-1  avia-builder-el-no-sibling  avia-align-center '  itemprop=\"image\" itemscope=\"itemscope\" itemtype=\"https:\/\/schema.org\/ImageObject\"  ><div class='avia-image-container-inner'><div class='avia-image-overlay-wrap'><img decoding=\"async\" class='wp-image-21633 avia-img-lazy-loading-not-21633 avia_image' src=\"https:\/\/radiorevelacionfm.cl\/wp-content\/uploads\/2022\/09\/fenats-2-2-2_optimized-2.jpg\" alt='' title='fenats-2-2-2_optimized-2' height=\"600\" width=\"1067\"  itemprop=\"thumbnailUrl\" srcset=\"https:\/\/radiorevelacionfm.cl\/wp-content\/uploads\/2022\/09\/fenats-2-2-2_optimized-2.jpg 1067w, https:\/\/radiorevelacionfm.cl\/wp-content\/uploads\/2022\/09\/fenats-2-2-2_optimized-2-300x169.jpg 300w, https:\/\/radiorevelacionfm.cl\/wp-content\/uploads\/2022\/09\/fenats-2-2-2_optimized-2-1030x579.jpg 1030w, https:\/\/radiorevelacionfm.cl\/wp-content\/uploads\/2022\/09\/fenats-2-2-2_optimized-2-768x432.jpg 768w, https:\/\/radiorevelacionfm.cl\/wp-content\/uploads\/2022\/09\/fenats-2-2-2_optimized-2-705x396.jpg 705w, https:\/\/radiorevelacionfm.cl\/wp-content\/uploads\/2022\/09\/fenats-2-2-2_optimized-2-600x337.jpg 600w\" sizes=\"(max-width: 1067px) 100vw, 1067px\" \/><\/div><\/div><\/div><\/div><div class=\"flex_column av_one_full  flex_column_div av-zero-column-padding first  avia-builder-el-2  el_after_av_one_full  el_before_av_one_full  column-top-margin\" style='border-radius:0px; '><section class=\"av_textblock_section \"  itemscope=\"itemscope\" itemtype=\"https:\/\/schema.org\/BlogPosting\" itemprop=\"blogPost\" ><div class='avia_textblock  '   itemprop=\"text\" ><p style=\"text-align: center;\"><span style=\"font-size: 18pt;\"><strong>Sede Fenats Coyhaique se suma como punto de vacunaci\u00f3n COVID 19<\/strong><\/span><\/p>\n<div id=\"gtx-trans\" style=\"position: absolute; left: -50px; top: 4.31534px;\">\n<div class=\"gtx-trans-icon\"><\/div>\n<\/div>\n<\/div><\/section><\/div><div class=\"flex_column av_one_full  flex_column_div av-zero-column-padding first  avia-builder-el-4  el_after_av_one_full  el_before_av_hr  column-top-margin\" style='border-radius:0px; '><section class=\"av_textblock_section \"  itemscope=\"itemscope\" itemtype=\"https:\/\/schema.org\/BlogPosting\" itemprop=\"blogPost\" ><div class='avia_textblock  '   itemprop=\"text\" ><p style=\"text-align: justify;\">En la sede de la Federaci\u00f3n Nacional de Trabajadores de la Salud (FENATS), ubicada en calle Baquedano 848, Coyhaique, se encuentra el nuevo centro de vacunaci\u00f3n COVID 19, destinado a todas las personas que a\u00fan no completaron su esquema de vacunaci\u00f3n.<\/p>\n<p style=\"text-align: justify;\">\u201cMe faltaba la cuarta dosis, pero todo sali\u00f3 bien, sin problemas, as\u00ed que cumpliendo con mi deber para contar con el pase de movilidad\u201d, dijo Felipe, joven que se vacun\u00f3 con su cuarta dosis para poder participar en un campeonato de f\u00fatbol.<\/p>\n<p style=\"text-align: justify;\">Yasna Soto Chand\u00eda, enfermera y encargada del Programa Nacional de Inmunizaciones del Consultorio Alejandro Guti\u00e9rrez, se\u00f1al\u00f3 que tambi\u00e9n se est\u00e1n vacunando contra la neumon\u00eda en adultos mayores. \u201cSeguimos vacunando contra la Covid 19, y tambi\u00e9n contra la neumon\u00eda, espec\u00edficamente en el grupo de adultos mayores de 65 a\u00f1os hacia arriba y aunque la campa\u00f1a de influenza ya termin\u00f3, estamos colocando las segundas dosis a los menores de edad y algunos adultos mayores\u201d.<\/p>\n<p style=\"text-align: justify;\">Si bien es cierto no se han reportado contraindicaciones, de todas maneras, pueden existir algunas m\u00ednimas dolencias los primeros d\u00edas tras la punci\u00f3n.\u00a0 Constanza Olavarr\u00eda, enfermera parte del equipo vacunatorio, precis\u00f3 que \u201clo esperable, alg\u00fan malestar en el sitio de punci\u00f3n, dolor de cabeza, fiebre, parecido al resfr\u00edo com\u00fan los primeros tres d\u00edas, pero lo importante es tomar harta agua\u201d.<\/p>\n<p style=\"text-align: justify;\">El horario de atenci\u00f3n del punto de vacunaci\u00f3n ubicado en FENATS es de 09:30 a 12:00 y de 14:00 a 16:00 horas. \u201cDependiendo de la voluntad de la gente y las necesidades de cada uno es como asisten a este centro de vacunaci\u00f3n. Invitar a toda la poblaci\u00f3n, la ciudadan\u00eda en general a asistir a estos centros de vacunaci\u00f3n con la finalidad y objeto de resguardar a la familia y la poblaci\u00f3n y por eso le invitamos a asistir\u201d, remat\u00f3 Eduardo Medina, administrativo de FENATS.<\/p>\n<p style=\"text-align: justify;\">Cabe se\u00f1alar que tambi\u00e9n se contin\u00faa vacunando en las localidades y postas de la regi\u00f3n, como los CESFAM de Coyhaique y Puerto Ays\u00e9n. Toda la informaci\u00f3n de lugares y horarios la encuentras en las redes sociales del Servicio de Salud Ays\u00e9n.<\/p>\n<\/div><\/section><\/div><div  style='height:50px' class='hr hr-invisible   avia-builder-el-6  el_after_av_one_full  el_before_av_social_share '><span class='hr-inner ' ><span class='hr-inner-style'><\/span><\/span><\/div><\/p>\n<div  class='av-social-sharing-box  avia-builder-el-7  el_after_av_hr  el_before_av_hr  '><div class='av-share-box'><h5 class='av-share-link-description av-no-toc '>Compartir esta noticia<\/h5><ul class='av-share-box-list noLightbox'><li class='av-share-link av-social-link-facebook' ><a target=\"_blank\" aria-label=\"Compartir en Facebook\" href='https:\/\/www.facebook.com\/sharer.php?u=https:\/\/radiorevelacionfm.cl\/?p=21632&#038;t=Sede%20Fenats%20Coyhaique%20se%20suma%20como%20punto%20de%20vacunaci%C3%B3n%20COVID%2019' aria-hidden='false' data-av_icon='\ue8f3' data-av_iconfont='entypo-fontello' title='' data-avia-related-tooltip='Compartir en Facebook' rel=\"noopener\"><span class='avia_hidden_link_text'>Compartir en Facebook<\/span><\/a><\/li><li class='av-share-link av-social-link-twitter' ><a target=\"_blank\" aria-label=\"Compartir en Twitter\" href='https:\/\/twitter.com\/share?text=Sede%20Fenats%20Coyhaique%20se%20suma%20como%20punto%20de%20vacunaci%C3%B3n%20COVID%2019&#038;url=https:\/\/radiorevelacionfm.cl\/?p=21632' aria-hidden='false' data-av_icon='\ue8f1' data-av_iconfont='entypo-fontello' title='' data-avia-related-tooltip='Compartir en Twitter' rel=\"noopener\"><span class='avia_hidden_link_text'>Compartir en Twitter<\/span><\/a><\/li><li class='av-share-link av-social-link-whatsapp' ><a target=\"_blank\" aria-label=\"Compartir en Whatsapp\" href='https:\/\/api.whatsapp.com\/send?text=https:\/\/radiorevelacionfm.cl\/?p=21632' aria-hidden='false' data-av_icon='\uf232' data-av_iconfont='entypo-fontello' title='' data-avia-related-tooltip='Compartir en Whatsapp' rel=\"noopener\"><span class='avia_hidden_link_text'>Compartir en Whatsapp<\/span><\/a><\/li><li class='av-share-link av-social-link-linkedin' ><a target=\"_blank\" aria-label=\"Compartir en LinkedIn\" href='https:\/\/linkedin.com\/shareArticle?mini=true&#038;title=Sede%20Fenats%20Coyhaique%20se%20suma%20como%20punto%20de%20vacunaci%C3%B3n%20COVID%2019&#038;url=https:\/\/radiorevelacionfm.cl\/?p=21632' aria-hidden='false' data-av_icon='\ue8fc' data-av_iconfont='entypo-fontello' title='' data-avia-related-tooltip='Compartir en LinkedIn' rel=\"noopener\"><span class='avia_hidden_link_text'>Compartir en LinkedIn<\/span><\/a><\/li><li class='av-share-link av-social-link-mail' ><a  aria-label=\"Compartir por correo\" href='mailto:?subject=Sede%20Fenats%20Coyhaique%20se%20suma%20como%20punto%20de%20vacunaci%C3%B3n%20COVID%2019&#038;body=https:\/\/radiorevelacionfm.cl\/?p=21632' aria-hidden='false' data-av_icon='\ue805' data-av_iconfont='entypo-fontello' title='' data-avia-related-tooltip='Compartir por correo'><span class='avia_hidden_link_text'>Compartir por correo<\/span><\/a><\/li><\/ul><\/div><\/div>\n<div  style='height:50px' class='hr hr-invisible   avia-builder-el-8  el_after_av_social_share  el_before_av_comments_list '><span class='hr-inner ' ><span class='hr-inner-style'><\/span><\/span><\/div>\n<div  class='av-buildercomment  av-blog-meta-html-info-disabled av-blog-meta-tag-disabled  '><\/div>\n","protected":false},"excerpt":{"rendered":"","protected":false},"author":1,"featured_media":21633,"comment_status":"open","ping_status":"open","sticky":false,"template":"","format":"standard","meta":{"footnotes":""},"categories":[46],"tags":[],"class_list":["post-21632","post","type-post","status-publish","format-standard","has-post-thumbnail","hentry","category-salud"],"jetpack_featured_media_url":"https:\/\/radiorevelacionfm.cl\/wp-content\/uploads\/2022\/09\/fenats-2-2-2_optimized-2.jpg","_links":{"self":[{"href":"https:\/\/radiorevelacionfm.cl\/index.php?rest_route=\/wp\/v2\/posts\/21632","targetHints":{"allow":["GET"]}}],"collection":[{"href":"https:\/\/radiorevelacionfm.cl\/index.php?rest_route=\/wp\/v2\/posts"}],"about":[{"href":"https:\/\/radiorevelacionfm.cl\/index.php?rest_route=\/wp\/v2\/types\/post"}],"author":[{"embeddable":true,"href":"https:\/\/radiorevelacionfm.cl\/index.php?rest_route=\/wp\/v2\/users\/1"}],"replies":[{"embeddable":true,"href":"https:\/\/radiorevelacionfm.cl\/index.php?rest_route=%2Fwp%2Fv2%2Fcomments&post=21632"}],"version-history":[{"count":2,"href":"https:\/\/radiorevelacionfm.cl\/index.php?rest_route=\/wp\/v2\/posts\/21632\/revisions"}],"predecessor-version":[{"id":21635,"href":"https:\/\/radiorevelacionfm.cl\/index.php?rest_route=\/wp\/v2\/posts\/21632\/revisions\/21635"}],"wp:featuredmedia":[{"embeddable":true,"href":"https:\/\/radiorevelacionfm.cl\/index.php?rest_route=\/wp\/v2\/media\/21633"}],"wp:attachment":[{"href":"https:\/\/radiorevelacionfm.cl\/index.php?rest_route=%2Fwp%2Fv2%2Fmedia&parent=21632"}],"wp:term":[{"taxonomy":"category","embeddable":true,"href":"https:\/\/radiorevelacionfm.cl\/index.php?rest_route=%2Fwp%2Fv2%2Fcategories&post=21632"},{"taxonomy":"post_tag","embeddable":true,"href":"https:\/\/radiorevelacionfm.cl\/index.php?rest_route=%2Fwp%2Fv2%2Ftags&post=21632"}],"curies":[{"name":"wp","href":"https:\/\/api.w.org\/{rel}","templated":true}]}}