{"id":21629,"date":"2022-09-10T10:41:15","date_gmt":"2022-09-10T13:41:15","guid":{"rendered":"https:\/\/radiorevelacionfm.cl\/?p=21629"},"modified":"2022-09-10T10:41:15","modified_gmt":"2022-09-10T13:41:15","slug":"firma-de-convenio-permitira-atencion-de-asistencia-juridica-en-villa-manihuales","status":"publish","type":"post","link":"https:\/\/radiorevelacionfm.cl\/?p=21629","title":{"rendered":"Firma de convenio permitir\u00e1 atenci\u00f3n de asistencia jur\u00eddica en Villa Ma\u00f1ihuales"},"content":{"rendered":"<div class=\"flex_column av_one_full  flex_column_div av-zero-column-padding first  avia-builder-el-0  el_before_av_one_full  avia-builder-el-first  \" style='border-radius:0px; '><div  class='avia-image-container  av-styling-    avia-builder-el-1  avia-builder-el-no-sibling  avia-align-center '  itemprop=\"image\" itemscope=\"itemscope\" itemtype=\"https:\/\/schema.org\/ImageObject\"  ><div class='avia-image-container-inner'><div class='avia-image-overlay-wrap'><img decoding=\"async\" class='wp-image-21630 avia-img-lazy-loading-not-21630 avia_image' src=\"https:\/\/radiorevelacionfm.cl\/wp-content\/uploads\/2022\/09\/image-106-2.jpg\" alt='' title='image-106-2' height=\"600\" width=\"966\"  itemprop=\"thumbnailUrl\" srcset=\"https:\/\/radiorevelacionfm.cl\/wp-content\/uploads\/2022\/09\/image-106-2.jpg 966w, https:\/\/radiorevelacionfm.cl\/wp-content\/uploads\/2022\/09\/image-106-2-300x186.jpg 300w, https:\/\/radiorevelacionfm.cl\/wp-content\/uploads\/2022\/09\/image-106-2-768x477.jpg 768w, https:\/\/radiorevelacionfm.cl\/wp-content\/uploads\/2022\/09\/image-106-2-705x438.jpg 705w, https:\/\/radiorevelacionfm.cl\/wp-content\/uploads\/2022\/09\/image-106-2-600x373.jpg 600w\" sizes=\"(max-width: 966px) 100vw, 966px\" \/><\/div><\/div><\/div><\/div><div class=\"flex_column av_one_full  flex_column_div av-zero-column-padding first  avia-builder-el-2  el_after_av_one_full  el_before_av_one_full  column-top-margin\" style='border-radius:0px; '><section class=\"av_textblock_section \"  itemscope=\"itemscope\" itemtype=\"https:\/\/schema.org\/BlogPosting\" itemprop=\"blogPost\" ><div class='avia_textblock  '   itemprop=\"text\" ><p style=\"text-align: center;\"><strong><span style=\"font-size: 18pt;\">Firma de convenio permitir\u00e1 atenci\u00f3n de asistencia jur\u00eddica en Villa Ma\u00f1ihuales<\/span> <\/strong><\/p>\n<div id=\"gtx-trans\" style=\"position: absolute; left: -50px; top: 4.31534px;\">\n<div class=\"gtx-trans-icon\"><\/div>\n<\/div>\n<\/div><\/section><\/div><div class=\"flex_column av_one_full  flex_column_div av-zero-column-padding first  avia-builder-el-4  el_after_av_one_full  el_before_av_hr  column-top-margin\" style='border-radius:0px; '><section class=\"av_textblock_section \"  itemscope=\"itemscope\" itemtype=\"https:\/\/schema.org\/BlogPosting\" itemprop=\"blogPost\" ><div class='avia_textblock  '   itemprop=\"text\" ><p style=\"text-align: justify;\">Un importante convenio firmaron recientemente, el alcalde la comuna de Ays\u00e9n Julio Uribe Alvarado y la Directora Regional (s) de la Corporaci\u00f3n de Asistencia Judicial Mar\u00eda Francisca Vilches G\u00e1lvez, dicha iniciativa permitir\u00e1 una atenci\u00f3n mensual de un abogado\/a del consultorio jur\u00eddico en la delegaci\u00f3n municipal de Villa Ma\u00f1ihuales, garantizando as\u00ed el acceso igualitario de las personas en toda la extensi\u00f3n territorial de la comuna, otorgando asistencia jur\u00eddica a quienes, por su situaci\u00f3n socioecon\u00f3mica, no puedan gozar de una adecuada defensa de sus derechos.<\/p>\n<p style=\"text-align: justify;\">Respecto a este convenio, el alcalde de Ays\u00e9n Julio Uribe Alvarado se\u00f1al\u00f3 que \u201cmuy contento con la firma de este convenio, ya que vamos a tener a la Corporaci\u00f3n de Asistencia Judicial en Villa Ma\u00f1ihuales una vez al mes con un horario determinado, por lo tanto los vecinos van a poder acercarse a la delegaci\u00f3n y contar con este servicio que en Ma\u00f1ihuales no lo ten\u00edan y que han estado por mucho tiempo viajando a Ays\u00e9n para resolver sus dudas e inquietudes en materia jur\u00eddica, y hoy d\u00eda van a poder ser atendidos all\u00e1, as\u00ed que es algo nuevo, agradecer al Ministerio de Justicia y Derechos Humanos quienes nos ha apoyado en esta iniciativa y a seguir trabajando para que mejoremos la calidad de vida de nuestros ayseninos\u201d.<\/p>\n<p style=\"text-align: justify;\">En tanto, la Directora Regional (s) de la Corporaci\u00f3n de Asistencia Judicial B\u00edo B\u00edo Mar\u00eda Francisca Vilches indic\u00f3 que \u201cla verdad es que la atenci\u00f3n que actualmente existe desde el consultorio jur\u00eddico para la poblaci\u00f3n de Ma\u00f1ihuales es bastante poca, entonces en ese sentido creemos que ha existido tal vez una falta de servicio hacia los usuarios que requieran acceder a la justicia, y es por ese motivo que se firma hoy este convenio para poder garantizar a toda la poblaci\u00f3n de la comuna de Ays\u00e9n y especialmente de Villa Ma\u00f1ihuales el acceso a la Justicia, es por ese motivo que al menos una vez al mes en un inicio, no descartamos que posteriormente puede ser con mayor frecuencia, se va a trasladar uno de nuestros abogados\u00a0 hacia esa dependencia para poder atender a los usuarios\u201d.<\/p>\n<p style=\"text-align: justify;\">Por su parte, el Seremi de Justicia y Derechos Humanos Samuel Navarro manifest\u00f3 que \u201ces una preocupaci\u00f3n permanente que nos ha mandatado el presidente Gabriel Boric, acercar la Justicia a la gente de nuestros distintos servicios dependientes en este caso la Corporaci\u00f3n de Asistencia Judicial. Agradecemos la disposici\u00f3n de la Municipalidad ya que fue un requerimiento que levant\u00f3 el se\u00f1or alcalde Don Julio Uribe dado que la comunidad de Villa Ma\u00f1ihuales necesitaba esta prestaci\u00f3n, lo coordinamos y estamos muy contentos de ponerlo en pr\u00e1ctica, creemos que es un hito importante por cuanto la comunidad ya no va a tener que desplazarse desde Ma\u00f1ihuales a Puerto Ays\u00e9n para conversar con el abogado, para hacer consultas, para ver en que est\u00e1 su caso, y en ese sentido acercamos hoy d\u00eda la Justicia a la gente de manera real y concreta, como dec\u00eda la directora quiz\u00e1s hay una demanda no cubierta, pero a partir de ahora, los usuarios van a ahorrar tiempo y dinero, lo que nos va a permitir capturar esa necesidad que tiene la poblaci\u00f3n, as\u00ed que estamos muy contentos en avanzar en descentralizaci\u00f3n en materia jur\u00eddica y de acceso a la Justicia\u201d.<\/p>\n<p style=\"text-align: justify;\">Finalmente, cabe mencionar que dentro de las materias que pueden abordar los profesionales de la Corporaci\u00f3n de Asistencia Judicial del B\u00edo B\u00edo est\u00e1n las de \u00e1mbito civil ya sea contratos, arriendos, relacionadas con propiedades, posesiones efectivas, en tema de Familia las pensiones de alimentos, relaci\u00f3n directa y regular, entre otras, as\u00ed tambi\u00e9n a trav\u00e9s de la oficina de Defensor\u00eda Laboral ve todo lo relacionado con contratos de trabajo, indemnizaciones, despido injustificado y una serie de materias que son relevantes.<\/p>\n<\/div><\/section><\/div><div  style='height:50px' class='hr hr-invisible   avia-builder-el-6  el_after_av_one_full  el_before_av_social_share '><span class='hr-inner ' ><span class='hr-inner-style'><\/span><\/span><\/div><\/p>\n<div  class='av-social-sharing-box  avia-builder-el-7  el_after_av_hr  el_before_av_hr  '><div class='av-share-box'><h5 class='av-share-link-description av-no-toc '>Compartir esta noticia<\/h5><ul class='av-share-box-list noLightbox'><li class='av-share-link av-social-link-facebook' ><a target=\"_blank\" aria-label=\"Compartir en Facebook\" href='https:\/\/www.facebook.com\/sharer.php?u=https:\/\/radiorevelacionfm.cl\/?p=21629&#038;t=Firma%20de%20convenio%20permitir%C3%A1%20atenci%C3%B3n%20de%20asistencia%20jur%C3%ADdica%20en%20Villa%20Ma%C3%B1ihuales' aria-hidden='false' data-av_icon='\ue8f3' data-av_iconfont='entypo-fontello' title='' data-avia-related-tooltip='Compartir en Facebook' rel=\"noopener\"><span class='avia_hidden_link_text'>Compartir en Facebook<\/span><\/a><\/li><li class='av-share-link av-social-link-twitter' ><a target=\"_blank\" aria-label=\"Compartir en Twitter\" href='https:\/\/twitter.com\/share?text=Firma%20de%20convenio%20permitir%C3%A1%20atenci%C3%B3n%20de%20asistencia%20jur%C3%ADdica%20en%20Villa%20Ma%C3%B1ihuales&#038;url=https:\/\/radiorevelacionfm.cl\/?p=21629' aria-hidden='false' data-av_icon='\ue8f1' data-av_iconfont='entypo-fontello' title='' data-avia-related-tooltip='Compartir en Twitter' rel=\"noopener\"><span class='avia_hidden_link_text'>Compartir en Twitter<\/span><\/a><\/li><li class='av-share-link av-social-link-whatsapp' ><a target=\"_blank\" aria-label=\"Compartir en Whatsapp\" href='https:\/\/api.whatsapp.com\/send?text=https:\/\/radiorevelacionfm.cl\/?p=21629' aria-hidden='false' data-av_icon='\uf232' data-av_iconfont='entypo-fontello' title='' data-avia-related-tooltip='Compartir en Whatsapp' rel=\"noopener\"><span class='avia_hidden_link_text'>Compartir en Whatsapp<\/span><\/a><\/li><li class='av-share-link av-social-link-linkedin' ><a target=\"_blank\" aria-label=\"Compartir en LinkedIn\" href='https:\/\/linkedin.com\/shareArticle?mini=true&#038;title=Firma%20de%20convenio%20permitir%C3%A1%20atenci%C3%B3n%20de%20asistencia%20jur%C3%ADdica%20en%20Villa%20Ma%C3%B1ihuales&#038;url=https:\/\/radiorevelacionfm.cl\/?p=21629' aria-hidden='false' data-av_icon='\ue8fc' data-av_iconfont='entypo-fontello' title='' data-avia-related-tooltip='Compartir en LinkedIn' rel=\"noopener\"><span class='avia_hidden_link_text'>Compartir en LinkedIn<\/span><\/a><\/li><li class='av-share-link av-social-link-mail' ><a  aria-label=\"Compartir por correo\" href='mailto:?subject=Firma%20de%20convenio%20permitir%C3%A1%20atenci%C3%B3n%20de%20asistencia%20jur%C3%ADdica%20en%20Villa%20Ma%C3%B1ihuales&#038;body=https:\/\/radiorevelacionfm.cl\/?p=21629' aria-hidden='false' data-av_icon='\ue805' data-av_iconfont='entypo-fontello' title='' data-avia-related-tooltip='Compartir por correo'><span class='avia_hidden_link_text'>Compartir por correo<\/span><\/a><\/li><\/ul><\/div><\/div>\n<div  style='height:50px' class='hr hr-invisible   avia-builder-el-8  el_after_av_social_share  el_before_av_comments_list '><span class='hr-inner ' ><span class='hr-inner-style'><\/span><\/span><\/div>\n<div  class='av-buildercomment  av-blog-meta-html-info-disabled av-blog-meta-tag-disabled  '><\/div>\n","protected":false},"excerpt":{"rendered":"","protected":false},"author":1,"featured_media":21630,"comment_status":"open","ping_status":"open","sticky":false,"template":"","format":"standard","meta":{"footnotes":""},"categories":[55],"tags":[],"class_list":["post-21629","post","type-post","status-publish","format-standard","has-post-thumbnail","hentry","category-justicia"],"jetpack_featured_media_url":"https:\/\/radiorevelacionfm.cl\/wp-content\/uploads\/2022\/09\/image-106-2.jpg","_links":{"self":[{"href":"https:\/\/radiorevelacionfm.cl\/index.php?rest_route=\/wp\/v2\/posts\/21629","targetHints":{"allow":["GET"]}}],"collection":[{"href":"https:\/\/radiorevelacionfm.cl\/index.php?rest_route=\/wp\/v2\/posts"}],"about":[{"href":"https:\/\/radiorevelacionfm.cl\/index.php?rest_route=\/wp\/v2\/types\/post"}],"author":[{"embeddable":true,"href":"https:\/\/radiorevelacionfm.cl\/index.php?rest_route=\/wp\/v2\/users\/1"}],"replies":[{"embeddable":true,"href":"https:\/\/radiorevelacionfm.cl\/index.php?rest_route=%2Fwp%2Fv2%2Fcomments&post=21629"}],"version-history":[{"count":2,"href":"https:\/\/radiorevelacionfm.cl\/index.php?rest_route=\/wp\/v2\/posts\/21629\/revisions"}],"predecessor-version":[{"id":21648,"href":"https:\/\/radiorevelacionfm.cl\/index.php?rest_route=\/wp\/v2\/posts\/21629\/revisions\/21648"}],"wp:featuredmedia":[{"embeddable":true,"href":"https:\/\/radiorevelacionfm.cl\/index.php?rest_route=\/wp\/v2\/media\/21630"}],"wp:attachment":[{"href":"https:\/\/radiorevelacionfm.cl\/index.php?rest_route=%2Fwp%2Fv2%2Fmedia&parent=21629"}],"wp:term":[{"taxonomy":"category","embeddable":true,"href":"https:\/\/radiorevelacionfm.cl\/index.php?rest_route=%2Fwp%2Fv2%2Fcategories&post=21629"},{"taxonomy":"post_tag","embeddable":true,"href":"https:\/\/radiorevelacionfm.cl\/index.php?rest_route=%2Fwp%2Fv2%2Ftags&post=21629"}],"curies":[{"name":"wp","href":"https:\/\/api.w.org\/{rel}","templated":true}]}}