{"id":21625,"date":"2022-09-09T15:48:35","date_gmt":"2022-09-09T18:48:35","guid":{"rendered":"https:\/\/radiorevelacionfm.cl\/?p=21625"},"modified":"2022-09-09T15:48:35","modified_gmt":"2022-09-09T18:48:35","slug":"alta-convocatoria-tuvo-jornada-de-participacion-ciudadana-realizada-por-el-mop-en-chile-chico","status":"publish","type":"post","link":"https:\/\/radiorevelacionfm.cl\/?p=21625","title":{"rendered":"Alta convocatoria tuvo jornada de Participaci\u00f3n Ciudadana realizada por el MOP en Chile Chico"},"content":{"rendered":"<div class=\"flex_column av_one_full  flex_column_div av-zero-column-padding first  avia-builder-el-0  el_before_av_one_full  avia-builder-el-first  \" style='border-radius:0px; '><div  class='avia-image-container  av-styling-    avia-builder-el-1  avia-builder-el-no-sibling  avia-align-center '  itemprop=\"image\" itemscope=\"itemscope\" itemtype=\"https:\/\/schema.org\/ImageObject\"  ><div class='avia-image-container-inner'><div class='avia-image-overlay-wrap'><img decoding=\"async\" class='wp-image-21626 avia-img-lazy-loading-not-21626 avia_image' src=\"https:\/\/radiorevelacionfm.cl\/wp-content\/uploads\/2022\/09\/WhatsApp-Image-2022-09-08-at-20.07.38-1-2-2.jpeg\" alt='' title='WhatsApp Image 2022-09-08 at 20.07.38 (1)-2-2' height=\"600\" width=\"937\"  itemprop=\"thumbnailUrl\" srcset=\"https:\/\/radiorevelacionfm.cl\/wp-content\/uploads\/2022\/09\/WhatsApp-Image-2022-09-08-at-20.07.38-1-2-2.jpeg 937w, https:\/\/radiorevelacionfm.cl\/wp-content\/uploads\/2022\/09\/WhatsApp-Image-2022-09-08-at-20.07.38-1-2-2-300x192.jpeg 300w, https:\/\/radiorevelacionfm.cl\/wp-content\/uploads\/2022\/09\/WhatsApp-Image-2022-09-08-at-20.07.38-1-2-2-768x492.jpeg 768w, https:\/\/radiorevelacionfm.cl\/wp-content\/uploads\/2022\/09\/WhatsApp-Image-2022-09-08-at-20.07.38-1-2-2-705x451.jpeg 705w, https:\/\/radiorevelacionfm.cl\/wp-content\/uploads\/2022\/09\/WhatsApp-Image-2022-09-08-at-20.07.38-1-2-2-600x384.jpeg 600w\" sizes=\"(max-width: 937px) 100vw, 937px\" \/><\/div><\/div><\/div><\/div><div class=\"flex_column av_one_full  flex_column_div av-zero-column-padding first  avia-builder-el-2  el_after_av_one_full  el_before_av_one_full  column-top-margin\" style='border-radius:0px; '><section class=\"av_textblock_section \"  itemscope=\"itemscope\" itemtype=\"https:\/\/schema.org\/BlogPosting\" itemprop=\"blogPost\" ><div class='avia_textblock  '   itemprop=\"text\" ><p style=\"text-align: center;\"><span style=\"font-size: 18pt;\"><strong>Alta convocatoria tuvo jornada de Participaci\u00f3n Ciudadana realizada por el MOP en Chile Chico<\/strong><\/span><\/p>\n<div id=\"gtx-trans\" style=\"position: absolute; left: -50px; top: 4.31534px;\">\n<div class=\"gtx-trans-icon\"><\/div>\n<\/div>\n<\/div><\/section><\/div><div class=\"flex_column av_one_full  flex_column_div av-zero-column-padding first  avia-builder-el-4  el_after_av_one_full  el_before_av_hr  column-top-margin\" style='border-radius:0px; '><section class=\"av_textblock_section \"  itemscope=\"itemscope\" itemtype=\"https:\/\/schema.org\/BlogPosting\" itemprop=\"blogPost\" ><div class='avia_textblock  '   itemprop=\"text\" ><p style=\"text-align: justify;\">Alrededor de 70 personas participaron en la jornada de participaci\u00f3n ciudadana del proyecto Construcci\u00f3n Nave Complementaria de Conectividad Lacustre Puerto Ib\u00e1\u00f1ez-Chile Chico, a cargo de la Direcci\u00f3n de Obras Portuarias del Ministerio de Obras P\u00fablicas.<\/p>\n<p style=\"text-align: justify;\">La actividad se realiz\u00f3 en dependencias del Liceo Bicentenario de Chile Chico, donde el director regional de Obras Portuarias, \u00c1lvaro D\u00edaz, expuso la situaci\u00f3n actual de las naves Pilchero y La Tehuelche y las acciones que se desarrollan en el corto plazo.<\/p>\n<p style=\"text-align: justify;\">Entre ellas, destaca la relevancia de avanzar desde ahora en el dise\u00f1o participativo de una nave complementaria, que considerar\u00e1 principalmente la opini\u00f3n de la comunidad chilechiquense, con el objetivo de recoger y satisfacer en gran medida sus necesidades.<\/p>\n<p style=\"text-align: justify;\">El seremi de Obras P\u00fablicas, Patricio Sanhueza, indic\u00f3 que \u201ces prioritario para nosotros avanzar en este dise\u00f1o de una nave complementaria, que nos permitir\u00e1 resolver la urgencia que ustedes tienen y que tambi\u00e9n es relevante para nuestras autoridades nacionales\u201d.<\/p>\n<p style=\"text-align: justify;\">Agreg\u00f3 que \u201cen esta octava visita al territorio reafirmamos nuestro compromiso y preocupaci\u00f3n, as\u00ed como la de nuestro gobierno de mantener las acciones de contingencia para mitigar la actual condici\u00f3n de conectividad, continuar con el programa de mantenci\u00f3n y reparaci\u00f3n de La Tehuelche; as\u00ed como tambi\u00e9n avanzar en el plan de mediano y largo plazo, donde agradecemos la alta participaci\u00f3n de la ciudadan\u00eda\u201d.<\/p>\n<p style=\"text-align: justify;\">En la segunda parte del encuentro, se realizaron grupos focales con grupos de ocho a diez personas, liderados por el equipo de monitores y monitoras del MOP, quienes se encargaron de orientar la discusi\u00f3n en torno a las preguntas: \u00bfCu\u00e1l cree usted que es el tipo de carga que m\u00e1s se adec\u00faa a las necesidades de los y las habitantes de Chile Chico? \u00bfDisminuir los tiempos de viaje o aumentar la frecuencia de viajes? \u00bfCu\u00e1l es la capacidad que usted espera para una nave futura? Y \u00bfQu\u00e9 caracter\u00edsticas debiese incorporar esta nueva nave?<\/p>\n<p style=\"text-align: justify;\">Adem\u00e1s, en el contexto de la actividad de Participaci\u00f3n Ciudadana, este jueves, el equipo MOP con apoyo de la Delegaci\u00f3n Provincial General Carrera se despleg\u00f3 por la comuna con un grupo de 14 personas que aplicaron una encuesta, actividad que ha logrado inter\u00e9s por parte los habitantes de la ciudad, al registrar una participaci\u00f3n de alrededor de 500 personas hasta ahora.<\/p>\n<p style=\"text-align: justify;\">Las actividades han contado con participaci\u00f3n del Delegado Presidencial Provincial, Daniel Fern\u00e1ndez, y el alcalde de Chile Chico, Luperciano Mu\u00f1oz, adem\u00e1s de dirigentes de organizaciones productivas del territorio.<\/p>\n<\/div><\/section><\/div><div  style='height:50px' class='hr hr-invisible   avia-builder-el-6  el_after_av_one_full  el_before_av_social_share '><span class='hr-inner ' ><span class='hr-inner-style'><\/span><\/span><\/div><\/p>\n<div  class='av-social-sharing-box  avia-builder-el-7  el_after_av_hr  el_before_av_hr  '><div class='av-share-box'><h5 class='av-share-link-description av-no-toc '>Compartir esta noticia<\/h5><ul class='av-share-box-list noLightbox'><li class='av-share-link av-social-link-facebook' ><a target=\"_blank\" aria-label=\"Compartir en Facebook\" href='https:\/\/www.facebook.com\/sharer.php?u=https:\/\/radiorevelacionfm.cl\/?p=21625&#038;t=Alta%20convocatoria%20tuvo%20jornada%20de%20Participaci%C3%B3n%20Ciudadana%20realizada%20por%20el%20MOP%20en%20Chile%20Chico' aria-hidden='false' data-av_icon='\ue8f3' data-av_iconfont='entypo-fontello' title='' data-avia-related-tooltip='Compartir en Facebook' rel=\"noopener\"><span class='avia_hidden_link_text'>Compartir en Facebook<\/span><\/a><\/li><li class='av-share-link av-social-link-twitter' ><a target=\"_blank\" aria-label=\"Compartir en Twitter\" href='https:\/\/twitter.com\/share?text=Alta%20convocatoria%20tuvo%20jornada%20de%20Participaci%C3%B3n%20Ciudadana%20realizada%20por%20el%20MOP%20en%20Chile%20Chico&#038;url=https:\/\/radiorevelacionfm.cl\/?p=21625' aria-hidden='false' data-av_icon='\ue8f1' data-av_iconfont='entypo-fontello' title='' data-avia-related-tooltip='Compartir en Twitter' rel=\"noopener\"><span class='avia_hidden_link_text'>Compartir en Twitter<\/span><\/a><\/li><li class='av-share-link av-social-link-whatsapp' ><a target=\"_blank\" aria-label=\"Compartir en Whatsapp\" href='https:\/\/api.whatsapp.com\/send?text=https:\/\/radiorevelacionfm.cl\/?p=21625' aria-hidden='false' data-av_icon='\uf232' data-av_iconfont='entypo-fontello' title='' data-avia-related-tooltip='Compartir en Whatsapp' rel=\"noopener\"><span class='avia_hidden_link_text'>Compartir en Whatsapp<\/span><\/a><\/li><li class='av-share-link av-social-link-linkedin' ><a target=\"_blank\" aria-label=\"Compartir en LinkedIn\" href='https:\/\/linkedin.com\/shareArticle?mini=true&#038;title=Alta%20convocatoria%20tuvo%20jornada%20de%20Participaci%C3%B3n%20Ciudadana%20realizada%20por%20el%20MOP%20en%20Chile%20Chico&#038;url=https:\/\/radiorevelacionfm.cl\/?p=21625' aria-hidden='false' data-av_icon='\ue8fc' data-av_iconfont='entypo-fontello' title='' data-avia-related-tooltip='Compartir en LinkedIn' rel=\"noopener\"><span class='avia_hidden_link_text'>Compartir en LinkedIn<\/span><\/a><\/li><li class='av-share-link av-social-link-mail' ><a  aria-label=\"Compartir por correo\" href='mailto:?subject=Alta%20convocatoria%20tuvo%20jornada%20de%20Participaci%C3%B3n%20Ciudadana%20realizada%20por%20el%20MOP%20en%20Chile%20Chico&#038;body=https:\/\/radiorevelacionfm.cl\/?p=21625' aria-hidden='false' data-av_icon='\ue805' data-av_iconfont='entypo-fontello' title='' data-avia-related-tooltip='Compartir por correo'><span class='avia_hidden_link_text'>Compartir por correo<\/span><\/a><\/li><\/ul><\/div><\/div>\n<div  style='height:50px' class='hr hr-invisible   avia-builder-el-8  el_after_av_social_share  el_before_av_comments_list '><span class='hr-inner ' ><span class='hr-inner-style'><\/span><\/span><\/div>\n<div  class='av-buildercomment  av-blog-meta-html-info-disabled av-blog-meta-tag-disabled  '><\/div>\n","protected":false},"excerpt":{"rendered":"","protected":false},"author":1,"featured_media":21626,"comment_status":"open","ping_status":"open","sticky":false,"template":"","format":"standard","meta":{"footnotes":""},"categories":[38],"tags":[],"class_list":["post-21625","post","type-post","status-publish","format-standard","has-post-thumbnail","hentry","category-regional"],"jetpack_featured_media_url":"https:\/\/radiorevelacionfm.cl\/wp-content\/uploads\/2022\/09\/WhatsApp-Image-2022-09-08-at-20.07.38-1-2-2.jpeg","_links":{"self":[{"href":"https:\/\/radiorevelacionfm.cl\/index.php?rest_route=\/wp\/v2\/posts\/21625","targetHints":{"allow":["GET"]}}],"collection":[{"href":"https:\/\/radiorevelacionfm.cl\/index.php?rest_route=\/wp\/v2\/posts"}],"about":[{"href":"https:\/\/radiorevelacionfm.cl\/index.php?rest_route=\/wp\/v2\/types\/post"}],"author":[{"embeddable":true,"href":"https:\/\/radiorevelacionfm.cl\/index.php?rest_route=\/wp\/v2\/users\/1"}],"replies":[{"embeddable":true,"href":"https:\/\/radiorevelacionfm.cl\/index.php?rest_route=%2Fwp%2Fv2%2Fcomments&post=21625"}],"version-history":[{"count":2,"href":"https:\/\/radiorevelacionfm.cl\/index.php?rest_route=\/wp\/v2\/posts\/21625\/revisions"}],"predecessor-version":[{"id":21628,"href":"https:\/\/radiorevelacionfm.cl\/index.php?rest_route=\/wp\/v2\/posts\/21625\/revisions\/21628"}],"wp:featuredmedia":[{"embeddable":true,"href":"https:\/\/radiorevelacionfm.cl\/index.php?rest_route=\/wp\/v2\/media\/21626"}],"wp:attachment":[{"href":"https:\/\/radiorevelacionfm.cl\/index.php?rest_route=%2Fwp%2Fv2%2Fmedia&parent=21625"}],"wp:term":[{"taxonomy":"category","embeddable":true,"href":"https:\/\/radiorevelacionfm.cl\/index.php?rest_route=%2Fwp%2Fv2%2Fcategories&post=21625"},{"taxonomy":"post_tag","embeddable":true,"href":"https:\/\/radiorevelacionfm.cl\/index.php?rest_route=%2Fwp%2Fv2%2Ftags&post=21625"}],"curies":[{"name":"wp","href":"https:\/\/api.w.org\/{rel}","templated":true}]}}