{"id":21620,"date":"2022-09-09T12:30:43","date_gmt":"2022-09-09T15:30:43","guid":{"rendered":"https:\/\/radiorevelacionfm.cl\/?p=21620"},"modified":"2022-09-09T12:30:43","modified_gmt":"2022-09-09T15:30:43","slug":"conaf-integra-nueva-herramienta-tecnologica-para-conservacion-en-areas-protegidas","status":"publish","type":"post","link":"https:\/\/radiorevelacionfm.cl\/?p=21620","title":{"rendered":"Conaf integra nueva herramienta tecnol\u00f3gica para conservaci\u00f3n en \u00e1reas protegidas"},"content":{"rendered":"<div class=\"flex_column av_one_full  flex_column_div av-zero-column-padding first  avia-builder-el-0  el_before_av_one_full  avia-builder-el-first  \" style='border-radius:0px; '><div  class='avia-image-container  av-styling-    avia-builder-el-1  avia-builder-el-no-sibling  avia-align-center '  itemprop=\"image\" itemscope=\"itemscope\" itemtype=\"https:\/\/schema.org\/ImageObject\"  ><div class='avia-image-container-inner'><div class='avia-image-overlay-wrap'><img decoding=\"async\" class='wp-image-21621 avia-img-lazy-loading-not-21621 avia_image' src=\"https:\/\/radiorevelacionfm.cl\/wp-content\/uploads\/2022\/09\/52311424542_9f9242ac50_c-2.jpg\" alt='' title='52311424542_9f9242ac50_c-2' height=\"600\" width=\"800\"  itemprop=\"thumbnailUrl\" srcset=\"https:\/\/radiorevelacionfm.cl\/wp-content\/uploads\/2022\/09\/52311424542_9f9242ac50_c-2.jpg 800w, https:\/\/radiorevelacionfm.cl\/wp-content\/uploads\/2022\/09\/52311424542_9f9242ac50_c-2-300x225.jpg 300w, https:\/\/radiorevelacionfm.cl\/wp-content\/uploads\/2022\/09\/52311424542_9f9242ac50_c-2-768x576.jpg 768w, https:\/\/radiorevelacionfm.cl\/wp-content\/uploads\/2022\/09\/52311424542_9f9242ac50_c-2-705x529.jpg 705w, https:\/\/radiorevelacionfm.cl\/wp-content\/uploads\/2022\/09\/52311424542_9f9242ac50_c-2-600x450.jpg 600w\" sizes=\"(max-width: 800px) 100vw, 800px\" \/><\/div><\/div><\/div><\/div><div class=\"flex_column av_one_full  flex_column_div av-zero-column-padding first  avia-builder-el-2  el_after_av_one_full  el_before_av_one_full  column-top-margin\" style='border-radius:0px; '><section class=\"av_textblock_section \"  itemscope=\"itemscope\" itemtype=\"https:\/\/schema.org\/BlogPosting\" itemprop=\"blogPost\" ><div class='avia_textblock  '   itemprop=\"text\" ><p style=\"text-align: center;\"><strong><span style=\"font-size: 18pt;\">Conaf integra nueva herramienta tecnol\u00f3gica\u00a0para conservaci\u00f3n en \u00e1reas protegidas<\/span><\/strong><\/p>\n<div id=\"gtx-trans\" style=\"position: absolute; left: -50px; top: 4.31534px;\">\n<div class=\"gtx-trans-icon\"><\/div>\n<\/div>\n<\/div><\/section><\/div><div class=\"flex_column av_one_full  flex_column_div av-zero-column-padding first  avia-builder-el-4  el_after_av_one_full  el_before_av_hr  column-top-margin\" style='border-radius:0px; '><section class=\"av_textblock_section \"  itemscope=\"itemscope\" itemtype=\"https:\/\/schema.org\/BlogPosting\" itemprop=\"blogPost\" ><div class='avia_textblock  '   itemprop=\"text\" ><p style=\"text-align: justify;\">Un nuevo avance tecnol\u00f3gico donde los dispositivos m\u00f3viles se transforman en la herramienta central para el trabajo de conservaci\u00f3n en los parques nacionales, reservas nacionales y monumentos naturales que componen el Sistema Nacional de \u00c1reas Silvestres Protegidas del Estado (SNASPE), est\u00e1 integrando la Corporaci\u00f3n Nacional Forestal (CONAF).<\/p>\n<p style=\"text-align: justify;\">Esta nueva herramienta es la plataforma SMART (Spatial Monitoring and Reporting Tool, por su sigla en ingl\u00e9s) y permite que las y los guardaparques, durante sus patrullajes, vayan detectando y registrando en l\u00ednea la situaci\u00f3n de los objetos de conservaci\u00f3n de cada \u00e1rea protegida o las probables amenazas a la biodiversidad que se resguarda en ellas.<\/p>\n<p style=\"text-align: justify;\">Para avanzar en la implementaci\u00f3n a nivel nacional de esta herramienta tecnol\u00f3gica, se realiz\u00f3 el primer taller nacional de capacitaci\u00f3n en SMART, encabezada por los profesionales de la Secci\u00f3n de Monitoreo e Informaci\u00f3n de la Gerencia de \u00c1reas Silvestres Protegidas de CONAF, en la que participaron guardaparques de distintas unidades del pa\u00eds siendo Mario Alegr\u00eda y Francisco C\u00e1rdenas de PN Cerro Castillo los representantes de la regi\u00f3n.<\/p>\n<p style=\"text-align: justify;\">Uno de los aspectos que m\u00e1s resalt\u00f3 el director ejecutivo de CONAF, Christian Little, es que \u201cen los \u00faltimos a\u00f1os, como instituci\u00f3n a cargo de las \u00e1reas protegidas del Estado, hemos\u00a0 realizado esfuerzos considerables para la adopci\u00f3n de nuevas tecnolog\u00edas que permitan evaluar la gesti\u00f3n y estado de conservaci\u00f3n de ellas, donde nuestra mayor inversi\u00f3n son los equipos y la capacitaci\u00f3n, lo que actualmente nos tiene en lo m\u00e1s alto en desarrollo y manejo efectivo de nuestros parques nacionales, reservas nacionales y monumentos naturales\u201d.<\/p>\n<p style=\"text-align: justify;\">Cabe destacar que SMART es de c\u00f3digo abierto y gratuito, y fue desarrollado el 2011 por organizaciones l\u00edderes en conversaci\u00f3n, tales como Wildlife Conservation Society (WCS), Panthera, Zoological Society of London (ZSL), North Carolina Zoo, Global Wildlife Conservation, Frankfurt Zoological Society, Peace Parks Foundation y el Fondo Mundial para la Conservaci\u00f3n de la Naturaleza (WWF). El objetivo, inicialmente, fue mejorar los esfuerzos en contra de la caza furtiva y el comercio ilegal de especies en \u00c1frica y Asia, pero luego se fue transformando tambi\u00e9n en una potente herramienta de colecta de informaci\u00f3n y gesti\u00f3n de datos estandarizada y centralizada para mejorar las decisiones en los procesos de conservaci\u00f3n.<\/p>\n<p style=\"text-align: justify;\">Para la Directora de CONAF Ays\u00e9n, Claudia Reyes Santelices, es importante contar con esta herramienta porque facilita y optimiza el trabajo de cada uno de los guardaparques. \u201cNuestros guardaparques efect\u00faan labores de patrullaje y automatizar esto, sistematizando y estandarizando los datos recabados en una plataforma dise\u00f1ada exclusivamente para ellos es algo muy \u00fatil porque adem\u00e1s podr\u00e1n ver los reportes de los \u00faltimos patrullajes realizados a modo de tener un ayuda memoria\u201d.<\/p>\n<p style=\"text-align: justify;\">La plataforma SMART consta de un conjunto de programas y herramientas de an\u00e1lisis dise\u00f1adas para ayudar a administrar y proteger la vida silvestre y los lugares importantes de conservar y proteger, ya que estandariza y agiliza la recopilaci\u00f3n, el an\u00e1lisis y la generaci\u00f3n de informes de datos recogidos en terreno, que permite a los responsables o administradores tomar decisiones r\u00e1pidas e informadas ante posibles amenazas. El programa posee una amplia gama de actividades de gesti\u00f3n de la conservaci\u00f3n, incluida la conservaci\u00f3n de la biodiversidad, la aplicaci\u00f3n de la ley, la gesti\u00f3n del turismo y los visitantes, el uso de los recursos naturales y las evaluaciones del nivel de amenaza, entre otras.<\/p>\n<p style=\"text-align: justify;\">El principal objetivo de esta actividad de capacitaci\u00f3n fue preparar a las y los guardaparques de ocho unidades del Sistema Nacional de \u00c1reas Silvestres Protegidas del Estado (SNASPE), que administra CONAF, como monitores y embajadores regionales de SMART, ya que se busca ampliar su utilizaci\u00f3n a nivel nacional.<\/p>\n<p style=\"text-align: justify;\">En la regi\u00f3n fueron 2 los guardaparques participantes, Mario Alegr\u00eda y Francisco C\u00e1rdenas, ambos del Parque Nacional Cerro Castillo, quienes aprendieron de este nuevo sistema y actualmente instruyen al resto de sus colegas, seg\u00fan las palabras de la Jefa regional del Departamento de \u00c1reas Silvestres Protegidas, Andrea Bahamonde Valenzuela. \u201cLa aplicaci\u00f3n de este nuevo sistema permite subir el est\u00e1ndar de manejo y conservaci\u00f3n del Parque ya que nivela y agiliza la recopilaci\u00f3n, el an\u00e1lisis y la generaci\u00f3n de informes como mapa de amenazas o puntos relevantes para enfocar los esfuerzos,\u00a0 lo que permite a los responsables o administradores tomar decisiones r\u00e1pidas e informadas ante posibles amenazas. Este aspecto es relevante ya que permite optimizar la labor de los guardaparques considerando las amplias superficies de nuestras \u00e1reas silvestres protegidas de la Regi\u00f3n de Ays\u00e9n\u201d.<\/p>\n<p style=\"text-align: justify;\">En el taller se revisaron aspectos como la importancia y la necesidad de ordenar la informaci\u00f3n obtenida en los patrullajes, el flujo de trabajo requerido para construir bases de datos estructuradas, el uso de la aplicaci\u00f3n m\u00f3vil de SMART y la centralizaci\u00f3n de la informaci\u00f3n en una nube virtual que permite entregar reportes automatizados. Tambi\u00e9n se entregaron dispositivos m\u00f3viles de mejor categor\u00eda, los cuales tienen bater\u00edas de larga duraci\u00f3n y son resistentes a golpes, ca\u00eddas y lluvia, adem\u00e1s de contar con una potente se\u00f1al de receptores GNSS, pudiendo acceder bien a GPS, Glonas, Galileo y Beidou.<\/p>\n<\/div><\/section><\/div><div  style='height:50px' class='hr hr-invisible   avia-builder-el-6  el_after_av_one_full  el_before_av_social_share '><span class='hr-inner ' ><span class='hr-inner-style'><\/span><\/span><\/div><\/p>\n<div  class='av-social-sharing-box  avia-builder-el-7  el_after_av_hr  el_before_av_hr  '><div class='av-share-box'><h5 class='av-share-link-description av-no-toc '>Compartir esta noticia<\/h5><ul class='av-share-box-list noLightbox'><li class='av-share-link av-social-link-facebook' ><a target=\"_blank\" aria-label=\"Compartir en Facebook\" href='https:\/\/www.facebook.com\/sharer.php?u=https:\/\/radiorevelacionfm.cl\/?p=21620&#038;t=Conaf%20integra%20nueva%20herramienta%20tecnol%C3%B3gica%20para%20conservaci%C3%B3n%20en%20%C3%A1reas%20protegidas' aria-hidden='false' data-av_icon='\ue8f3' data-av_iconfont='entypo-fontello' title='' data-avia-related-tooltip='Compartir en Facebook' rel=\"noopener\"><span class='avia_hidden_link_text'>Compartir en Facebook<\/span><\/a><\/li><li class='av-share-link av-social-link-twitter' ><a target=\"_blank\" aria-label=\"Compartir en Twitter\" href='https:\/\/twitter.com\/share?text=Conaf%20integra%20nueva%20herramienta%20tecnol%C3%B3gica%20para%20conservaci%C3%B3n%20en%20%C3%A1reas%20protegidas&#038;url=https:\/\/radiorevelacionfm.cl\/?p=21620' aria-hidden='false' data-av_icon='\ue8f1' data-av_iconfont='entypo-fontello' title='' data-avia-related-tooltip='Compartir en Twitter' rel=\"noopener\"><span class='avia_hidden_link_text'>Compartir en Twitter<\/span><\/a><\/li><li class='av-share-link av-social-link-whatsapp' ><a target=\"_blank\" aria-label=\"Compartir en Whatsapp\" href='https:\/\/api.whatsapp.com\/send?text=https:\/\/radiorevelacionfm.cl\/?p=21620' aria-hidden='false' data-av_icon='\uf232' data-av_iconfont='entypo-fontello' title='' data-avia-related-tooltip='Compartir en Whatsapp' rel=\"noopener\"><span class='avia_hidden_link_text'>Compartir en Whatsapp<\/span><\/a><\/li><li class='av-share-link av-social-link-linkedin' ><a target=\"_blank\" aria-label=\"Compartir en LinkedIn\" href='https:\/\/linkedin.com\/shareArticle?mini=true&#038;title=Conaf%20integra%20nueva%20herramienta%20tecnol%C3%B3gica%20para%20conservaci%C3%B3n%20en%20%C3%A1reas%20protegidas&#038;url=https:\/\/radiorevelacionfm.cl\/?p=21620' aria-hidden='false' data-av_icon='\ue8fc' data-av_iconfont='entypo-fontello' title='' data-avia-related-tooltip='Compartir en LinkedIn' rel=\"noopener\"><span class='avia_hidden_link_text'>Compartir en LinkedIn<\/span><\/a><\/li><li class='av-share-link av-social-link-mail' ><a  aria-label=\"Compartir por correo\" href='mailto:?subject=Conaf%20integra%20nueva%20herramienta%20tecnol%C3%B3gica%20para%20conservaci%C3%B3n%20en%20%C3%A1reas%20protegidas&#038;body=https:\/\/radiorevelacionfm.cl\/?p=21620' aria-hidden='false' data-av_icon='\ue805' data-av_iconfont='entypo-fontello' title='' data-avia-related-tooltip='Compartir por correo'><span class='avia_hidden_link_text'>Compartir por correo<\/span><\/a><\/li><\/ul><\/div><\/div>\n<div  style='height:50px' class='hr hr-invisible   avia-builder-el-8  el_after_av_social_share  el_before_av_comments_list '><span class='hr-inner ' ><span class='hr-inner-style'><\/span><\/span><\/div>\n<div  class='av-buildercomment  av-blog-meta-html-info-disabled av-blog-meta-tag-disabled  '><\/div>\n","protected":false},"excerpt":{"rendered":"","protected":false},"author":1,"featured_media":21621,"comment_status":"open","ping_status":"open","sticky":false,"template":"","format":"standard","meta":{"footnotes":""},"categories":[38],"tags":[],"class_list":["post-21620","post","type-post","status-publish","format-standard","has-post-thumbnail","hentry","category-regional"],"jetpack_featured_media_url":"https:\/\/radiorevelacionfm.cl\/wp-content\/uploads\/2022\/09\/52311424542_9f9242ac50_c-2.jpg","_links":{"self":[{"href":"https:\/\/radiorevelacionfm.cl\/index.php?rest_route=\/wp\/v2\/posts\/21620","targetHints":{"allow":["GET"]}}],"collection":[{"href":"https:\/\/radiorevelacionfm.cl\/index.php?rest_route=\/wp\/v2\/posts"}],"about":[{"href":"https:\/\/radiorevelacionfm.cl\/index.php?rest_route=\/wp\/v2\/types\/post"}],"author":[{"embeddable":true,"href":"https:\/\/radiorevelacionfm.cl\/index.php?rest_route=\/wp\/v2\/users\/1"}],"replies":[{"embeddable":true,"href":"https:\/\/radiorevelacionfm.cl\/index.php?rest_route=%2Fwp%2Fv2%2Fcomments&post=21620"}],"version-history":[{"count":2,"href":"https:\/\/radiorevelacionfm.cl\/index.php?rest_route=\/wp\/v2\/posts\/21620\/revisions"}],"predecessor-version":[{"id":21623,"href":"https:\/\/radiorevelacionfm.cl\/index.php?rest_route=\/wp\/v2\/posts\/21620\/revisions\/21623"}],"wp:featuredmedia":[{"embeddable":true,"href":"https:\/\/radiorevelacionfm.cl\/index.php?rest_route=\/wp\/v2\/media\/21621"}],"wp:attachment":[{"href":"https:\/\/radiorevelacionfm.cl\/index.php?rest_route=%2Fwp%2Fv2%2Fmedia&parent=21620"}],"wp:term":[{"taxonomy":"category","embeddable":true,"href":"https:\/\/radiorevelacionfm.cl\/index.php?rest_route=%2Fwp%2Fv2%2Fcategories&post=21620"},{"taxonomy":"post_tag","embeddable":true,"href":"https:\/\/radiorevelacionfm.cl\/index.php?rest_route=%2Fwp%2Fv2%2Ftags&post=21620"}],"curies":[{"name":"wp","href":"https:\/\/api.w.org\/{rel}","templated":true}]}}