{"id":21617,"date":"2022-09-09T14:48:49","date_gmt":"2022-09-09T17:48:49","guid":{"rendered":"https:\/\/radiorevelacionfm.cl\/?p=21617"},"modified":"2022-09-09T14:48:49","modified_gmt":"2022-09-09T17:48:49","slug":"directivas-de-jjvv-y-organizaciones-sociales-extenderan-su-vigencia-hasta-diciembre","status":"publish","type":"post","link":"https:\/\/radiorevelacionfm.cl\/?p=21617","title":{"rendered":"Directivas de JJVV y organizaciones sociales extender\u00e1n su vigencia hasta diciembre"},"content":{"rendered":"<div class=\"flex_column av_one_full  flex_column_div av-zero-column-padding first  avia-builder-el-0  el_before_av_one_full  avia-builder-el-first  \" style='border-radius:0px; '><div  class='avia-image-container  av-styling-    avia-builder-el-1  avia-builder-el-no-sibling  avia-align-center '  itemprop=\"image\" itemscope=\"itemscope\" itemtype=\"https:\/\/schema.org\/ImageObject\"  ><div class='avia-image-container-inner'><div class='avia-image-overlay-wrap'><img decoding=\"async\" class='wp-image-21618 avia-img-lazy-loading-not-21618 avia_image' src=\"https:\/\/radiorevelacionfm.cl\/wp-content\/uploads\/2022\/09\/foto-voceria-2-2_optimized.jpeg\" alt='' title='foto-voceria-2-2_optimized' height=\"600\" width=\"802\"  itemprop=\"thumbnailUrl\" srcset=\"https:\/\/radiorevelacionfm.cl\/wp-content\/uploads\/2022\/09\/foto-voceria-2-2_optimized.jpeg 802w, https:\/\/radiorevelacionfm.cl\/wp-content\/uploads\/2022\/09\/foto-voceria-2-2_optimized-300x224.jpeg 300w, https:\/\/radiorevelacionfm.cl\/wp-content\/uploads\/2022\/09\/foto-voceria-2-2_optimized-768x575.jpeg 768w, https:\/\/radiorevelacionfm.cl\/wp-content\/uploads\/2022\/09\/foto-voceria-2-2_optimized-705x527.jpeg 705w, https:\/\/radiorevelacionfm.cl\/wp-content\/uploads\/2022\/09\/foto-voceria-2-2_optimized-600x449.jpeg 600w\" sizes=\"(max-width: 802px) 100vw, 802px\" \/><\/div><\/div><\/div><\/div><div class=\"flex_column av_one_full  flex_column_div av-zero-column-padding first  avia-builder-el-2  el_after_av_one_full  el_before_av_one_full  column-top-margin\" style='border-radius:0px; '><section class=\"av_textblock_section \"  itemscope=\"itemscope\" itemtype=\"https:\/\/schema.org\/BlogPosting\" itemprop=\"blogPost\" ><div class='avia_textblock  '   itemprop=\"text\" ><p style=\"text-align: center;\"><span style=\"font-size: 18pt;\"><b>Directivas de JJVV y organizaciones sociales extender\u00e1n su vigencia hasta diciembre<\/b><\/span><\/p>\n<div id=\"gtx-trans\" style=\"position: absolute; left: -50px; top: 4.31534px;\">\n<div class=\"gtx-trans-icon\"><\/div>\n<\/div>\n<\/div><\/section><\/div><div class=\"flex_column av_one_full  flex_column_div av-zero-column-padding first  avia-builder-el-4  el_after_av_one_full  el_before_av_hr  column-top-margin\" style='border-radius:0px; '><section class=\"av_textblock_section \"  itemscope=\"itemscope\" itemtype=\"https:\/\/schema.org\/BlogPosting\" itemprop=\"blogPost\" ><div class='avia_textblock  '   itemprop=\"text\" ><div>\n<p class=\"v1MsoNormal\" style=\"text-align: justify;\">La Seremi de Gobierno de Ays\u00e9n, Tatiana Pl\u00e1 \u00c1lvarez, inform\u00f3 este viernes respecto de la extensi\u00f3n de la Ley 21.239, que ampl\u00eda la vigencia de las directivas de las juntas de vecinos y otras organizaciones sociales.<\/p>\n<p class=\"v1MsoNormal\" style=\"text-align: justify;\">Al respecto, la portavoz se\u00f1al\u00f3 que se trata de una buena noticia para las organizaciones sociales de nuestra regi\u00f3n, pues de esta manera se extiende nuevamente la vigencia de los directorios de personas jur\u00eddicas sin fines de lucro que vencieron el pasado 30 de junio de 2022, ampliando su plazo hasta el 31 de diciembre de 2022.<\/p>\n<p class=\"v1MsoNormal\" style=\"text-align: justify;\">\u00abEsta medida beneficia a las organizaciones sociales que hayan perdido su vigencia tres meses antes del inicio del Estado de Excepci\u00f3n Constitucional hasta el t\u00e9rmino del mismo, es decir, desde el 18 de diciembre de 2019 hasta el 30 de septiembre de 2021\u00bb, indic\u00f3 Tatiana Pl\u00e1.<\/p>\n<p class=\"v1MsoNormal\" style=\"text-align: justify;\">\u00abCreemos que esta es una\u00a0noticia muy importante para muchas directivas que ten\u00edan dificultades por no ejercer por ley sus mandatos. Desde el Gobierno recogimos esta inquietud que ten\u00edan distintos l\u00edderes y lideresas sociales, pues necesitaban regularizar esta pr\u00f3rroga y estamos contentos porque finalmente se haya hecho oficial durante esta semana\u00bb, a\u00f1adi\u00f3 la portavoz de Gobierno en Ays\u00e9n.<\/p>\n<p class=\"v1MsoNormal\" style=\"text-align: justify;\">\u00abEsta normativa busca dar continuidad al trabajo de las organizaciones sociales para que sigan realizando su labor, y act\u00faen como facilitador entre los gobiernos locales y la ciudadan\u00eda. No obstante, si la directiva venci\u00f3 antes o despu\u00e9s de las fechas se\u00f1aladas, esta pr\u00f3rroga no aplica a dicha organizaci\u00f3n por lo que deber\u00e1n renovar su directiva en los t\u00e9rminos que indica la ley\u00bb, precis\u00f3.<\/p>\n<p class=\"v1MsoNormal\" style=\"text-align: justify;\">A trav\u00e9s de indicaciones del Ejecutivo que fueron aprobadas en el tr\u00e1mite legislativo, se incorporaron dos elementos adicionales a la extensi\u00f3n de la vigencia y que son de utilidad para las y los dirigentes sociales.<\/p>\n<p class=\"v1MsoNormal\" style=\"text-align: justify;\">La primera dice relaci\u00f3n con que en esta norma se validan los actos de administraci\u00f3n llevados a cabo por los directorios de las organizaciones de todo el pa\u00eds que hayan sido ejecutados entre el 1 de julio de 2022 y la publicaci\u00f3n de la ley, el pasado 2 de septiembre, lo que significa que todos los tr\u00e1mites realizados en esos dos meses, se entienden como regularizados (Art\u00edculo transitorio de la Ley 21.487). Y la segunda, extiende la duraci\u00f3n de los certificados de vigencia de car\u00e1cter provisorio -que anteriormente correspond\u00eda a treinta d\u00edas-, los que ahora tendr\u00e1n una validez de sesenta d\u00edas corridos (Art\u00edculo 6 bis de la Ley 19.418).<\/p>\n<\/div>\n<\/div><\/section><\/div><div  style='height:50px' class='hr hr-invisible   avia-builder-el-6  el_after_av_one_full  el_before_av_social_share '><span class='hr-inner ' ><span class='hr-inner-style'><\/span><\/span><\/div><\/p>\n<div  class='av-social-sharing-box  avia-builder-el-7  el_after_av_hr  el_before_av_hr  '><div class='av-share-box'><h5 class='av-share-link-description av-no-toc '>Compartir esta noticia<\/h5><ul class='av-share-box-list noLightbox'><li class='av-share-link av-social-link-facebook' ><a target=\"_blank\" aria-label=\"Compartir en Facebook\" href='https:\/\/www.facebook.com\/sharer.php?u=https:\/\/radiorevelacionfm.cl\/?p=21617&#038;t=Directivas%20de%20JJVV%20y%20organizaciones%20sociales%20extender%C3%A1n%20su%20vigencia%20hasta%20diciembre' aria-hidden='false' data-av_icon='\ue8f3' data-av_iconfont='entypo-fontello' title='' data-avia-related-tooltip='Compartir en Facebook' rel=\"noopener\"><span class='avia_hidden_link_text'>Compartir en Facebook<\/span><\/a><\/li><li class='av-share-link av-social-link-twitter' ><a target=\"_blank\" aria-label=\"Compartir en Twitter\" href='https:\/\/twitter.com\/share?text=Directivas%20de%20JJVV%20y%20organizaciones%20sociales%20extender%C3%A1n%20su%20vigencia%20hasta%20diciembre&#038;url=https:\/\/radiorevelacionfm.cl\/?p=21617' aria-hidden='false' data-av_icon='\ue8f1' data-av_iconfont='entypo-fontello' title='' data-avia-related-tooltip='Compartir en Twitter' rel=\"noopener\"><span class='avia_hidden_link_text'>Compartir en Twitter<\/span><\/a><\/li><li class='av-share-link av-social-link-whatsapp' ><a target=\"_blank\" aria-label=\"Compartir en Whatsapp\" href='https:\/\/api.whatsapp.com\/send?text=https:\/\/radiorevelacionfm.cl\/?p=21617' aria-hidden='false' data-av_icon='\uf232' data-av_iconfont='entypo-fontello' title='' data-avia-related-tooltip='Compartir en Whatsapp' rel=\"noopener\"><span class='avia_hidden_link_text'>Compartir en Whatsapp<\/span><\/a><\/li><li class='av-share-link av-social-link-linkedin' ><a target=\"_blank\" aria-label=\"Compartir en LinkedIn\" href='https:\/\/linkedin.com\/shareArticle?mini=true&#038;title=Directivas%20de%20JJVV%20y%20organizaciones%20sociales%20extender%C3%A1n%20su%20vigencia%20hasta%20diciembre&#038;url=https:\/\/radiorevelacionfm.cl\/?p=21617' aria-hidden='false' data-av_icon='\ue8fc' data-av_iconfont='entypo-fontello' title='' data-avia-related-tooltip='Compartir en LinkedIn' rel=\"noopener\"><span class='avia_hidden_link_text'>Compartir en LinkedIn<\/span><\/a><\/li><li class='av-share-link av-social-link-mail' ><a  aria-label=\"Compartir por correo\" href='mailto:?subject=Directivas%20de%20JJVV%20y%20organizaciones%20sociales%20extender%C3%A1n%20su%20vigencia%20hasta%20diciembre&#038;body=https:\/\/radiorevelacionfm.cl\/?p=21617' aria-hidden='false' data-av_icon='\ue805' data-av_iconfont='entypo-fontello' title='' data-avia-related-tooltip='Compartir por correo'><span class='avia_hidden_link_text'>Compartir por correo<\/span><\/a><\/li><\/ul><\/div><\/div>\n<div  style='height:50px' class='hr hr-invisible   avia-builder-el-8  el_after_av_social_share  el_before_av_comments_list '><span class='hr-inner ' ><span class='hr-inner-style'><\/span><\/span><\/div>\n<div  class='av-buildercomment  av-blog-meta-html-info-disabled av-blog-meta-tag-disabled  '><\/div>\n","protected":false},"excerpt":{"rendered":"","protected":false},"author":1,"featured_media":21618,"comment_status":"open","ping_status":"open","sticky":false,"template":"","format":"standard","meta":{"footnotes":""},"categories":[38],"tags":[],"class_list":["post-21617","post","type-post","status-publish","format-standard","has-post-thumbnail","hentry","category-regional"],"jetpack_featured_media_url":"https:\/\/radiorevelacionfm.cl\/wp-content\/uploads\/2022\/09\/foto-voceria-2-2_optimized.jpeg","_links":{"self":[{"href":"https:\/\/radiorevelacionfm.cl\/index.php?rest_route=\/wp\/v2\/posts\/21617","targetHints":{"allow":["GET"]}}],"collection":[{"href":"https:\/\/radiorevelacionfm.cl\/index.php?rest_route=\/wp\/v2\/posts"}],"about":[{"href":"https:\/\/radiorevelacionfm.cl\/index.php?rest_route=\/wp\/v2\/types\/post"}],"author":[{"embeddable":true,"href":"https:\/\/radiorevelacionfm.cl\/index.php?rest_route=\/wp\/v2\/users\/1"}],"replies":[{"embeddable":true,"href":"https:\/\/radiorevelacionfm.cl\/index.php?rest_route=%2Fwp%2Fv2%2Fcomments&post=21617"}],"version-history":[{"count":2,"href":"https:\/\/radiorevelacionfm.cl\/index.php?rest_route=\/wp\/v2\/posts\/21617\/revisions"}],"predecessor-version":[{"id":21624,"href":"https:\/\/radiorevelacionfm.cl\/index.php?rest_route=\/wp\/v2\/posts\/21617\/revisions\/21624"}],"wp:featuredmedia":[{"embeddable":true,"href":"https:\/\/radiorevelacionfm.cl\/index.php?rest_route=\/wp\/v2\/media\/21618"}],"wp:attachment":[{"href":"https:\/\/radiorevelacionfm.cl\/index.php?rest_route=%2Fwp%2Fv2%2Fmedia&parent=21617"}],"wp:term":[{"taxonomy":"category","embeddable":true,"href":"https:\/\/radiorevelacionfm.cl\/index.php?rest_route=%2Fwp%2Fv2%2Fcategories&post=21617"},{"taxonomy":"post_tag","embeddable":true,"href":"https:\/\/radiorevelacionfm.cl\/index.php?rest_route=%2Fwp%2Fv2%2Ftags&post=21617"}],"curies":[{"name":"wp","href":"https:\/\/api.w.org\/{rel}","templated":true}]}}