{"id":21611,"date":"2022-09-09T10:34:34","date_gmt":"2022-09-09T13:34:34","guid":{"rendered":"https:\/\/radiorevelacionfm.cl\/?p=21611"},"modified":"2022-09-09T10:34:34","modified_gmt":"2022-09-09T13:34:34","slug":"productores-de-lena-de-rio-ibanez-participan-de-encuentro-para-potenciar-produccion-y-asociatividad","status":"publish","type":"post","link":"https:\/\/radiorevelacionfm.cl\/?p=21611","title":{"rendered":"Productores de le\u00f1a de R\u00edo Ib\u00e1\u00f1ez participan de encuentro para potenciar producci\u00f3n y asociatividad"},"content":{"rendered":"<div class=\"flex_column av_one_full  flex_column_div av-zero-column-padding first  avia-builder-el-0  el_before_av_one_full  avia-builder-el-first  \" style='border-radius:0px; '><div  class='avia-image-container  av-styling-    avia-builder-el-1  avia-builder-el-no-sibling  avia-align-center '  itemprop=\"image\" itemscope=\"itemscope\" itemtype=\"https:\/\/schema.org\/ImageObject\"  ><div class='avia-image-container-inner'><div class='avia-image-overlay-wrap'><img decoding=\"async\" class='wp-image-21612 avia-img-lazy-loading-not-21612 avia_image' src=\"https:\/\/radiorevelacionfm.cl\/wp-content\/uploads\/2022\/09\/z9a9763-2-2_optimized-2.jpg\" alt='' title='_z9a9763-2-2_optimized-2' height=\"600\" width=\"1029\"  itemprop=\"thumbnailUrl\" srcset=\"https:\/\/radiorevelacionfm.cl\/wp-content\/uploads\/2022\/09\/z9a9763-2-2_optimized-2.jpg 1029w, https:\/\/radiorevelacionfm.cl\/wp-content\/uploads\/2022\/09\/z9a9763-2-2_optimized-2-300x175.jpg 300w, https:\/\/radiorevelacionfm.cl\/wp-content\/uploads\/2022\/09\/z9a9763-2-2_optimized-2-768x448.jpg 768w, https:\/\/radiorevelacionfm.cl\/wp-content\/uploads\/2022\/09\/z9a9763-2-2_optimized-2-705x411.jpg 705w, https:\/\/radiorevelacionfm.cl\/wp-content\/uploads\/2022\/09\/z9a9763-2-2_optimized-2-600x350.jpg 600w\" sizes=\"(max-width: 1029px) 100vw, 1029px\" \/><\/div><\/div><\/div><\/div><div class=\"flex_column av_one_full  flex_column_div av-zero-column-padding first  avia-builder-el-2  el_after_av_one_full  el_before_av_one_full  column-top-margin\" style='border-radius:0px; '><section class=\"av_textblock_section \"  itemscope=\"itemscope\" itemtype=\"https:\/\/schema.org\/BlogPosting\" itemprop=\"blogPost\" ><div class='avia_textblock  '   itemprop=\"text\" ><p style=\"text-align: center;\"><span style=\"font-size: 18pt;\"><b>Productores de le\u00f1a de R\u00edo Ib\u00e1\u00f1ez participan de encuentro para potenciar producci\u00f3n y asociatividad\u00a0<\/b><\/span><\/p>\n<div id=\"gtx-trans\" style=\"position: absolute; left: -50px; top: 4.31534px;\">\n<div class=\"gtx-trans-icon\"><\/div>\n<\/div>\n<\/div><\/section><\/div><div class=\"flex_column av_one_full  flex_column_div av-zero-column-padding first  avia-builder-el-4  el_after_av_one_full  el_before_av_hr  column-top-margin\" style='border-radius:0px; '><section class=\"av_textblock_section \"  itemscope=\"itemscope\" itemtype=\"https:\/\/schema.org\/BlogPosting\" itemprop=\"blogPost\" ><div class='avia_textblock  '   itemprop=\"text\" ><p style=\"text-align: justify;\">En Villa Cerro Castillo programa ejecutado por INFOR servicio adscrito al Ministerio de Agricultura realiz\u00f3 encuentro que busc\u00f3 entregar informaci\u00f3n y herramientas t\u00e9cnicas que permitan mejorar la gesti\u00f3n y producci\u00f3n de le\u00f1a de calidad.<\/p>\n<p style=\"text-align: justify;\">Con la participaci\u00f3n de productores de le\u00f1a de Cerro Castillo, Bajada Ib\u00e1\u00f1ez, Las Ardillas, Lago Central, Lapparent y R\u00edo Manso, este martes se realiz\u00f3 encuentro impulsado por el Instituto Forestal (INFOR) del Ministerio de Agricultura, con el apoyo de CONAF, profesionales de la Seremi de Energ\u00eda y de la Municipalidad de R\u00edo Ib\u00e1\u00f1ez.<\/p>\n<p style=\"text-align: justify;\">Encuentro ejecutado en el marco del programa \u00abGesti\u00f3n para potenciar la extracci\u00f3n y secado de le\u00f1a, formalizaci\u00f3n de productores la comuna de R\u00edo Ib\u00e1\u00f1ez\u00bb, financiado a trav\u00e9s de Fondo Nacional de Desarrollo Regional del Gobierno Regional, cuyo eje es trabajar con productores en torno aformalizaci\u00f3n, transferencia t\u00e9cnica, incorporaci\u00f3n de maquinaria e informaci\u00f3n para estandarizar la producci\u00f3n de biomasa de la comuna de R\u00edo Ib\u00e1\u00f1ez.<\/p>\n<p style=\"text-align: justify;\">Alan Espinoza Ortiz, Seremi de Agricultura, resalt\u00f3 la realizaci\u00f3n de estas acciones que se desarrollan en articulaci\u00f3n intersectorial con entidades como CONAF, la Seremi de Energ\u00eda y la Municipalidad de R\u00edo Ib\u00e1\u00f1ez, buscando mejorar la calidad de los productos y\u00a0la calidad de vida de los habitantes de la regi\u00f3n.<\/p>\n<p style=\"text-align: justify;\">\u00abEstuvimos conversando con 23 productores, aplicando transferencia, conocimiento, gracias un programa FNDR financiado\u00a0por nuestro Gobierno Regional y su Consejo, donde\u00a0abordamos c\u00f3mo son los modelos\u00a0de negocio, c\u00f3mo efectivamente podemos avanzar a tener mejores condiciones en nuestra l\u00ednea, c\u00f3mo nuestros productores pueden mejorar su calidad de vida, c\u00f3mo pueden usar nuevas herramientas que le permitan facilitar su trabajo. As\u00ed estamos muy contento y muy agradecido por la labor realizada tanto por INFOR como por el resto de servicio del Ministerio de Agricultura\u00bb, se\u00f1al\u00f3.<\/p>\n<p style=\"text-align: justify;\">La actividad comprendi\u00f3 charlas\u00a0t\u00e9cnicas te\u00f3ricas y videos, adem\u00e1s de una actividad pr\u00e1ctica en un galp\u00f3n de secado de le\u00f1a, ubicado en el sector Puente Chacano, donde se mostr\u00f3 el uso de las maquinarias de la l\u00ednea de producci\u00f3n de le\u00f1a para diversos formatos.<\/p>\n<p style=\"text-align: justify;\">Sobre el programa ejecutado en conjunto con productores de la comuna, Marcelo\u00a0Alarc\u00f3n Cea, de Lago Lapparent resalt\u00f3 la importancia de este tipo de iniciativa.<\/p>\n<p style=\"text-align: justify;\">\u00abHa tra\u00eddo muchas iniciativas e importante con relaci\u00f3n a la introducci\u00f3n de maquinaria a la cadena productiva de la le\u00f1a, que no deja de ser un rubro s\u00faper importante dado que puede satisfacer los requerimientos de calefacci\u00f3n para la familia de los diferentes hogares, ya sea en la comuna de Ib\u00e1\u00f1ez como en Coyhaique, donde est\u00e1 el principal centro de consumo. Y esto nos permite a nosotros mejorar nuestra capacidad productiva, incorporando t\u00e9cnicas nuevas y equipos nuevos que nos permiten hacer mucho m\u00e1s eficiente el proceso y a un precio mucho m\u00e1s econ\u00f3mico, al alcance de todos los bolsillos\u00bb, se\u00f1al\u00f3.<\/p>\n<p style=\"text-align: justify;\">Por su parte el Gerente de la Sede Patagonia de INFOR, Jaime Salinas Sanhueza, indic\u00f3 que este programa apunta a mejorar los est\u00e1ndares de producci\u00f3n para la cadena productiva con foco en mejorar el producto para la poblaci\u00f3n aisenina.<\/p>\n<p style=\"text-align: justify;\">\u00abEstamos aqu\u00ed en la comuna de R\u00edo Ib\u00e1\u00f1ez, fortalecimiento las capacidades t\u00e9cnicas de productores de le\u00f1a de esta comuna. Estamos ayudando como Instituto Forestal a aquellos los productores de le\u00f1a se asocien para formalizarse, para que generen productos de calidad en diferentes formatos, que es lo que necesita nuestra ciudadan\u00eda. Le\u00f1a con contenido de humedad bajo el 25% para disminuir la contaminaci\u00f3n atmosf\u00e9rica de nuestra regi\u00f3n\u00bb, subray\u00f3 Salinas.<\/p>\n<p style=\"text-align: justify;\">El programa entrega asesor\u00eda t\u00e9cnica a cerca de 50 productores due\u00f1os de bosque, intermediarios, prestadores de servicios relacionados al rubro de la le\u00f1a. El programa se inici\u00f3 desde octubre del a\u00f1o pasado y posee una duraci\u00f3n de 24 meses. Entre los aspectos m\u00e1s importantes a realizar, es incentivar a los productores y beneficiarios a formalizar su actividad, mejorar los est\u00e1ndares de calidad de productos derivados de la le\u00f1a e incorporar maquinaria y tecnolog\u00eda adecuada a sus l\u00edneas de producci\u00f3n.<\/p>\n<\/div><\/section><\/div><div  style='height:50px' class='hr hr-invisible   avia-builder-el-6  el_after_av_one_full  el_before_av_social_share '><span class='hr-inner ' ><span class='hr-inner-style'><\/span><\/span><\/div><\/p>\n<div  class='av-social-sharing-box  avia-builder-el-7  el_after_av_hr  el_before_av_hr  '><div class='av-share-box'><h5 class='av-share-link-description av-no-toc '>Compartir esta noticia<\/h5><ul class='av-share-box-list noLightbox'><li class='av-share-link av-social-link-facebook' ><a target=\"_blank\" aria-label=\"Compartir en Facebook\" href='https:\/\/www.facebook.com\/sharer.php?u=https:\/\/radiorevelacionfm.cl\/?p=21611&#038;t=Productores%20de%20le%C3%B1a%20de%20R%C3%ADo%20Ib%C3%A1%C3%B1ez%20participan%20de%20encuentro%20para%20potenciar%20producci%C3%B3n%20y%20asociatividad' aria-hidden='false' data-av_icon='\ue8f3' data-av_iconfont='entypo-fontello' title='' data-avia-related-tooltip='Compartir en Facebook' rel=\"noopener\"><span class='avia_hidden_link_text'>Compartir en Facebook<\/span><\/a><\/li><li class='av-share-link av-social-link-twitter' ><a target=\"_blank\" aria-label=\"Compartir en Twitter\" href='https:\/\/twitter.com\/share?text=Productores%20de%20le%C3%B1a%20de%20R%C3%ADo%20Ib%C3%A1%C3%B1ez%20participan%20de%20encuentro%20para%20potenciar%20producci%C3%B3n%20y%20asociatividad&#038;url=https:\/\/radiorevelacionfm.cl\/?p=21611' aria-hidden='false' data-av_icon='\ue8f1' data-av_iconfont='entypo-fontello' title='' data-avia-related-tooltip='Compartir en Twitter' rel=\"noopener\"><span class='avia_hidden_link_text'>Compartir en Twitter<\/span><\/a><\/li><li class='av-share-link av-social-link-whatsapp' ><a target=\"_blank\" aria-label=\"Compartir en Whatsapp\" href='https:\/\/api.whatsapp.com\/send?text=https:\/\/radiorevelacionfm.cl\/?p=21611' aria-hidden='false' data-av_icon='\uf232' data-av_iconfont='entypo-fontello' title='' data-avia-related-tooltip='Compartir en Whatsapp' rel=\"noopener\"><span class='avia_hidden_link_text'>Compartir en Whatsapp<\/span><\/a><\/li><li class='av-share-link av-social-link-linkedin' ><a target=\"_blank\" aria-label=\"Compartir en LinkedIn\" href='https:\/\/linkedin.com\/shareArticle?mini=true&#038;title=Productores%20de%20le%C3%B1a%20de%20R%C3%ADo%20Ib%C3%A1%C3%B1ez%20participan%20de%20encuentro%20para%20potenciar%20producci%C3%B3n%20y%20asociatividad&#038;url=https:\/\/radiorevelacionfm.cl\/?p=21611' aria-hidden='false' data-av_icon='\ue8fc' data-av_iconfont='entypo-fontello' title='' data-avia-related-tooltip='Compartir en LinkedIn' rel=\"noopener\"><span class='avia_hidden_link_text'>Compartir en LinkedIn<\/span><\/a><\/li><li class='av-share-link av-social-link-mail' ><a  aria-label=\"Compartir por correo\" href='mailto:?subject=Productores%20de%20le%C3%B1a%20de%20R%C3%ADo%20Ib%C3%A1%C3%B1ez%20participan%20de%20encuentro%20para%20potenciar%20producci%C3%B3n%20y%20asociatividad&#038;body=https:\/\/radiorevelacionfm.cl\/?p=21611' aria-hidden='false' data-av_icon='\ue805' data-av_iconfont='entypo-fontello' title='' data-avia-related-tooltip='Compartir por correo'><span class='avia_hidden_link_text'>Compartir por correo<\/span><\/a><\/li><\/ul><\/div><\/div>\n<div  style='height:50px' class='hr hr-invisible   avia-builder-el-8  el_after_av_social_share  el_before_av_comments_list '><span class='hr-inner ' ><span class='hr-inner-style'><\/span><\/span><\/div>\n<div  class='av-buildercomment  av-blog-meta-html-info-disabled av-blog-meta-tag-disabled  '><\/div>\n","protected":false},"excerpt":{"rendered":"","protected":false},"author":1,"featured_media":21612,"comment_status":"open","ping_status":"open","sticky":false,"template":"","format":"standard","meta":{"footnotes":""},"categories":[38],"tags":[],"class_list":["post-21611","post","type-post","status-publish","format-standard","has-post-thumbnail","hentry","category-regional"],"jetpack_featured_media_url":"https:\/\/radiorevelacionfm.cl\/wp-content\/uploads\/2022\/09\/z9a9763-2-2_optimized-2.jpg","_links":{"self":[{"href":"https:\/\/radiorevelacionfm.cl\/index.php?rest_route=\/wp\/v2\/posts\/21611","targetHints":{"allow":["GET"]}}],"collection":[{"href":"https:\/\/radiorevelacionfm.cl\/index.php?rest_route=\/wp\/v2\/posts"}],"about":[{"href":"https:\/\/radiorevelacionfm.cl\/index.php?rest_route=\/wp\/v2\/types\/post"}],"author":[{"embeddable":true,"href":"https:\/\/radiorevelacionfm.cl\/index.php?rest_route=\/wp\/v2\/users\/1"}],"replies":[{"embeddable":true,"href":"https:\/\/radiorevelacionfm.cl\/index.php?rest_route=%2Fwp%2Fv2%2Fcomments&post=21611"}],"version-history":[{"count":2,"href":"https:\/\/radiorevelacionfm.cl\/index.php?rest_route=\/wp\/v2\/posts\/21611\/revisions"}],"predecessor-version":[{"id":21614,"href":"https:\/\/radiorevelacionfm.cl\/index.php?rest_route=\/wp\/v2\/posts\/21611\/revisions\/21614"}],"wp:featuredmedia":[{"embeddable":true,"href":"https:\/\/radiorevelacionfm.cl\/index.php?rest_route=\/wp\/v2\/media\/21612"}],"wp:attachment":[{"href":"https:\/\/radiorevelacionfm.cl\/index.php?rest_route=%2Fwp%2Fv2%2Fmedia&parent=21611"}],"wp:term":[{"taxonomy":"category","embeddable":true,"href":"https:\/\/radiorevelacionfm.cl\/index.php?rest_route=%2Fwp%2Fv2%2Fcategories&post=21611"},{"taxonomy":"post_tag","embeddable":true,"href":"https:\/\/radiorevelacionfm.cl\/index.php?rest_route=%2Fwp%2Fv2%2Ftags&post=21611"}],"curies":[{"name":"wp","href":"https:\/\/api.w.org\/{rel}","templated":true}]}}