{"id":21607,"date":"2022-09-10T13:48:47","date_gmt":"2022-09-10T16:48:47","guid":{"rendered":"https:\/\/radiorevelacionfm.cl\/?p=21607"},"modified":"2022-09-10T13:48:47","modified_gmt":"2022-09-10T16:48:47","slug":"reactivar-la-economia-el-desafio-post-plebiscito-que-requiere-celeridad","status":"publish","type":"post","link":"https:\/\/radiorevelacionfm.cl\/?p=21607","title":{"rendered":"Reactivar la econom\u00eda: El desaf\u00edo post plebiscito que requiere celeridad"},"content":{"rendered":"<div class=\"flex_column av_one_full  flex_column_div av-zero-column-padding first  avia-builder-el-0  el_before_av_one_full  avia-builder-el-first  \" style='border-radius:0px; '><div  class='avia-image-container  av-styling-    avia-builder-el-1  avia-builder-el-no-sibling  avia-align-center '  itemprop=\"image\" itemscope=\"itemscope\" itemtype=\"https:\/\/schema.org\/ImageObject\"  ><div class='avia-image-container-inner'><div class='avia-image-overlay-wrap'><img decoding=\"async\" class='wp-image-21608 avia-img-lazy-loading-not-21608 avia_image' src=\"https:\/\/radiorevelacionfm.cl\/wp-content\/uploads\/2022\/09\/Manuel-Suazo-Illesca-CChC-2-2-2.jpg\" alt='' title='Manuel-Suazo-Illesca-CChC-2-2-2' height=\"600\" width=\"600\"  itemprop=\"thumbnailUrl\" srcset=\"https:\/\/radiorevelacionfm.cl\/wp-content\/uploads\/2022\/09\/Manuel-Suazo-Illesca-CChC-2-2-2.jpg 600w, https:\/\/radiorevelacionfm.cl\/wp-content\/uploads\/2022\/09\/Manuel-Suazo-Illesca-CChC-2-2-2-300x300.jpg 300w, https:\/\/radiorevelacionfm.cl\/wp-content\/uploads\/2022\/09\/Manuel-Suazo-Illesca-CChC-2-2-2-80x80.jpg 80w, https:\/\/radiorevelacionfm.cl\/wp-content\/uploads\/2022\/09\/Manuel-Suazo-Illesca-CChC-2-2-2-36x36.jpg 36w, https:\/\/radiorevelacionfm.cl\/wp-content\/uploads\/2022\/09\/Manuel-Suazo-Illesca-CChC-2-2-2-180x180.jpg 180w, https:\/\/radiorevelacionfm.cl\/wp-content\/uploads\/2022\/09\/Manuel-Suazo-Illesca-CChC-2-2-2-100x100.jpg 100w\" sizes=\"(max-width: 600px) 100vw, 600px\" \/><\/div><\/div><\/div><\/div><div class=\"flex_column av_one_full  flex_column_div av-zero-column-padding first  avia-builder-el-2  el_after_av_one_full  el_before_av_one_full  column-top-margin\" style='border-radius:0px; '><section class=\"av_textblock_section \"  itemscope=\"itemscope\" itemtype=\"https:\/\/schema.org\/BlogPosting\" itemprop=\"blogPost\" ><div class='avia_textblock  '   itemprop=\"text\" ><p style=\"text-align: center;\"><strong><span style=\"font-size: 18pt;\">Reactivar la econom\u00eda: El desaf\u00edo post plebiscito que requiere celeridad\u00a0<\/span><\/strong><\/p>\n<div id=\"gtx-trans\" style=\"position: absolute; left: -50px; top: 4.31534px;\">\n<div class=\"gtx-trans-icon\"><\/div>\n<\/div>\n<\/div><\/section><\/div><div class=\"flex_column av_one_full  flex_column_div av-zero-column-padding first  avia-builder-el-4  el_after_av_one_full  el_before_av_hr  column-top-margin\" style='border-radius:0px; '><section class=\"av_textblock_section \"  itemscope=\"itemscope\" itemtype=\"https:\/\/schema.org\/BlogPosting\" itemprop=\"blogPost\" ><div class='avia_textblock  '   itemprop=\"text\" ><p style=\"text-align: justify;\">La reactivaci\u00f3n del rubro de la construcci\u00f3n y de la econom\u00eda en la regi\u00f3n, ha estado en nuestra preocupaci\u00f3n y ocupaci\u00f3n. En ese sentido, como gremio regional, hemos sostenido diversas reuniones de relacionamiento para abordar la situaci\u00f3n del alza sostenida de los materiales de construcci\u00f3n, la escasez de mano de obra, dificultades de log\u00edstica y transporte que se tienen en la zona, as\u00ed como tambi\u00e9n la paralizaci\u00f3n de obras y c\u00f3mo podemos lograr entre p\u00fablicos y privados, una mejor ejecuci\u00f3n de las iniciativas que se estiman llevar a cabo en lo que queda del presente a\u00f1o y el pr\u00f3ximo, lo que ha sido abordado, desde nuestro criterio t\u00e9cnico, con las autoridades regionales del Ejecutivo, el Gobierno Regional, parlamentarios y tambi\u00e9n autoridades nacionales, como ocurri\u00f3 recientemente, con el Subsecretario de Obras P\u00fablicas.<\/p>\n<p style=\"text-align: justify;\">Al analizar el escenario de obras que tenemos en ejecuci\u00f3n, a nivel nacional, nos encontramos con que hay 371 obras, por lo que ante las dificultades que contin\u00faa atravesando la industria, se estima que, de no concluirse los proyectos mencionados, se tienen 12.000 empleos en riesgo.<\/p>\n<p style=\"text-align: justify;\">En tanto, en nuestra Regi\u00f3n de Ays\u00e9n, el escenario tambi\u00e9n nos preocupa, de mantenerse a\u00fan las externalidades negativas. Dado que, actualmente, se est\u00e1n llevando a cabo 23 obras. Las que, sumadas, mantienen 1.036 empleos en la regi\u00f3n y que podr\u00edan estar tambi\u00e9n en riesgo.<\/p>\n<p style=\"text-align: justify;\">En esa l\u00ednea, desde el gremio de la construcci\u00f3n, esperamos a que de cara al t\u00e9rmino del presente a\u00f1o y tras el plebiscito de salida, se encuentre entre las prioridades de nuestras autoridades, el velar por reactivar la actividad econ\u00f3mica, a fin de no s\u00f3lo concluir las obras que se est\u00e1n realizando y mantener los puestos de trabajo, sino que tambi\u00e9n ejecutar nuevas obras y con ello generar m\u00e1s trabajo, ya que las comunidades no pueden seguir esperando.<\/p>\n<p style=\"text-align: justify;\">Relevamos en esto, lo importante, y es que se ha reconocido el complejo escenario por parte del Estado y lo que se requiere es dar celeridad a las soluciones, de lo contrario, podr\u00eda continuar el abandono de obras a nivel nacional y en nuestra regi\u00f3n.<\/p>\n<div style=\"text-align: justify;\"><b>Por, Manuel Suazo Illesca<\/b><\/div>\n<div style=\"text-align: justify;\">Presidente C\u00e1mara Chilena de la Construcci\u00f3n<\/div>\n<div style=\"text-align: justify;\">Sede Coyhaique<\/div>\n<\/div><\/section><\/div><div  style='height:50px' class='hr hr-invisible   avia-builder-el-6  el_after_av_one_full  el_before_av_social_share '><span class='hr-inner ' ><span class='hr-inner-style'><\/span><\/span><\/div><\/p>\n<div  class='av-social-sharing-box  avia-builder-el-7  el_after_av_hr  el_before_av_hr  '><div class='av-share-box'><h5 class='av-share-link-description av-no-toc '>Compartir esta noticia<\/h5><ul class='av-share-box-list noLightbox'><li class='av-share-link av-social-link-facebook' ><a target=\"_blank\" aria-label=\"Compartir en Facebook\" href='https:\/\/www.facebook.com\/sharer.php?u=https:\/\/radiorevelacionfm.cl\/?p=21607&#038;t=Reactivar%20la%20econom%C3%ADa%3A%20El%20desaf%C3%ADo%20post%20plebiscito%20que%20requiere%20celeridad' aria-hidden='false' data-av_icon='\ue8f3' data-av_iconfont='entypo-fontello' title='' data-avia-related-tooltip='Compartir en Facebook' rel=\"noopener\"><span class='avia_hidden_link_text'>Compartir en Facebook<\/span><\/a><\/li><li class='av-share-link av-social-link-twitter' ><a target=\"_blank\" aria-label=\"Compartir en Twitter\" href='https:\/\/twitter.com\/share?text=Reactivar%20la%20econom%C3%ADa%3A%20El%20desaf%C3%ADo%20post%20plebiscito%20que%20requiere%20celeridad&#038;url=https:\/\/radiorevelacionfm.cl\/?p=21607' aria-hidden='false' data-av_icon='\ue8f1' data-av_iconfont='entypo-fontello' title='' data-avia-related-tooltip='Compartir en Twitter' rel=\"noopener\"><span class='avia_hidden_link_text'>Compartir en Twitter<\/span><\/a><\/li><li class='av-share-link av-social-link-whatsapp' ><a target=\"_blank\" aria-label=\"Compartir en Whatsapp\" href='https:\/\/api.whatsapp.com\/send?text=https:\/\/radiorevelacionfm.cl\/?p=21607' aria-hidden='false' data-av_icon='\uf232' data-av_iconfont='entypo-fontello' title='' data-avia-related-tooltip='Compartir en Whatsapp' rel=\"noopener\"><span class='avia_hidden_link_text'>Compartir en Whatsapp<\/span><\/a><\/li><li class='av-share-link av-social-link-linkedin' ><a target=\"_blank\" aria-label=\"Compartir en LinkedIn\" href='https:\/\/linkedin.com\/shareArticle?mini=true&#038;title=Reactivar%20la%20econom%C3%ADa%3A%20El%20desaf%C3%ADo%20post%20plebiscito%20que%20requiere%20celeridad&#038;url=https:\/\/radiorevelacionfm.cl\/?p=21607' aria-hidden='false' data-av_icon='\ue8fc' data-av_iconfont='entypo-fontello' title='' data-avia-related-tooltip='Compartir en LinkedIn' rel=\"noopener\"><span class='avia_hidden_link_text'>Compartir en LinkedIn<\/span><\/a><\/li><li class='av-share-link av-social-link-mail' ><a  aria-label=\"Compartir por correo\" href='mailto:?subject=Reactivar%20la%20econom%C3%ADa%3A%20El%20desaf%C3%ADo%20post%20plebiscito%20que%20requiere%20celeridad&#038;body=https:\/\/radiorevelacionfm.cl\/?p=21607' aria-hidden='false' data-av_icon='\ue805' data-av_iconfont='entypo-fontello' title='' data-avia-related-tooltip='Compartir por correo'><span class='avia_hidden_link_text'>Compartir por correo<\/span><\/a><\/li><\/ul><\/div><\/div>\n<div  style='height:50px' class='hr hr-invisible   avia-builder-el-8  el_after_av_social_share  el_before_av_comments_list '><span class='hr-inner ' ><span class='hr-inner-style'><\/span><\/span><\/div>\n<div  class='av-buildercomment  av-blog-meta-html-info-disabled av-blog-meta-tag-disabled  '><\/div>\n","protected":false},"excerpt":{"rendered":"","protected":false},"author":1,"featured_media":21608,"comment_status":"open","ping_status":"open","sticky":false,"template":"","format":"standard","meta":{"footnotes":""},"categories":[50],"tags":[],"class_list":["post-21607","post","type-post","status-publish","format-standard","has-post-thumbnail","hentry","category-cartas-y-opinion"],"jetpack_featured_media_url":"https:\/\/radiorevelacionfm.cl\/wp-content\/uploads\/2022\/09\/Manuel-Suazo-Illesca-CChC-2-2-2.jpg","_links":{"self":[{"href":"https:\/\/radiorevelacionfm.cl\/index.php?rest_route=\/wp\/v2\/posts\/21607","targetHints":{"allow":["GET"]}}],"collection":[{"href":"https:\/\/radiorevelacionfm.cl\/index.php?rest_route=\/wp\/v2\/posts"}],"about":[{"href":"https:\/\/radiorevelacionfm.cl\/index.php?rest_route=\/wp\/v2\/types\/post"}],"author":[{"embeddable":true,"href":"https:\/\/radiorevelacionfm.cl\/index.php?rest_route=\/wp\/v2\/users\/1"}],"replies":[{"embeddable":true,"href":"https:\/\/radiorevelacionfm.cl\/index.php?rest_route=%2Fwp%2Fv2%2Fcomments&post=21607"}],"version-history":[{"count":2,"href":"https:\/\/radiorevelacionfm.cl\/index.php?rest_route=\/wp\/v2\/posts\/21607\/revisions"}],"predecessor-version":[{"id":21650,"href":"https:\/\/radiorevelacionfm.cl\/index.php?rest_route=\/wp\/v2\/posts\/21607\/revisions\/21650"}],"wp:featuredmedia":[{"embeddable":true,"href":"https:\/\/radiorevelacionfm.cl\/index.php?rest_route=\/wp\/v2\/media\/21608"}],"wp:attachment":[{"href":"https:\/\/radiorevelacionfm.cl\/index.php?rest_route=%2Fwp%2Fv2%2Fmedia&parent=21607"}],"wp:term":[{"taxonomy":"category","embeddable":true,"href":"https:\/\/radiorevelacionfm.cl\/index.php?rest_route=%2Fwp%2Fv2%2Fcategories&post=21607"},{"taxonomy":"post_tag","embeddable":true,"href":"https:\/\/radiorevelacionfm.cl\/index.php?rest_route=%2Fwp%2Fv2%2Ftags&post=21607"}],"curies":[{"name":"wp","href":"https:\/\/api.w.org\/{rel}","templated":true}]}}