{"id":21600,"date":"2022-09-09T10:03:25","date_gmt":"2022-09-09T13:03:25","guid":{"rendered":"https:\/\/radiorevelacionfm.cl\/?p=21600"},"modified":"2022-09-09T10:03:25","modified_gmt":"2022-09-09T13:03:25","slug":"cerca-de-100-atenciones-realizaron-especialistas-del-hospital-regional-en-puerto-cisnes","status":"publish","type":"post","link":"https:\/\/radiorevelacionfm.cl\/?p=21600","title":{"rendered":"Cerca de 100 atenciones realizaron especialistas del Hospital Regional en Puerto Cisnes"},"content":{"rendered":"<div class=\"flex_column av_one_full  flex_column_div av-zero-column-padding first  avia-builder-el-0  el_before_av_one_full  avia-builder-el-first  \" style='border-radius:0px; '><div  class='avia-image-container  av-styling-    avia-builder-el-1  avia-builder-el-no-sibling  avia-align-center '  itemprop=\"image\" itemscope=\"itemscope\" itemtype=\"https:\/\/schema.org\/ImageObject\"  ><div class='avia-image-container-inner'><div class='avia-image-overlay-wrap'><img decoding=\"async\" class='wp-image-21601 avia-img-lazy-loading-not-21601 avia_image' src=\"https:\/\/radiorevelacionfm.cl\/wp-content\/uploads\/2022\/09\/especialistas-en-terreno-6-2_optimized.jpg\" alt='' title='especialistas-en-terreno-(6)-2_optimized' height=\"600\" width=\"800\"  itemprop=\"thumbnailUrl\" srcset=\"https:\/\/radiorevelacionfm.cl\/wp-content\/uploads\/2022\/09\/especialistas-en-terreno-6-2_optimized.jpg 800w, https:\/\/radiorevelacionfm.cl\/wp-content\/uploads\/2022\/09\/especialistas-en-terreno-6-2_optimized-300x225.jpg 300w, https:\/\/radiorevelacionfm.cl\/wp-content\/uploads\/2022\/09\/especialistas-en-terreno-6-2_optimized-768x576.jpg 768w, https:\/\/radiorevelacionfm.cl\/wp-content\/uploads\/2022\/09\/especialistas-en-terreno-6-2_optimized-705x529.jpg 705w, https:\/\/radiorevelacionfm.cl\/wp-content\/uploads\/2022\/09\/especialistas-en-terreno-6-2_optimized-600x450.jpg 600w\" sizes=\"(max-width: 800px) 100vw, 800px\" \/><\/div><\/div><\/div><\/div><div class=\"flex_column av_one_full  flex_column_div av-zero-column-padding first  avia-builder-el-2  el_after_av_one_full  el_before_av_one_full  column-top-margin\" style='border-radius:0px; '><section class=\"av_textblock_section \"  itemscope=\"itemscope\" itemtype=\"https:\/\/schema.org\/BlogPosting\" itemprop=\"blogPost\" ><div class='avia_textblock  '   itemprop=\"text\" ><p style=\"text-align: center;\"><span style=\"font-size: 18pt;\"><strong>Cerca de 100 atenciones realizaron especialistas del Hospital Regional en Puerto Cisnes<\/strong><\/span><\/p>\n<div id=\"gtx-trans\" style=\"position: absolute; left: -50px; top: 4.31534px;\">\n<div class=\"gtx-trans-icon\"><\/div>\n<\/div>\n<\/div><\/section><\/div><div class=\"flex_column av_one_full  flex_column_div av-zero-column-padding first  avia-builder-el-4  el_after_av_one_full  el_before_av_hr  column-top-margin\" style='border-radius:0px; '><section class=\"av_textblock_section \"  itemscope=\"itemscope\" itemtype=\"https:\/\/schema.org\/BlogPosting\" itemprop=\"blogPost\" ><div class='avia_textblock  '   itemprop=\"text\" ><p style=\"text-align: justify;\">Con el fin de disminuir la lista de espera de atenci\u00f3n de especialistas y acercar la salud a los distintos puntos de la regi\u00f3n de Ays\u00e9n, esta semana un grupo de m\u00e9dicos del Hospital Regional Coyhaique visit\u00f3 el Hospital Jorge Ibar de Puerto Cisnes, evitando as\u00ed que cerca de un centenar de pacientes deba viajar hasta la capital regional para ser atendidos por un especialista.<\/p>\n<p style=\"text-align: justify;\">Neurolog\u00eda, urolog\u00eda, medicina interna y broncopulmonar, fueron las especialidades elegidas en este \u201cplan piloto\u201d, que pretende replicarse en distintas localidades de la regi\u00f3n de Ays\u00e9n, siendo Puerto Cisnes el punto de partida con un total de 98 pacientes agendados.<\/p>\n<p style=\"text-align: justify;\">\u201cEs una muy buena iniciativa, ya que es lo que siempre nos piden nuestros usuarios: evitar viajes innecesarios, donde muchas veces las personas deben dejar a sus hijos, hay un gasto econ\u00f3mico y desapego al hogar. Es fabuloso que nuestro hospital se potencie con la venida de especialistas, como equipo tambi\u00e9n aprendemos de ellos y hacemos una atenci\u00f3n m\u00e1s integral para nuestros usuarios, finalmente todos somos beneficiados\u201d, expres\u00f3 Patricia Huinca, directora del Hospital Jorge Ibar de Puerto Cisnes.<\/p>\n<p style=\"text-align: justify;\">Por su parte, Hern\u00e1n Barrientos, subdirector de Gesti\u00f3n Asistencial del Servicio de Salud Ays\u00e9n (SSA), destac\u00f3 la importancia de descentralizar las atenciones de salud, sobre todo considerando la accidentada geograf\u00eda y extensi\u00f3n del territorio aisenino.<\/p>\n<p style=\"text-align: justify;\">\u201cPara nosotros es s\u00faper importante este trabajo coordinado, ya que permitir\u00e1 ir resolviendo las listas de espera de especialidades m\u00e9dicas, sabemos que hay personas que llevan mucho tiempo esperando. Con estos operativos, no deben trasladarse a la capital regional, y pueden recibir atenci\u00f3n en su lugar de origen\u201d, precis\u00f3 Hern\u00e1n Barrientos.<\/p>\n<p style=\"text-align: justify;\">Este operativo en terreno tambi\u00e9n incluy\u00f3 una capacitaci\u00f3n para los funcionarios del hospital cisnense en relaci\u00f3n a la Ley Ricarte Soto, protecci\u00f3n financiera para pacientes que cuyos tratamientos implican medicamentos de alto costo. \u201cLa importancia que tiene difundir los alcances de la Ley Ricarte Soto, m\u00e1s la articulaci\u00f3n de centros de salud a nivel regional es un beneficio para nuestros usuarios, que as\u00ed no deben trasladarse hasta Coyhaique para hacer valer las garant\u00edas que tiene esta ley\u201d, indic\u00f3 B\u00e1rbara S\u00e1ez, enfermera coordinadora de Ley Ricarte Soto del HRC.<\/p>\n<p style=\"text-align: justify;\">En tanto, Mauricio Tapia, m\u00e9dico broncopulmonar, destac\u00f3 que \u201cel principal beneficio es para nuestros pacientes, que pueden atenderse en su localidad sin tener que ir a Coyhaique, que est\u00e1 un poco lejos. Esto debiese hacerse de manera m\u00e1s frecuente, espero que a futuro vengamos m\u00e1s especialistas y esta iniciativa se mantenga\u201d.<\/p>\n<p style=\"text-align: justify;\"><strong>USUARIOS BENEFICIADOS<\/strong><\/p>\n<p style=\"text-align: justify;\">\u201cDesde que comenz\u00f3 la pandemia que no ten\u00eda controles, as\u00ed que es bueno aprovechar que est\u00e1n ac\u00e1 para poder verme, porque tuve un c\u00e1ncer g\u00e1strico y no me gusta viajar\u201d, Lorenne S\u00e1nchez, una de las pacientes beneficiadas con este operativo.<\/p>\n<p style=\"text-align: justify;\">En tanto, Jos\u00e9 Domingo Torres, adulto mayor paciente de broncopulmonar, agreg\u00f3 que \u201cesto est\u00e1 muy bien, hac\u00eda a\u00f1os que no me controlaba. Me hab\u00edan citado pero no pude ir por la pandemia\u201d, cuenta.<\/p>\n<p style=\"text-align: justify;\">Por su parte, Daniela Torres llevaba esperando una atenci\u00f3n con neur\u00f3loga hace poco tiempo, por lo que este operativo agiliz\u00f3 su proceso de atenci\u00f3n. \u201cMe parece s\u00faper bueno, porque viajar a Coyhaique igual es un tr\u00e1mite, sobre todo cuando uno tiene hijos. Hace poco estaba esperando una hora para neur\u00f3loga, as\u00ed que bak\u00e1n que me la hayan dado tan r\u00e1pido\u201d, expres\u00f3 muy contenta.<\/p>\n<\/div><\/section><\/div><div  style='height:50px' class='hr hr-invisible   avia-builder-el-6  el_after_av_one_full  el_before_av_social_share '><span class='hr-inner ' ><span class='hr-inner-style'><\/span><\/span><\/div><\/p>\n<div  class='av-social-sharing-box  avia-builder-el-7  el_after_av_hr  el_before_av_hr  '><div class='av-share-box'><h5 class='av-share-link-description av-no-toc '>Compartir esta noticia<\/h5><ul class='av-share-box-list noLightbox'><li class='av-share-link av-social-link-facebook' ><a target=\"_blank\" aria-label=\"Compartir en Facebook\" href='https:\/\/www.facebook.com\/sharer.php?u=https:\/\/radiorevelacionfm.cl\/?p=21600&#038;t=Cerca%20de%20100%20atenciones%20realizaron%20especialistas%20del%20Hospital%20Regional%20en%20Puerto%20Cisnes' aria-hidden='false' data-av_icon='\ue8f3' data-av_iconfont='entypo-fontello' title='' data-avia-related-tooltip='Compartir en Facebook' rel=\"noopener\"><span class='avia_hidden_link_text'>Compartir en Facebook<\/span><\/a><\/li><li class='av-share-link av-social-link-twitter' ><a target=\"_blank\" aria-label=\"Compartir en Twitter\" href='https:\/\/twitter.com\/share?text=Cerca%20de%20100%20atenciones%20realizaron%20especialistas%20del%20Hospital%20Regional%20en%20Puerto%20Cisnes&#038;url=https:\/\/radiorevelacionfm.cl\/?p=21600' aria-hidden='false' data-av_icon='\ue8f1' data-av_iconfont='entypo-fontello' title='' data-avia-related-tooltip='Compartir en Twitter' rel=\"noopener\"><span class='avia_hidden_link_text'>Compartir en Twitter<\/span><\/a><\/li><li class='av-share-link av-social-link-whatsapp' ><a target=\"_blank\" aria-label=\"Compartir en Whatsapp\" href='https:\/\/api.whatsapp.com\/send?text=https:\/\/radiorevelacionfm.cl\/?p=21600' aria-hidden='false' data-av_icon='\uf232' data-av_iconfont='entypo-fontello' title='' data-avia-related-tooltip='Compartir en Whatsapp' rel=\"noopener\"><span class='avia_hidden_link_text'>Compartir en Whatsapp<\/span><\/a><\/li><li class='av-share-link av-social-link-linkedin' ><a target=\"_blank\" aria-label=\"Compartir en LinkedIn\" href='https:\/\/linkedin.com\/shareArticle?mini=true&#038;title=Cerca%20de%20100%20atenciones%20realizaron%20especialistas%20del%20Hospital%20Regional%20en%20Puerto%20Cisnes&#038;url=https:\/\/radiorevelacionfm.cl\/?p=21600' aria-hidden='false' data-av_icon='\ue8fc' data-av_iconfont='entypo-fontello' title='' data-avia-related-tooltip='Compartir en LinkedIn' rel=\"noopener\"><span class='avia_hidden_link_text'>Compartir en LinkedIn<\/span><\/a><\/li><li class='av-share-link av-social-link-mail' ><a  aria-label=\"Compartir por correo\" href='mailto:?subject=Cerca%20de%20100%20atenciones%20realizaron%20especialistas%20del%20Hospital%20Regional%20en%20Puerto%20Cisnes&#038;body=https:\/\/radiorevelacionfm.cl\/?p=21600' aria-hidden='false' data-av_icon='\ue805' data-av_iconfont='entypo-fontello' title='' data-avia-related-tooltip='Compartir por correo'><span class='avia_hidden_link_text'>Compartir por correo<\/span><\/a><\/li><\/ul><\/div><\/div>\n<div  style='height:50px' class='hr hr-invisible   avia-builder-el-8  el_after_av_social_share  el_before_av_comments_list '><span class='hr-inner ' ><span class='hr-inner-style'><\/span><\/span><\/div>\n<div  class='av-buildercomment  av-blog-meta-html-info-disabled av-blog-meta-tag-disabled  '><\/div>\n","protected":false},"excerpt":{"rendered":"","protected":false},"author":1,"featured_media":21601,"comment_status":"open","ping_status":"open","sticky":false,"template":"","format":"standard","meta":{"footnotes":""},"categories":[46],"tags":[],"class_list":["post-21600","post","type-post","status-publish","format-standard","has-post-thumbnail","hentry","category-salud"],"jetpack_featured_media_url":"https:\/\/radiorevelacionfm.cl\/wp-content\/uploads\/2022\/09\/especialistas-en-terreno-6-2_optimized.jpg","_links":{"self":[{"href":"https:\/\/radiorevelacionfm.cl\/index.php?rest_route=\/wp\/v2\/posts\/21600","targetHints":{"allow":["GET"]}}],"collection":[{"href":"https:\/\/radiorevelacionfm.cl\/index.php?rest_route=\/wp\/v2\/posts"}],"about":[{"href":"https:\/\/radiorevelacionfm.cl\/index.php?rest_route=\/wp\/v2\/types\/post"}],"author":[{"embeddable":true,"href":"https:\/\/radiorevelacionfm.cl\/index.php?rest_route=\/wp\/v2\/users\/1"}],"replies":[{"embeddable":true,"href":"https:\/\/radiorevelacionfm.cl\/index.php?rest_route=%2Fwp%2Fv2%2Fcomments&post=21600"}],"version-history":[{"count":2,"href":"https:\/\/radiorevelacionfm.cl\/index.php?rest_route=\/wp\/v2\/posts\/21600\/revisions"}],"predecessor-version":[{"id":21610,"href":"https:\/\/radiorevelacionfm.cl\/index.php?rest_route=\/wp\/v2\/posts\/21600\/revisions\/21610"}],"wp:featuredmedia":[{"embeddable":true,"href":"https:\/\/radiorevelacionfm.cl\/index.php?rest_route=\/wp\/v2\/media\/21601"}],"wp:attachment":[{"href":"https:\/\/radiorevelacionfm.cl\/index.php?rest_route=%2Fwp%2Fv2%2Fmedia&parent=21600"}],"wp:term":[{"taxonomy":"category","embeddable":true,"href":"https:\/\/radiorevelacionfm.cl\/index.php?rest_route=%2Fwp%2Fv2%2Fcategories&post=21600"},{"taxonomy":"post_tag","embeddable":true,"href":"https:\/\/radiorevelacionfm.cl\/index.php?rest_route=%2Fwp%2Fv2%2Ftags&post=21600"}],"curies":[{"name":"wp","href":"https:\/\/api.w.org\/{rel}","templated":true}]}}