{"id":2160,"date":"2021-01-28T10:21:43","date_gmt":"2021-01-28T13:21:43","guid":{"rendered":"https:\/\/radiorevelacionfm.cl\/?p=2160"},"modified":"2021-01-28T10:21:43","modified_gmt":"2021-01-28T13:21:43","slug":"senado-aprueba-proyecto-que-permite-que-apellido-materno-anteceda-al-paterno","status":"publish","type":"post","link":"https:\/\/radiorevelacionfm.cl\/?p=2160","title":{"rendered":"Senado aprueba proyecto que permite que apellido materno anteceda al paterno"},"content":{"rendered":"<div class=\"flex_column av_one_full  flex_column_div av-zero-column-padding first  avia-builder-el-0  el_before_av_one_full  avia-builder-el-first  \" style='border-radius:0px; '><div  class='avia-image-container  av-styling-    avia-builder-el-1  avia-builder-el-no-sibling  avia-align-center '  itemprop=\"image\" itemscope=\"itemscope\" itemtype=\"https:\/\/schema.org\/ImageObject\"  ><div class='avia-image-container-inner'><div class='avia-image-overlay-wrap'><img decoding=\"async\" class='wp-image-0 avia-img-lazy-loading-not-0 avia_image' src=\"https:\/\/radiorevelacionfm.cl\/wp-content\/uploads\/2021\/01\/madre-recien-nacido-1.jpg\" alt='' title=''   itemprop=\"thumbnailUrl\"  \/><\/div><\/div><\/div><\/div><div class=\"flex_column av_one_full  flex_column_div av-zero-column-padding first  avia-builder-el-2  el_after_av_one_full  el_before_av_one_full  column-top-margin\" style='border-radius:0px; '><section class=\"av_textblock_section \"  itemscope=\"itemscope\" itemtype=\"https:\/\/schema.org\/BlogPosting\" itemprop=\"blogPost\" ><div class='avia_textblock  '   itemprop=\"text\" ><p style=\"text-align: center;\"><strong><span style=\"font-size: 18pt;\">Senado aprueba proyecto que permite que apellido materno anteceda al paterno<\/span><\/strong><\/p>\n<div id=\"gtx-trans\" style=\"position: absolute; left: -50px; top: 4.31534px;\">\n<div class=\"gtx-trans-icon\"><\/div>\n<\/div>\n<\/div><\/section><\/div><\/p>\n<div class=\"flex_column av_one_full  flex_column_div av-zero-column-padding first  avia-builder-el-4  el_after_av_one_full  el_before_av_hr  column-top-margin\" style='border-radius:0px; '><section class=\"av_textblock_section \"  itemscope=\"itemscope\" itemtype=\"https:\/\/schema.org\/BlogPosting\" itemprop=\"blogPost\" ><div class='avia_textblock  '   itemprop=\"text\" ><p><main id=\"main\"><\/main><\/p>\n<article id=\"325496\">\n<div class=\"container\">\n<div class=\"cuerpo\">\n<div class=\"contenedor-contenido\">\n<div>\n<p style=\"text-align: justify;\">Con 28 votos a favor, uno en contra y cero abstenciones, la C\u00e1mara del Senado aprob\u00f3 en general el proyecto que permite que el apellido materno pueda anteceder al del padre.<\/p>\n<p style=\"text-align: justify;\">En concreto, el proyecto modifica la ley N\u00b0 4.808 (sobre Registro Civil) y permitir\u00e1 que los padres,\u00a0<b>al momento de inscribir el nacimiento de su primer hijo o hija, expresen de com\u00fan acuerdo su voluntad de que el apellido de la madre anteceda al apellido del padre.\u00a0<\/b>De querer hacer este cambio, los padres deber\u00e1n proceder de igual forma con todos sus hijos.<\/p>\n<p style=\"text-align: justify;\">Ahora la moci\u00f3n, que ingres\u00f3 el a\u00f1o 2005 al Congreso, pasar\u00e1 a la Comisi\u00f3n de la Mujer y Equidad de G\u00e9nero para su discusi\u00f3n particular y optar a su aprobaci\u00f3n final.<\/p>\n<p style=\"text-align: justify;\">El proyecto \u00abentrega libertad a las personas y adem\u00e1s otorga dignidad, al poder escoger, sobretodo cuando el padre ha estado ausente, reconocer la labor materna y cambiar el orden de su apellido de manera m\u00e1s f\u00e1cil sin un tr\u00e1mite judicial\u00bb asever\u00f3 uno de los congresistas autores del texto.<\/p>\n<p style=\"text-align: justify;\">Adem\u00e1s, \u00abda la posibilidad que los padres al momento de inscribir a sus hijos puedan, de com\u00fan acuerdo, escoger el orden de los apellidos, el que debe mantenerse para los hijos menores\u00bb.<\/p>\n<p style=\"text-align: justify;\">Otra de sus implicancias, es que \u00abincorpora la posibilidad que las personas adultas administrativamente puedan cambiar el orden de los apellidos o establecer un apellido compuesto o tener solo el apellido de quien se haya obtenido la filiaci\u00f3n\u00bb.<\/p>\n<p style=\"text-align: justify;\">El documento indica otra serie de modificaciones como a la hora de\u00a0ingresar\u00a0formularios administrativos\u00a0en donde se consulta por \u00abapellido paterno\/materno\u00bb para que solo se se\u00f1ale \u00abapellido\u00bb.<\/p>\n<p style=\"text-align: justify;\">Por \u00faltimo, establece una norma transitoria para que los padres con hijos ya inscritos, al momento que entre en vigencia la norma,\u00a0<strong>opten a un plazo de un a\u00f1o\u00a0<\/strong>para cambiar el orden de los apellidos.<\/p>\n<\/div>\n<div class=\"area-usuario-articulo leer-mas\" style=\"text-align: justify;\">\n<div class=\"row temas\">\n<div class=\"seguirGuardar\">\n<div class=\"btn-seguir\"><\/div>\n<\/div>\n<\/div>\n<\/div>\n<\/div>\n<\/div>\n<\/div>\n<\/article>\n<div class=\"boxAds\" style=\"text-align: justify;\">\n<div class=\"container\">\n<div class=\"section-dfp bottom2\">\n<div class=\"box\">\n<div class=\"bottom2\">\n<div id=\"slot_bottom2\" class=\"lazy\">\n<p class=\"paragraph \">\n<\/div>\n<\/div>\n<\/div>\n<\/div>\n<\/div>\n<\/div>\n<div id=\"slot_itt\" data-google-query-id=\"CJuLgIyxve4CFSstuQYdrOYKQQ\">\n<div id=\"21832893567$5543167884$138335704835\">\n<div class=\"GoogleActiveViewInnerContainer\" style=\"text-align: justify;\"><\/div>\n<div class=\"GoogleActiveViewElement\" data-google-av-cxn=\"https:\/\/pagead2.googlesyndication.com\/pcs\/activeview?xai=AKAOjssMMrV8KmFG16T--G4ZwjtekneXaBkgJpOLN3JS5Ekto8sVEpemXeD8TprWHg5iIerZOb11t1Dg9r1JRwTnf9qMRa84lAUVQyuGhTXHFjg&amp;sig=Cg0ArKJSzODTBpw4YMhFEAE\" data-google-av-adk=\"482665754\" data-google-av-metadata=\"la=1&amp;xdi=0&amp;\" data-google-av-override=\"-1\" data-google-av-dm=\"2\" data-google-av-immediate=\"\" data-google-av-aid=\"0\" data-google-av-naid=\"1\" data-google-av-slift=\"\" data-google-av-cpmav=\"\" data-google-av-btr=\"https:\/\/securepubads.g.doubleclick.net\/pcs\/view?xai=AKAOjsu4DK6bjz0nv0SXk76poaKSAFMeHuWdlKsgPQeKGIaPRKr60xRoy9ChUwD3Th1Ad1MohJg8QtXzKcnmWPxRMousS1bNPBlFXlcB3eqn9l9sjnHgWxlAT07EZPMTrwZ7WcUe6xDn77S3LvnoQdwAldWl0uMVl6jOwQzc1SMGXapL265SAjWAXdhwiKqb6IYZBdkscvf6ByBzhe3k9H1MWJdG59vDPjwkFquz7rgffUkxGiTA31hg99GxpSHIqQYJS3AISXjFrTo8vqJoAJN8PJPak1rnGi1SsZrbgziq8mbv9i7Hyxcrg-4D6AMiFJpBS3wFU97JxITF--4l6lTX&amp;sai=AMfl-YS2YTDPqUdj3gNU0f5Ndyy3ZDMfywbtKUJUAG0VYHearANGgftr4GJagPTAaMn_nAwnyAe0dN_eDdepNevej9N5Of7GvM0jgj1196gjD8NfXSMil1OIJ2UfpYKaqFBXmnCi&amp;sig=Cg0ArKJSzIOn9slYCZ32EAE&amp;urlfix=1&amp;adurl=\" data-google-av-itpl=\"19\" data-google-av-rs=\"4\" data-google-av-flags=\"&#091;\" data-creative-load-listener=\"\">\n<div id=\"slot_ad_itt_img_1039662815\"><\/div>\n<\/div>\n<div><\/div>\n<\/div>\n<\/div>\n<div id=\"stickyunit_dsk\">\n<div id=\"stickyunit_block\" class=\"stickybg\">\n<div id=\"slot_sticky\" data-google-query-id=\"CIXXj4yxve4CFeotuQYd_5wLPQ\">\n<div id=\"google_ads_iframe_143911651\/meganoticias.cl\/nacional\/interior\/sticky_0__container__\"><\/div>\n<\/div>\n<\/div>\n<\/div>\n<\/div><\/section><\/div>\n<div  style='height:50px' class='hr hr-invisible   avia-builder-el-6  el_after_av_one_full  el_before_av_social_share '><span class='hr-inner ' ><span class='hr-inner-style'><\/span><\/span><\/div>\n<div  class='av-social-sharing-box  avia-builder-el-7  el_after_av_hr  el_before_av_hr  '><div class='av-share-box'><h5 class='av-share-link-description av-no-toc '>Compartir esta noticia<\/h5><ul class='av-share-box-list noLightbox'><li class='av-share-link av-social-link-facebook' ><a target=\"_blank\" aria-label=\"Compartir en Facebook\" href='https:\/\/www.facebook.com\/sharer.php?u=https:\/\/radiorevelacionfm.cl\/?p=2160&#038;t=Senado%20aprueba%20proyecto%20que%20permite%20que%20apellido%20materno%20anteceda%20al%20paterno' aria-hidden='false' data-av_icon='\ue8f3' data-av_iconfont='entypo-fontello' title='' data-avia-related-tooltip='Compartir en Facebook' rel=\"noopener\"><span class='avia_hidden_link_text'>Compartir en Facebook<\/span><\/a><\/li><li class='av-share-link av-social-link-twitter' ><a target=\"_blank\" aria-label=\"Compartir en Twitter\" href='https:\/\/twitter.com\/share?text=Senado%20aprueba%20proyecto%20que%20permite%20que%20apellido%20materno%20anteceda%20al%20paterno&#038;url=https:\/\/radiorevelacionfm.cl\/?p=2160' aria-hidden='false' data-av_icon='\ue8f1' data-av_iconfont='entypo-fontello' title='' data-avia-related-tooltip='Compartir en Twitter' rel=\"noopener\"><span class='avia_hidden_link_text'>Compartir en Twitter<\/span><\/a><\/li><li class='av-share-link av-social-link-whatsapp' ><a target=\"_blank\" aria-label=\"Compartir en Whatsapp\" href='https:\/\/api.whatsapp.com\/send?text=https:\/\/radiorevelacionfm.cl\/?p=2160' aria-hidden='false' data-av_icon='\uf232' data-av_iconfont='entypo-fontello' title='' data-avia-related-tooltip='Compartir en Whatsapp' rel=\"noopener\"><span class='avia_hidden_link_text'>Compartir en Whatsapp<\/span><\/a><\/li><li class='av-share-link av-social-link-linkedin' ><a target=\"_blank\" aria-label=\"Compartir en LinkedIn\" href='https:\/\/linkedin.com\/shareArticle?mini=true&#038;title=Senado%20aprueba%20proyecto%20que%20permite%20que%20apellido%20materno%20anteceda%20al%20paterno&#038;url=https:\/\/radiorevelacionfm.cl\/?p=2160' aria-hidden='false' data-av_icon='\ue8fc' data-av_iconfont='entypo-fontello' title='' data-avia-related-tooltip='Compartir en LinkedIn' rel=\"noopener\"><span class='avia_hidden_link_text'>Compartir en LinkedIn<\/span><\/a><\/li><li class='av-share-link av-social-link-mail' ><a  aria-label=\"Compartir por correo\" href='mailto:?subject=Senado%20aprueba%20proyecto%20que%20permite%20que%20apellido%20materno%20anteceda%20al%20paterno&#038;body=https:\/\/radiorevelacionfm.cl\/?p=2160' aria-hidden='false' data-av_icon='\ue805' data-av_iconfont='entypo-fontello' title='' data-avia-related-tooltip='Compartir por correo'><span class='avia_hidden_link_text'>Compartir por correo<\/span><\/a><\/li><\/ul><\/div><\/div>\n<div  style='height:50px' class='hr hr-invisible   avia-builder-el-8  el_after_av_social_share  el_before_av_comments_list '><span class='hr-inner ' ><span class='hr-inner-style'><\/span><\/span><\/div>\n<div  class='av-buildercomment  av-blog-meta-html-info-disabled av-blog-meta-tag-disabled  '><\/div>\n","protected":false},"excerpt":{"rendered":"","protected":false},"author":1,"featured_media":0,"comment_status":"open","ping_status":"open","sticky":false,"template":"","format":"standard","meta":{"footnotes":""},"categories":[61],"tags":[],"class_list":["post-2160","post","type-post","status-publish","format-standard","hentry","category-nacional"],"jetpack_featured_media_url":"","_links":{"self":[{"href":"https:\/\/radiorevelacionfm.cl\/index.php?rest_route=\/wp\/v2\/posts\/2160","targetHints":{"allow":["GET"]}}],"collection":[{"href":"https:\/\/radiorevelacionfm.cl\/index.php?rest_route=\/wp\/v2\/posts"}],"about":[{"href":"https:\/\/radiorevelacionfm.cl\/index.php?rest_route=\/wp\/v2\/types\/post"}],"author":[{"embeddable":true,"href":"https:\/\/radiorevelacionfm.cl\/index.php?rest_route=\/wp\/v2\/users\/1"}],"replies":[{"embeddable":true,"href":"https:\/\/radiorevelacionfm.cl\/index.php?rest_route=%2Fwp%2Fv2%2Fcomments&post=2160"}],"version-history":[{"count":5,"href":"https:\/\/radiorevelacionfm.cl\/index.php?rest_route=\/wp\/v2\/posts\/2160\/revisions"}],"predecessor-version":[{"id":2169,"href":"https:\/\/radiorevelacionfm.cl\/index.php?rest_route=\/wp\/v2\/posts\/2160\/revisions\/2169"}],"wp:attachment":[{"href":"https:\/\/radiorevelacionfm.cl\/index.php?rest_route=%2Fwp%2Fv2%2Fmedia&parent=2160"}],"wp:term":[{"taxonomy":"category","embeddable":true,"href":"https:\/\/radiorevelacionfm.cl\/index.php?rest_route=%2Fwp%2Fv2%2Fcategories&post=2160"},{"taxonomy":"post_tag","embeddable":true,"href":"https:\/\/radiorevelacionfm.cl\/index.php?rest_route=%2Fwp%2Fv2%2Ftags&post=2160"}],"curies":[{"name":"wp","href":"https:\/\/api.w.org\/{rel}","templated":true}]}}