{"id":21597,"date":"2022-09-09T11:59:11","date_gmt":"2022-09-09T14:59:11","guid":{"rendered":"https:\/\/radiorevelacionfm.cl\/?p=21597"},"modified":"2022-09-09T11:59:11","modified_gmt":"2022-09-09T14:59:11","slug":"gobierno-avanza-en-iniciativa-de-reparacion-de-la-deuda-historica-a-profesores","status":"publish","type":"post","link":"https:\/\/radiorevelacionfm.cl\/?p=21597","title":{"rendered":"Gobierno avanza en iniciativa de reparaci\u00f3n de la Deuda Hist\u00f3rica a Profesores"},"content":{"rendered":"<div class=\"flex_column av_one_full  flex_column_div av-zero-column-padding first  avia-builder-el-0  el_before_av_one_full  avia-builder-el-first  \" style='border-radius:0px; '><div  class='avia-image-container  av-styling-    avia-builder-el-1  avia-builder-el-no-sibling  avia-align-center '  itemprop=\"image\" itemscope=\"itemscope\" itemtype=\"https:\/\/schema.org\/ImageObject\"  ><div class='avia-image-container-inner'><div class='avia-image-overlay-wrap'><img decoding=\"async\" class='wp-image-21598 avia-img-lazy-loading-not-21598 avia_image' src=\"https:\/\/radiorevelacionfm.cl\/wp-content\/uploads\/2022\/09\/docentes-02-2_optimized.jpg\" alt='' title='docentes-02-2_optimized' height=\"600\" width=\"800\"  itemprop=\"thumbnailUrl\" srcset=\"https:\/\/radiorevelacionfm.cl\/wp-content\/uploads\/2022\/09\/docentes-02-2_optimized.jpg 800w, https:\/\/radiorevelacionfm.cl\/wp-content\/uploads\/2022\/09\/docentes-02-2_optimized-300x225.jpg 300w, https:\/\/radiorevelacionfm.cl\/wp-content\/uploads\/2022\/09\/docentes-02-2_optimized-768x576.jpg 768w, https:\/\/radiorevelacionfm.cl\/wp-content\/uploads\/2022\/09\/docentes-02-2_optimized-705x529.jpg 705w, https:\/\/radiorevelacionfm.cl\/wp-content\/uploads\/2022\/09\/docentes-02-2_optimized-600x450.jpg 600w\" sizes=\"(max-width: 800px) 100vw, 800px\" \/><\/div><\/div><\/div><\/div><div class=\"flex_column av_one_full  flex_column_div av-zero-column-padding first  avia-builder-el-2  el_after_av_one_full  el_before_av_one_full  column-top-margin\" style='border-radius:0px; '><section class=\"av_textblock_section \"  itemscope=\"itemscope\" itemtype=\"https:\/\/schema.org\/BlogPosting\" itemprop=\"blogPost\" ><div class='avia_textblock  '   itemprop=\"text\" ><p style=\"text-align: center;\"><span style=\"font-size: 18pt;\"><b><span lang=\"ES\">Gobierno avanza en iniciativa de reparaci\u00f3n de la Deuda Hist\u00f3rica a Profesores<\/span><\/b><\/span><\/p>\n<div id=\"gtx-trans\" style=\"position: absolute; left: -50px; top: 4.31534px;\">\n<div class=\"gtx-trans-icon\"><\/div>\n<\/div>\n<\/div><\/section><\/div><div class=\"flex_column av_one_full  flex_column_div av-zero-column-padding first  avia-builder-el-4  el_after_av_one_full  el_before_av_hr  column-top-margin\" style='border-radius:0px; '><section class=\"av_textblock_section \"  itemscope=\"itemscope\" itemtype=\"https:\/\/schema.org\/BlogPosting\" itemprop=\"blogPost\" ><div class='avia_textblock  '   itemprop=\"text\" ><p class=\"v1MsoNormal\" style=\"text-align: justify;\"><span lang=\"ES\">La Seremi de Educaci\u00f3n Isabel Garrido present\u00f3 la plataforma <a href=\"https:\/\/registrodocentestraspasados.mineduc.cl\/?fbclid=IwAR3G9FqaVwyKr6ctK3FwneijoDrgPzrtr8ceLSs8Qr2zC9FRQ9yvBwojcU4\" target=\"_blank\" rel=\"noopener noreferrer\">https:\/\/registrodocentestraspasados.mineduc.cl<\/a> y dirigentes locales del Magisterio invitaron a sus pares a revisar su registro y actualizar sus datos para lo cual hay plazo hasta el 30 de septiembre del presente a\u00f1o.<\/span><\/p>\n<p class=\"v1MsoNormal\" style=\"text-align: justify;\"><span lang=\"ES\">En la Escuela Baquedano de Coyhaique, la Seremi de Educaci\u00f3n de Ays\u00e9n\u00a0 Isabel Garrido Casassa se reuni\u00f3 con la presidenta regional del Colegio de Profesores Rosa Pesutic Vukasovic y representantes del Departamento de Profesores Jubilados del Magisterio local con el fin de presentarles la plataforma web <a href=\"https:\/\/registrodocentestraspasados.mineduc.cl\/?fbclid=IwAR3G9FqaVwyKr6ctK3FwneijoDrgPzrtr8ceLSs8Qr2zC9FRQ9yvBwojcU4\" target=\"_blank\" rel=\"noopener noreferrer\">https:\/\/registrodocentestraspasados.mineduc.cl<\/a> <\/span>que permitir\u00e1 que las y los docentes afectados con la denominada Deuda Hist\u00f3rica revisen si se encuentran en la n\u00f3mina de docentes traspasados entre 1980 y 1987, la cual fue elaborada por el Ministerio de Educaci\u00f3n entre los a\u00f1os 2016-2017.<\/p>\n<p class=\"v1MsoNormal\" style=\"text-align: justify;\">Lo anterior con el objetivo de avanzar en el compromiso del gobierno de presentar un proyecto de ley de reparaci\u00f3n. Durante el encuentro, Isabel Garrido expres\u00f3 que \u201cEl Presidente Gabriel Boric en su programa de Gobierno entiende muy bien que para construir futuro, tenemos que reparar las injusticias del pasado y la deuda hist\u00f3rica con nuestros profesores es una injusticia y una herida del pasado que sigue muy viva. La Corte Interamericana de Derechos Humanos estableci\u00f3 que esa deuda debe ser pagada y hoy estamos avanzando en una reparaci\u00f3n y lo hacemos actualizando el registro de docentes que son potenciales\u00a0 beneficiarios de esa reparaci\u00f3n y por ello invitamos a las y los profesores\u00a0 de la Regi\u00f3n de Ays\u00e9n a que ingresen\u00a0 a la plataforma para que revisen si est\u00e1n en el registro y si tienen que actualizar sus datos e informaci\u00f3n personal, para lo cual hay plazo hasta el 30 de septiembre del presente a\u00f1o\u201d.<\/p>\n<p class=\"v1MsoNormal\" style=\"text-align: justify;\">Por su parte, Rosa Pesutic, presidenta regional del Colegio de Profesores y quien adem\u00e1s es una de las afectadas por esta deuda hizo el ejercicio de ingresar a la plataforma para confirmar su registro. Tras ello manifest\u00f3 su expectativa frente a esta iniciativa de reparaci\u00f3n impulsada por el Gobierno a trav\u00e9s del Ministerio de Educaci\u00f3n.<\/p>\n<p class=\"v1MsoNormal\" style=\"text-align: justify;\">\u201cHemos visto que desde el mes de abril se han estado realizando mesas de trabajo con la participaci\u00f3n del Colegio de Profesores y la\u00a0 Subsecretar\u00eda de Educaci\u00f3n y eso ya marca una diferencia con lo que se ha visto en gobiernos anteriores. Las reuniones han sido frecuentes, constantes y met\u00f3dicas, y lo m\u00e1s importante se ha dicho que a tal fecha haremos tal cosa y en tal otra levantaremos un listado y bueno ac\u00e1 estamos viendo con esta plataforma que ya se subi\u00f3 y funciona y en ella est\u00e1n registrados los profesores que merecen esta reparaci\u00f3n porque fueron traspasados al municipio y no se cumpli\u00f3 la ley N\u00b0 3.551. Lo que corresponde ahora es invitar a todos los profesores jubilados que cumplan los requisitos a que hagan el ejercicio de ingresar a la p\u00e1gina y vean si sus datos est\u00e1n correctos y si no es as\u00ed ah\u00ed mismo est\u00e1 la posibilidad de corregirlos. Nuestro colegio est\u00e1 disponible para apoyar este proceso y estamos esperanzados y contentos porque vemos que hay voluntad de avanzar en la reparaci\u00f3n y hay colegas de avanzada edad que est\u00e1n esperando con ansias a que se cumpla\u201d.<\/p>\n<p class=\"v1MsoNormal\" style=\"text-align: justify;\">\u201cEn la misma l\u00ednea M\u00f3nica Vera Vera, colegiada y representante de los profesores jubilados del Magisterio local inform\u00f3 que son m\u00e1s de 40 profesores los que participan peri\u00f3dicamente en reuniones y todos ellos son acreedores de la deuda hist\u00f3rica y est\u00e1n muy esperanzados con los pasos y avances que se han concretado. Agradecemos a los integrantes de esta mesa t\u00e9cnica que desde abril est\u00e1n trabajando para dar una respuesta a una reparaci\u00f3n tan esperada y por ello difundiremos entre nuestros asociados esta plataforma\u201d.<\/p>\n<p class=\"v1MsoNormal\" style=\"text-align: justify;\">Al encuentro se sum\u00f3 el director de la Escuela Baquedano Eric Galleguillos Robles, quien manifest\u00f3 su alegr\u00eda por el avance de este proceso de reparaci\u00f3n. \u201cMi padre quien era profesor como yo falleci\u00f3 esperando el pago de esta deuda y por ello empatizo mucho con esta leg\u00edtima demanda de las y los profesores\u201d.<\/p>\n<p class=\"v1MsoNormal\" style=\"text-align: justify;\"><strong>\u00bfQu\u00e9 es la Deuda Hist\u00f3rica?<\/strong><\/p>\n<p class=\"v1MsoNormal\" style=\"text-align: justify;\">Se le denomina Deuda Hist\u00f3rica al perjuicio salarial que sufrieron miles de profesoras y profesores de escuelas p\u00fablicas durante la dictadura, cuando la administraci\u00f3n de los establecimientos fue traspasada desde el Estado a las municipalidades, lo que impidi\u00f3 que los profesionales recibieran el reajuste salarial que estaba contemplado en el Decreto Ley N\u00b0 3.551 (Art\u00edculo 40), pues este fue desconocido por sus nuevos empleadores. Esto hizo que vieran mermados sus salarios, por lo que en las \u00faltimas cuatro d\u00e9cadas miles de docentes han exigido la reparaci\u00f3n de esta deuda.<\/p>\n<p class=\"v1MsoNormal\" style=\"text-align: justify;\"><strong>Compromiso<\/strong><\/p>\n<p class=\"v1MsoNormal\" style=\"text-align: justify;\">El Presidente Gabriel Boric asumi\u00f3 el compromiso de avanzar en la reparaci\u00f3n y es por eso que el Ministerio de Educaci\u00f3n habilit\u00f3 la plataforma\u00a0<a href=\"https:\/\/registrodocentestraspasados.mineduc.cl\/\" target=\"_blank\" rel=\"noopener noreferrer\">https:\/\/registrodocentestraspasados.mineduc.cl\/<\/a>\u00a0 que permitir\u00e1 que las y los docentes afectados revisen con su RUT y su Clave \u00danica si son parte del listado de cerca de 76 mil profesores que posee el ministerio, y si no aparecen, poder solicitar su inclusi\u00f3n.<\/p>\n<p class=\"v1MsoNormal\" style=\"text-align: justify;\">Proyecto de ley<\/p>\n<p class=\"v1MsoNormal\" style=\"text-align: justify;\">El Ministro de Educaci\u00f3n Marco Antonio Avila se\u00f1al\u00f3 que antes de que termine este a\u00f1o, se espera presentar un proyecto de ley al Congreso Nacional que nos permita efectivamente dar respuesta a esta necesidad y finalmente cerrar esta cicatriz en nuestro sistema educativo.<\/p>\n<p class=\"v1MsoNormal\" style=\"text-align: justify;\">Actualmente se cuenta con una base de datos que individualiza a cerca de 76 mil docentes afectados en el proceso de traspaso a los municipios (1980-1987), de los cuales el 68% corresponde a mujeres. El listado fue construido entre 2016 y 2017, pero no incluye a todos los docentes perjudicados, porque una parte de los decretos de traspaso estaban en condiciones ilegibles.<\/p>\n<p class=\"v1MsoNormal\" style=\"text-align: justify;\">Por lo tanto, la plataforma web permitir\u00e1 a quienes hayan sido afectados verificar si est\u00e1n en el listado, rectificar la informaci\u00f3n en caso de que esta sea err\u00f3nea, y si no est\u00e1n, solicitar su incorporaci\u00f3n. La plataforma estar\u00e1 abierta hasta el viernes 30 de septiembre.<\/p>\n<p class=\"v1MsoNormal\" style=\"text-align: justify;\">La plataforma de inscripci\u00f3n y verificaci\u00f3n de los docentes afectados es parte del trabajo que han encabezado la Subsecretar\u00eda de Educaci\u00f3n y el Colegio de Profesores para saldar esta deuda. El compromiso del Mineduc es, luego de contar con el listado completo, presentar un proyecto de ley en el Congreso que posibilite el pago de una reparaci\u00f3n a las y los docentes perjudicados.<\/p>\n<\/div><\/section><\/div><div  style='height:50px' class='hr hr-invisible   avia-builder-el-6  el_after_av_one_full  el_before_av_social_share '><span class='hr-inner ' ><span class='hr-inner-style'><\/span><\/span><\/div><\/p>\n<div  class='av-social-sharing-box  avia-builder-el-7  el_after_av_hr  el_before_av_hr  '><div class='av-share-box'><h5 class='av-share-link-description av-no-toc '>Compartir esta noticia<\/h5><ul class='av-share-box-list noLightbox'><li class='av-share-link av-social-link-facebook' ><a target=\"_blank\" aria-label=\"Compartir en Facebook\" href='https:\/\/www.facebook.com\/sharer.php?u=https:\/\/radiorevelacionfm.cl\/?p=21597&#038;t=Gobierno%20avanza%20en%20iniciativa%20de%20reparaci%C3%B3n%20de%20la%20Deuda%20Hist%C3%B3rica%20a%20Profesores' aria-hidden='false' data-av_icon='\ue8f3' data-av_iconfont='entypo-fontello' title='' data-avia-related-tooltip='Compartir en Facebook' rel=\"noopener\"><span class='avia_hidden_link_text'>Compartir en Facebook<\/span><\/a><\/li><li class='av-share-link av-social-link-twitter' ><a target=\"_blank\" aria-label=\"Compartir en Twitter\" href='https:\/\/twitter.com\/share?text=Gobierno%20avanza%20en%20iniciativa%20de%20reparaci%C3%B3n%20de%20la%20Deuda%20Hist%C3%B3rica%20a%20Profesores&#038;url=https:\/\/radiorevelacionfm.cl\/?p=21597' aria-hidden='false' data-av_icon='\ue8f1' data-av_iconfont='entypo-fontello' title='' data-avia-related-tooltip='Compartir en Twitter' rel=\"noopener\"><span class='avia_hidden_link_text'>Compartir en Twitter<\/span><\/a><\/li><li class='av-share-link av-social-link-whatsapp' ><a target=\"_blank\" aria-label=\"Compartir en Whatsapp\" href='https:\/\/api.whatsapp.com\/send?text=https:\/\/radiorevelacionfm.cl\/?p=21597' aria-hidden='false' data-av_icon='\uf232' data-av_iconfont='entypo-fontello' title='' data-avia-related-tooltip='Compartir en Whatsapp' rel=\"noopener\"><span class='avia_hidden_link_text'>Compartir en Whatsapp<\/span><\/a><\/li><li class='av-share-link av-social-link-linkedin' ><a target=\"_blank\" aria-label=\"Compartir en LinkedIn\" href='https:\/\/linkedin.com\/shareArticle?mini=true&#038;title=Gobierno%20avanza%20en%20iniciativa%20de%20reparaci%C3%B3n%20de%20la%20Deuda%20Hist%C3%B3rica%20a%20Profesores&#038;url=https:\/\/radiorevelacionfm.cl\/?p=21597' aria-hidden='false' data-av_icon='\ue8fc' data-av_iconfont='entypo-fontello' title='' data-avia-related-tooltip='Compartir en LinkedIn' rel=\"noopener\"><span class='avia_hidden_link_text'>Compartir en LinkedIn<\/span><\/a><\/li><li class='av-share-link av-social-link-mail' ><a  aria-label=\"Compartir por correo\" href='mailto:?subject=Gobierno%20avanza%20en%20iniciativa%20de%20reparaci%C3%B3n%20de%20la%20Deuda%20Hist%C3%B3rica%20a%20Profesores&#038;body=https:\/\/radiorevelacionfm.cl\/?p=21597' aria-hidden='false' data-av_icon='\ue805' data-av_iconfont='entypo-fontello' title='' data-avia-related-tooltip='Compartir por correo'><span class='avia_hidden_link_text'>Compartir por correo<\/span><\/a><\/li><\/ul><\/div><\/div>\n<div  style='height:50px' class='hr hr-invisible   avia-builder-el-8  el_after_av_social_share  el_before_av_comments_list '><span class='hr-inner ' ><span class='hr-inner-style'><\/span><\/span><\/div>\n<div  class='av-buildercomment  av-blog-meta-html-info-disabled av-blog-meta-tag-disabled  '><\/div>\n","protected":false},"excerpt":{"rendered":"","protected":false},"author":1,"featured_media":21598,"comment_status":"open","ping_status":"open","sticky":false,"template":"","format":"standard","meta":{"footnotes":""},"categories":[49],"tags":[],"class_list":["post-21597","post","type-post","status-publish","format-standard","has-post-thumbnail","hentry","category-educacion"],"jetpack_featured_media_url":"https:\/\/radiorevelacionfm.cl\/wp-content\/uploads\/2022\/09\/docentes-02-2_optimized.jpg","_links":{"self":[{"href":"https:\/\/radiorevelacionfm.cl\/index.php?rest_route=\/wp\/v2\/posts\/21597","targetHints":{"allow":["GET"]}}],"collection":[{"href":"https:\/\/radiorevelacionfm.cl\/index.php?rest_route=\/wp\/v2\/posts"}],"about":[{"href":"https:\/\/radiorevelacionfm.cl\/index.php?rest_route=\/wp\/v2\/types\/post"}],"author":[{"embeddable":true,"href":"https:\/\/radiorevelacionfm.cl\/index.php?rest_route=\/wp\/v2\/users\/1"}],"replies":[{"embeddable":true,"href":"https:\/\/radiorevelacionfm.cl\/index.php?rest_route=%2Fwp%2Fv2%2Fcomments&post=21597"}],"version-history":[{"count":2,"href":"https:\/\/radiorevelacionfm.cl\/index.php?rest_route=\/wp\/v2\/posts\/21597\/revisions"}],"predecessor-version":[{"id":21616,"href":"https:\/\/radiorevelacionfm.cl\/index.php?rest_route=\/wp\/v2\/posts\/21597\/revisions\/21616"}],"wp:featuredmedia":[{"embeddable":true,"href":"https:\/\/radiorevelacionfm.cl\/index.php?rest_route=\/wp\/v2\/media\/21598"}],"wp:attachment":[{"href":"https:\/\/radiorevelacionfm.cl\/index.php?rest_route=%2Fwp%2Fv2%2Fmedia&parent=21597"}],"wp:term":[{"taxonomy":"category","embeddable":true,"href":"https:\/\/radiorevelacionfm.cl\/index.php?rest_route=%2Fwp%2Fv2%2Fcategories&post=21597"},{"taxonomy":"post_tag","embeddable":true,"href":"https:\/\/radiorevelacionfm.cl\/index.php?rest_route=%2Fwp%2Fv2%2Ftags&post=21597"}],"curies":[{"name":"wp","href":"https:\/\/api.w.org\/{rel}","templated":true}]}}