{"id":21595,"date":"2022-09-09T22:32:55","date_gmt":"2022-09-10T01:32:55","guid":{"rendered":"https:\/\/radiorevelacionfm.cl\/?p=21595"},"modified":"2022-09-09T22:32:55","modified_gmt":"2022-09-10T01:32:55","slug":"sandoval-y-alza-de-la-tasa-de-interes-tenemos-que-compatibilizar-que-estas-medidas-no-terminen-por-repercutir-en-la-inversion-publica-en-regiones-extremas","status":"publish","type":"post","link":"https:\/\/radiorevelacionfm.cl\/?p=21595","title":{"rendered":"Sandoval y alza de la tasa de inter\u00e9s: \u201cTenemos que compatibilizar que estas medidas no terminen por repercutir en la inversi\u00f3n p\u00fablica en regiones extremas\u201d"},"content":{"rendered":"<div class=\"flex_column av_one_full  flex_column_div av-zero-column-padding first  avia-builder-el-0  el_before_av_one_full  avia-builder-el-first  \" style='border-radius:0px; '><div  class='avia-image-container  av-styling-    avia-builder-el-1  avia-builder-el-no-sibling  avia-align-center '  itemprop=\"image\" itemscope=\"itemscope\" itemtype=\"https:\/\/schema.org\/ImageObject\"  ><div class='avia-image-container-inner'><div class='avia-image-overlay-wrap'><img decoding=\"async\" class='wp-image-19428 avia-img-lazy-loading-not-19428 avia_image' src=\"https:\/\/radiorevelacionfm.cl\/wp-content\/uploads\/2022\/07\/senador-sandoval-10-1-1.jpg\" alt='' title='senador sandoval (10) (1) (1)' height=\"600\" width=\"977\"  itemprop=\"thumbnailUrl\" srcset=\"https:\/\/radiorevelacionfm.cl\/wp-content\/uploads\/2022\/07\/senador-sandoval-10-1-1.jpg 977w, https:\/\/radiorevelacionfm.cl\/wp-content\/uploads\/2022\/07\/senador-sandoval-10-1-1-300x184.jpg 300w, https:\/\/radiorevelacionfm.cl\/wp-content\/uploads\/2022\/07\/senador-sandoval-10-1-1-768x472.jpg 768w, https:\/\/radiorevelacionfm.cl\/wp-content\/uploads\/2022\/07\/senador-sandoval-10-1-1-705x433.jpg 705w, https:\/\/radiorevelacionfm.cl\/wp-content\/uploads\/2022\/07\/senador-sandoval-10-1-1-600x368.jpg 600w\" sizes=\"(max-width: 977px) 100vw, 977px\" \/><\/div><\/div><\/div><\/div><div class=\"flex_column av_one_full  flex_column_div av-zero-column-padding first  avia-builder-el-2  el_after_av_one_full  el_before_av_one_full  column-top-margin\" style='border-radius:0px; '><section class=\"av_textblock_section \"  itemscope=\"itemscope\" itemtype=\"https:\/\/schema.org\/BlogPosting\" itemprop=\"blogPost\" ><div class='avia_textblock  '   itemprop=\"text\" ><p style=\"text-align: center;\"><span style=\"font-size: 18pt;\"><strong>Sandoval y alza de la tasa de inter\u00e9s: <\/strong><strong>\u201cTenemos que compatibilizar que estas medidas no terminen por repercutir en la inversi\u00f3n p\u00fablica en regiones extremas\u201d <\/strong><\/span><\/p>\n<div id=\"gtx-trans\" style=\"position: absolute; left: -50px; top: 4.31534px;\">\n<div class=\"gtx-trans-icon\"><\/div>\n<\/div>\n<\/div><\/section><\/div><div class=\"flex_column av_one_full  flex_column_div av-zero-column-padding first  avia-builder-el-4  el_after_av_one_full  el_before_av_hr  column-top-margin\" style='border-radius:0px; '><section class=\"av_textblock_section \"  itemscope=\"itemscope\" itemtype=\"https:\/\/schema.org\/BlogPosting\" itemprop=\"blogPost\" ><div class='avia_textblock  '   itemprop=\"text\" ><p style=\"text-align: justify;\">El senador David Sandoval expres\u00f3 su preocupaci\u00f3n ante el fuerte incremento de la tasa de inter\u00e9s, la que se situ\u00f3 en el 10,75%. Esto luego de la exposici\u00f3n realizada en los \u00faltimos d\u00edas en la C\u00e1mara Alta, por parte del Banco Central, instituci\u00f3n que entreg\u00f3 su informe sobre Pol\u00edtica Monetaria (Ipom).<\/p>\n<p style=\"text-align: justify;\">El parlamentario dijo que la situaci\u00f3n genera inquietud, ya que, si bien uno de los roles principales de dicho organismo es precisamente el control de la inflaci\u00f3n, tambi\u00e9n aquello est\u00e1 teniendo efectos desde lo p\u00fablico. \u201cY aqu\u00ed se ha manifestado en varias ocasiones, c\u00f3mo compatibilizar la necesidad de realizar este control de la inflaci\u00f3n, pero no afectar el impacto de la inversi\u00f3n p\u00fablica, especialmente en regiones extremas\u201d, indic\u00f3.<\/p>\n<p style=\"text-align: justify;\">Lo anterior, pues precis\u00f3 que este tema no solo afecta a las personas, sino que de igual manera tiene su impacto en inversiones p\u00fablicas, indicando que producto del alza en el costo de los materiales de construcci\u00f3n, entre otros factores, hay proyectos de inversi\u00f3n que presentan distintas dificultades.<\/p>\n<p style=\"text-align: justify;\">En ese contexto, recalc\u00f3 que esto adem\u00e1s \u201ctiene efectos en la propia comunidad, pues estamos hablando de personas que no van a tener trabajo, prestadores de servicios que no van a generar su actividad econ\u00f3mica\u201d, subrayando que por eso \u201ctenemos que buscar de qu\u00e9 manera llevamos adelante un proceso que se haga cargo de esta realidad\u201d.<\/p>\n<p style=\"text-align: justify;\">\u201cUno entiende que la incertidumbre, los procesos que est\u00e1 viviendo pol\u00edticamente el pa\u00eds, sin duda no contribuyen mucho a lograr esta estabilidad que tanto quisi\u00e9ramos\u201d, agreg\u00f3, se\u00f1alando que \u201cal pa\u00eds se le quiso llevar al borde del abismo, que a Dios gracias logramos salir de ese riesgo\u201d.<\/p>\n<p style=\"text-align: justify;\">Por otro lado, destac\u00f3 la labor que realiza el Banco Central, como entidad aut\u00f3noma y su rol de control de la inflaci\u00f3n, pero reiter\u00f3 que las medidas adoptadas se tienen que compatibilizar para que no terminen por repercutir en lo que significa las inversiones p\u00fablicas, que es tan relevante en regiones particularmente extremas o altamente dependientes de la inversi\u00f3n p\u00fablica, como en este caso es Ays\u00e9n. \u201cLa regi\u00f3n lo \u00fanico que quiere es tener las oportunidades para poder desarrollarse con plenitud\u201d, concluy\u00f3.<\/p>\n<\/div><\/section><\/div><div  style='height:50px' class='hr hr-invisible   avia-builder-el-6  el_after_av_one_full  el_before_av_social_share '><span class='hr-inner ' ><span class='hr-inner-style'><\/span><\/span><\/div><\/p>\n<div  class='av-social-sharing-box  avia-builder-el-7  el_after_av_hr  el_before_av_hr  '><div class='av-share-box'><h5 class='av-share-link-description av-no-toc '>Compartir esta noticia<\/h5><ul class='av-share-box-list noLightbox'><li class='av-share-link av-social-link-facebook' ><a target=\"_blank\" aria-label=\"Compartir en Facebook\" href='https:\/\/www.facebook.com\/sharer.php?u=https:\/\/radiorevelacionfm.cl\/?p=21595&#038;t=Sandoval%20y%20alza%20de%20la%20tasa%20de%20inter%C3%A9s%3A%20%E2%80%9CTenemos%20que%20compatibilizar%20que%20estas%20medidas%20no%20terminen%20por%20repercutir%20en%20la%20inversi%C3%B3n%20p%C3%BAblica%20en%20regiones%20extremas%E2%80%9D' aria-hidden='false' data-av_icon='\ue8f3' data-av_iconfont='entypo-fontello' title='' data-avia-related-tooltip='Compartir en Facebook' rel=\"noopener\"><span class='avia_hidden_link_text'>Compartir en Facebook<\/span><\/a><\/li><li class='av-share-link av-social-link-twitter' ><a target=\"_blank\" aria-label=\"Compartir en Twitter\" href='https:\/\/twitter.com\/share?text=Sandoval%20y%20alza%20de%20la%20tasa%20de%20inter%C3%A9s%3A%20%E2%80%9CTenemos%20que%20compatibilizar%20que%20estas%20medidas%20no%20terminen%20por%20repercutir%20en%20la%20inversi%C3%B3n%20p%C3%BAblica%20en%20regiones%20extremas%E2%80%9D&#038;url=https:\/\/radiorevelacionfm.cl\/?p=21595' aria-hidden='false' data-av_icon='\ue8f1' data-av_iconfont='entypo-fontello' title='' data-avia-related-tooltip='Compartir en Twitter' rel=\"noopener\"><span class='avia_hidden_link_text'>Compartir en Twitter<\/span><\/a><\/li><li class='av-share-link av-social-link-whatsapp' ><a target=\"_blank\" aria-label=\"Compartir en Whatsapp\" href='https:\/\/api.whatsapp.com\/send?text=https:\/\/radiorevelacionfm.cl\/?p=21595' aria-hidden='false' data-av_icon='\uf232' data-av_iconfont='entypo-fontello' title='' data-avia-related-tooltip='Compartir en Whatsapp' rel=\"noopener\"><span class='avia_hidden_link_text'>Compartir en Whatsapp<\/span><\/a><\/li><li class='av-share-link av-social-link-linkedin' ><a target=\"_blank\" aria-label=\"Compartir en LinkedIn\" href='https:\/\/linkedin.com\/shareArticle?mini=true&#038;title=Sandoval%20y%20alza%20de%20la%20tasa%20de%20inter%C3%A9s%3A%20%E2%80%9CTenemos%20que%20compatibilizar%20que%20estas%20medidas%20no%20terminen%20por%20repercutir%20en%20la%20inversi%C3%B3n%20p%C3%BAblica%20en%20regiones%20extremas%E2%80%9D&#038;url=https:\/\/radiorevelacionfm.cl\/?p=21595' aria-hidden='false' data-av_icon='\ue8fc' data-av_iconfont='entypo-fontello' title='' data-avia-related-tooltip='Compartir en LinkedIn' rel=\"noopener\"><span class='avia_hidden_link_text'>Compartir en LinkedIn<\/span><\/a><\/li><li class='av-share-link av-social-link-mail' ><a  aria-label=\"Compartir por correo\" href='mailto:?subject=Sandoval%20y%20alza%20de%20la%20tasa%20de%20inter%C3%A9s%3A%20%E2%80%9CTenemos%20que%20compatibilizar%20que%20estas%20medidas%20no%20terminen%20por%20repercutir%20en%20la%20inversi%C3%B3n%20p%C3%BAblica%20en%20regiones%20extremas%E2%80%9D&#038;body=https:\/\/radiorevelacionfm.cl\/?p=21595' aria-hidden='false' data-av_icon='\ue805' data-av_iconfont='entypo-fontello' title='' data-avia-related-tooltip='Compartir por correo'><span class='avia_hidden_link_text'>Compartir por correo<\/span><\/a><\/li><\/ul><\/div><\/div>\n<div  style='height:50px' class='hr hr-invisible   avia-builder-el-8  el_after_av_social_share  el_before_av_comments_list '><span class='hr-inner ' ><span class='hr-inner-style'><\/span><\/span><\/div>\n<div  class='av-buildercomment  av-blog-meta-html-info-disabled av-blog-meta-tag-disabled  '><\/div>\n","protected":false},"excerpt":{"rendered":"","protected":false},"author":1,"featured_media":19428,"comment_status":"open","ping_status":"open","sticky":false,"template":"","format":"standard","meta":{"footnotes":""},"categories":[35],"tags":[],"class_list":["post-21595","post","type-post","status-publish","format-standard","has-post-thumbnail","hentry","category-politica"],"jetpack_featured_media_url":"https:\/\/radiorevelacionfm.cl\/wp-content\/uploads\/2022\/07\/senador-sandoval-10-1-1.jpg","_links":{"self":[{"href":"https:\/\/radiorevelacionfm.cl\/index.php?rest_route=\/wp\/v2\/posts\/21595","targetHints":{"allow":["GET"]}}],"collection":[{"href":"https:\/\/radiorevelacionfm.cl\/index.php?rest_route=\/wp\/v2\/posts"}],"about":[{"href":"https:\/\/radiorevelacionfm.cl\/index.php?rest_route=\/wp\/v2\/types\/post"}],"author":[{"embeddable":true,"href":"https:\/\/radiorevelacionfm.cl\/index.php?rest_route=\/wp\/v2\/users\/1"}],"replies":[{"embeddable":true,"href":"https:\/\/radiorevelacionfm.cl\/index.php?rest_route=%2Fwp%2Fv2%2Fcomments&post=21595"}],"version-history":[{"count":2,"href":"https:\/\/radiorevelacionfm.cl\/index.php?rest_route=\/wp\/v2\/posts\/21595\/revisions"}],"predecessor-version":[{"id":21647,"href":"https:\/\/radiorevelacionfm.cl\/index.php?rest_route=\/wp\/v2\/posts\/21595\/revisions\/21647"}],"wp:featuredmedia":[{"embeddable":true,"href":"https:\/\/radiorevelacionfm.cl\/index.php?rest_route=\/wp\/v2\/media\/19428"}],"wp:attachment":[{"href":"https:\/\/radiorevelacionfm.cl\/index.php?rest_route=%2Fwp%2Fv2%2Fmedia&parent=21595"}],"wp:term":[{"taxonomy":"category","embeddable":true,"href":"https:\/\/radiorevelacionfm.cl\/index.php?rest_route=%2Fwp%2Fv2%2Fcategories&post=21595"},{"taxonomy":"post_tag","embeddable":true,"href":"https:\/\/radiorevelacionfm.cl\/index.php?rest_route=%2Fwp%2Fv2%2Ftags&post=21595"}],"curies":[{"name":"wp","href":"https:\/\/api.w.org\/{rel}","templated":true}]}}