{"id":21592,"date":"2022-09-09T22:14:33","date_gmt":"2022-09-10T01:14:33","guid":{"rendered":"https:\/\/radiorevelacionfm.cl\/?p=21592"},"modified":"2022-09-09T22:14:33","modified_gmt":"2022-09-10T01:14:33","slug":"realizan-capacitacion-sobre-intervencion-oportuna-ante-situaciones-de-maltrato-y-violencia-hacia-grupos-de-especial-proteccion","status":"publish","type":"post","link":"https:\/\/radiorevelacionfm.cl\/?p=21592","title":{"rendered":"Realizan capacitaci\u00f3n sobre intervenci\u00f3n oportuna ante situaciones de maltrato y violencia hacia grupos de especial protecci\u00f3n"},"content":{"rendered":"<div class=\"flex_column av_one_full  flex_column_div av-zero-column-padding first  avia-builder-el-0  el_before_av_one_full  avia-builder-el-first  \" style='border-radius:0px; '><div  class='avia-image-container  av-styling-    avia-builder-el-1  avia-builder-el-no-sibling  avia-align-center '  itemprop=\"image\" itemscope=\"itemscope\" itemtype=\"https:\/\/schema.org\/ImageObject\"  ><div class='avia-image-container-inner'><div class='avia-image-overlay-wrap'><img decoding=\"async\" class='wp-image-21593 avia-img-lazy-loading-not-21593 avia_image' src=\"https:\/\/radiorevelacionfm.cl\/wp-content\/uploads\/2022\/09\/Comunicado-Jornada-Justicia-e-INDH-1-2-2.jpg\" alt='' title='Comunicado Jornada Justicia e INDH 1-2-2' height=\"600\" width=\"947\"  itemprop=\"thumbnailUrl\" srcset=\"https:\/\/radiorevelacionfm.cl\/wp-content\/uploads\/2022\/09\/Comunicado-Jornada-Justicia-e-INDH-1-2-2.jpg 947w, https:\/\/radiorevelacionfm.cl\/wp-content\/uploads\/2022\/09\/Comunicado-Jornada-Justicia-e-INDH-1-2-2-300x190.jpg 300w, https:\/\/radiorevelacionfm.cl\/wp-content\/uploads\/2022\/09\/Comunicado-Jornada-Justicia-e-INDH-1-2-2-768x487.jpg 768w, https:\/\/radiorevelacionfm.cl\/wp-content\/uploads\/2022\/09\/Comunicado-Jornada-Justicia-e-INDH-1-2-2-705x447.jpg 705w, https:\/\/radiorevelacionfm.cl\/wp-content\/uploads\/2022\/09\/Comunicado-Jornada-Justicia-e-INDH-1-2-2-600x380.jpg 600w\" sizes=\"(max-width: 947px) 100vw, 947px\" \/><\/div><\/div><\/div><\/div><div class=\"flex_column av_one_full  flex_column_div av-zero-column-padding first  avia-builder-el-2  el_after_av_one_full  el_before_av_one_full  column-top-margin\" style='border-radius:0px; '><section class=\"av_textblock_section \"  itemscope=\"itemscope\" itemtype=\"https:\/\/schema.org\/BlogPosting\" itemprop=\"blogPost\" ><div class='avia_textblock  '   itemprop=\"text\" ><p style=\"text-align: center;\"><strong><span style=\"font-size: 18pt;\">Realizan capacitaci\u00f3n sobre intervenci\u00f3n oportuna ante situaciones de maltrato y violencia hacia grupos de especial protecci\u00f3n<\/span><\/strong><\/p>\n<div id=\"gtx-trans\" style=\"position: absolute; left: -50px; top: 4.31534px;\">\n<div class=\"gtx-trans-icon\"><\/div>\n<\/div>\n<\/div><\/section><\/div><div class=\"flex_column av_one_full  flex_column_div av-zero-column-padding first  avia-builder-el-4  el_after_av_one_full  el_before_av_hr  column-top-margin\" style='border-radius:0px; '><section class=\"av_textblock_section \"  itemscope=\"itemscope\" itemtype=\"https:\/\/schema.org\/BlogPosting\" itemprop=\"blogPost\" ><div class='avia_textblock  '   itemprop=\"text\" ><p style=\"text-align: justify;\">Este martes en el audit\u00f3rium de la Biblioteca Regional se llev\u00f3 a cabo una nueva jornada de capacitaci\u00f3n denominada \u201cHerramientas para la gesti\u00f3n e intervenci\u00f3n oportuna ante situaciones de maltrato y violencia hacia grupos de especial protecci\u00f3n Ni\u00f1os, Ni\u00f1as, Adolescentes, Adultos Mayores y Mujeres\u201d, dicha actividad fue organizada por la Secretar\u00eda Regional Ministerial de Justicia y Derechos Humanos en conjunto con el Instituto Nacional de Derechos Humanos y estuvo dirigida a funcionarios\/as de la Junta Nacional de Jardines Infantiles (Junji), Servicio Mejor Ni\u00f1ez, de la Seremi de Desarrollo Social y Familia y de la Corporaci\u00f3n de Asistencia Judicial.<\/p>\n<p style=\"text-align: justify;\">La jornada se inici\u00f3 con la exposici\u00f3n de la psic\u00f3loga de la Unidad de Buen Trato Infantil de la Direcci\u00f3n Regional de JUNJI Claudia Vega, quien abord\u00f3 la tem\u00e1tica \u201cHerramientas para la intervenci\u00f3n de ni\u00f1os, ni\u00f1as y adolescentes\u201d, posteriormente expuso el equipo del Programa de Defensa Jur\u00eddica Integral al Adulto Mayor compuesto por la trabajadora social Karem Osorio y la abogada Mildred Vasquinzay \u00a0quienes se enfocaron en los adultos mayores, mientras que la profesional del INDH Carla Romo abord\u00f3 la tem\u00e1tica en relaci\u00f3n a las mujeres y las diversidades.<\/p>\n<p style=\"text-align: justify;\">El Seremi de Justicia y Derechos Humanos, Samuel Navarro Castro destac\u00f3 que \u201cesta nueva capacitaci\u00f3n que hemos realizado va en el contexto de otras actividades que hemos realizado con otros grupos e instituciones, esto le hemos venido desarrollando en conjunto con el Instituto Nacional de Derechos Humanos qui\u00e9n tiene una participaci\u00f3n activa adem\u00e1s de expositores y material, en esta oportunidad fue dirigido a funcionarios de la Junta Nacional de Jardines Infantiles tanto de la direcci\u00f3n regional como de los Jardines Infantiles, de la Corporaci\u00f3n de Asistencia Judicial y otras instituciones, agradecemos la alta participaci\u00f3n que tuvo esta actividad, fueron exposiciones de primer nivel y creemos que a trav\u00e9s de esta sensibilizaci\u00f3n que se hace en estas materias entregar herramientas para detecci\u00f3n temprana de violencia tanto contra mujeres o diversidades, personas mayores o ni\u00f1os, ni\u00f1as y adolescentes, nos parece importante ir erradicando la violencia como forma de relacionarse en la sociedad, pero adem\u00e1s entregar herramientas para quienes tienen contacto directo con estos grupos vulnerables puedan trabajar e incidir en mejorar las relaciones y trabajar en el fondo con la promoci\u00f3n y difusi\u00f3n de los Derechos Humanos y la protecci\u00f3n de las personas\u201d.<\/p>\n<p style=\"text-align: justify;\">Respecto a su exposici\u00f3n, la psic\u00f3loga infantil de la Unidad de Buen Trato Infantil de la Direcci\u00f3n Regional de JUNJI Claudia Vega indic\u00f3 que \u201cla exposici\u00f3n era para entregar herramientas respecto al abordaje que realizamos como instituci\u00f3n frente al maltrato infantil y vulneraci\u00f3n de derechos, nosotros tenemos un protocolo que est\u00e1 actualizado de acuerdo a la institucionalidad de educaci\u00f3n, por lo tanto eso nos rige tambi\u00e9n como funcionarios p\u00fablicos para hacer acciones y generar gesti\u00f3n en favor de la garant\u00eda de derecho, entonces hoy d\u00eda revisamos todo lo que es factores de riesgo que tenemos que visualizar como jardines para conocer a las familias como el ni\u00f1o centro de todo, y adem\u00e1s indicadores de riesgo que son las se\u00f1ales, ya sea conductas, emociones que los ni\u00f1os y ni\u00f1as van mostrando para que el adulto, en este caso el equipo educativo puedan empezar a observar en caso que sea una riesgo para sus derechos infantiles\u201d.<\/p>\n<p style=\"text-align: justify;\">En tanto, la profesional del Instituto Nacional de Derechos Humanos Carla Romo se refiri\u00f3 a su exposici\u00f3n se\u00f1alando que \u201cpara nosotros como sede regional del INDH siempre es grato poder generar instancias de reflexi\u00f3n, sensibilizaci\u00f3n y como en esta oportunidad espacios de capacitaci\u00f3n e informaci\u00f3n en materia tan especiales y tan importantes para la comunidad relacionado al abordaje de las violencias, en nuestro caso pudimos dar luces, orientaciones, herramientas y aspectos esenciales a la hora de reconocer y activar los circuitos de trabajo en favor de las v\u00edctimas de violencia, tanto respecto de las mujeres como de las diversidades sexuales, sentimos que los asistentes compartieron sus experiencias, sentimos que fue un espacio de crecimiento mutuo y especialmente introduce la necesidad de generar otros espacios e ir avanzando en los procesos de formaci\u00f3n m\u00e1s espec\u00edfica\u00a0 en cuanto al abordaje preventivo, la generaci\u00f3n de protocolos de actuaci\u00f3n y principalmente como favorecer\u00a0 la participaci\u00f3n efectiva\u00a0 tanto de las mujeres y de las diversidades desde el enfoque de g\u00e9nero y desde el enfoque de derechos humanos\u00a0 ac\u00e1 en la regi\u00f3n de Ays\u00e9n, en todos los espacios que ello implica educaci\u00f3n, trabajo, educaci\u00f3n, comunidad, creemos que ah\u00ed hay un tremendo desaf\u00edo y esperamos seguir trabajando de la mano del Seremi de Justicia y Derechos Humanos, en estos espacios que favorecen sin duda la construcci\u00f3n de una cultura de paz\u201d.<\/p>\n<p style=\"text-align: justify;\">Finalmente, cabe precisar que esta jornada viene a cerrar un ciclo de capacitaciones desarrolladas, que ten\u00eda como objetivo abordar con distintos p\u00fablicos las tem\u00e1ticas de violencia y maltrato con grupos de especial protecci\u00f3n como Ni\u00f1os, Ni\u00f1as y Adolescentes, Personas Mayores y Mujeres y Diversidades, para as\u00ed entregar herramientas para poder trabajar y generar una intervenci\u00f3n oportuna.<\/p>\n<\/div><\/section><\/div><div  style='height:50px' class='hr hr-invisible   avia-builder-el-6  el_after_av_one_full  el_before_av_social_share '><span class='hr-inner ' ><span class='hr-inner-style'><\/span><\/span><\/div><\/p>\n<div  class='av-social-sharing-box  avia-builder-el-7  el_after_av_hr  el_before_av_hr  '><div class='av-share-box'><h5 class='av-share-link-description av-no-toc '>Compartir esta noticia<\/h5><ul class='av-share-box-list noLightbox'><li class='av-share-link av-social-link-facebook' ><a target=\"_blank\" aria-label=\"Compartir en Facebook\" href='https:\/\/www.facebook.com\/sharer.php?u=https:\/\/radiorevelacionfm.cl\/?p=21592&#038;t=Realizan%20capacitaci%C3%B3n%20sobre%20intervenci%C3%B3n%20oportuna%20ante%20situaciones%20de%20maltrato%20y%20violencia%20hacia%20grupos%20de%20especial%20protecci%C3%B3n' aria-hidden='false' data-av_icon='\ue8f3' data-av_iconfont='entypo-fontello' title='' data-avia-related-tooltip='Compartir en Facebook' rel=\"noopener\"><span class='avia_hidden_link_text'>Compartir en Facebook<\/span><\/a><\/li><li class='av-share-link av-social-link-twitter' ><a target=\"_blank\" aria-label=\"Compartir en Twitter\" href='https:\/\/twitter.com\/share?text=Realizan%20capacitaci%C3%B3n%20sobre%20intervenci%C3%B3n%20oportuna%20ante%20situaciones%20de%20maltrato%20y%20violencia%20hacia%20grupos%20de%20especial%20protecci%C3%B3n&#038;url=https:\/\/radiorevelacionfm.cl\/?p=21592' aria-hidden='false' data-av_icon='\ue8f1' data-av_iconfont='entypo-fontello' title='' data-avia-related-tooltip='Compartir en Twitter' rel=\"noopener\"><span class='avia_hidden_link_text'>Compartir en Twitter<\/span><\/a><\/li><li class='av-share-link av-social-link-whatsapp' ><a target=\"_blank\" aria-label=\"Compartir en Whatsapp\" href='https:\/\/api.whatsapp.com\/send?text=https:\/\/radiorevelacionfm.cl\/?p=21592' aria-hidden='false' data-av_icon='\uf232' data-av_iconfont='entypo-fontello' title='' data-avia-related-tooltip='Compartir en Whatsapp' rel=\"noopener\"><span class='avia_hidden_link_text'>Compartir en Whatsapp<\/span><\/a><\/li><li class='av-share-link av-social-link-linkedin' ><a target=\"_blank\" aria-label=\"Compartir en LinkedIn\" href='https:\/\/linkedin.com\/shareArticle?mini=true&#038;title=Realizan%20capacitaci%C3%B3n%20sobre%20intervenci%C3%B3n%20oportuna%20ante%20situaciones%20de%20maltrato%20y%20violencia%20hacia%20grupos%20de%20especial%20protecci%C3%B3n&#038;url=https:\/\/radiorevelacionfm.cl\/?p=21592' aria-hidden='false' data-av_icon='\ue8fc' data-av_iconfont='entypo-fontello' title='' data-avia-related-tooltip='Compartir en LinkedIn' rel=\"noopener\"><span class='avia_hidden_link_text'>Compartir en LinkedIn<\/span><\/a><\/li><li class='av-share-link av-social-link-mail' ><a  aria-label=\"Compartir por correo\" href='mailto:?subject=Realizan%20capacitaci%C3%B3n%20sobre%20intervenci%C3%B3n%20oportuna%20ante%20situaciones%20de%20maltrato%20y%20violencia%20hacia%20grupos%20de%20especial%20protecci%C3%B3n&#038;body=https:\/\/radiorevelacionfm.cl\/?p=21592' aria-hidden='false' data-av_icon='\ue805' data-av_iconfont='entypo-fontello' title='' data-avia-related-tooltip='Compartir por correo'><span class='avia_hidden_link_text'>Compartir por correo<\/span><\/a><\/li><\/ul><\/div><\/div>\n<div  style='height:50px' class='hr hr-invisible   avia-builder-el-8  el_after_av_social_share  el_before_av_comments_list '><span class='hr-inner ' ><span class='hr-inner-style'><\/span><\/span><\/div>\n<div  class='av-buildercomment  av-blog-meta-html-info-disabled av-blog-meta-tag-disabled  '><\/div>\n","protected":false},"excerpt":{"rendered":"","protected":false},"author":1,"featured_media":21593,"comment_status":"open","ping_status":"open","sticky":false,"template":"","format":"standard","meta":{"footnotes":""},"categories":[55],"tags":[],"class_list":["post-21592","post","type-post","status-publish","format-standard","has-post-thumbnail","hentry","category-justicia"],"jetpack_featured_media_url":"https:\/\/radiorevelacionfm.cl\/wp-content\/uploads\/2022\/09\/Comunicado-Jornada-Justicia-e-INDH-1-2-2.jpg","_links":{"self":[{"href":"https:\/\/radiorevelacionfm.cl\/index.php?rest_route=\/wp\/v2\/posts\/21592","targetHints":{"allow":["GET"]}}],"collection":[{"href":"https:\/\/radiorevelacionfm.cl\/index.php?rest_route=\/wp\/v2\/posts"}],"about":[{"href":"https:\/\/radiorevelacionfm.cl\/index.php?rest_route=\/wp\/v2\/types\/post"}],"author":[{"embeddable":true,"href":"https:\/\/radiorevelacionfm.cl\/index.php?rest_route=\/wp\/v2\/users\/1"}],"replies":[{"embeddable":true,"href":"https:\/\/radiorevelacionfm.cl\/index.php?rest_route=%2Fwp%2Fv2%2Fcomments&post=21592"}],"version-history":[{"count":2,"href":"https:\/\/radiorevelacionfm.cl\/index.php?rest_route=\/wp\/v2\/posts\/21592\/revisions"}],"predecessor-version":[{"id":21646,"href":"https:\/\/radiorevelacionfm.cl\/index.php?rest_route=\/wp\/v2\/posts\/21592\/revisions\/21646"}],"wp:featuredmedia":[{"embeddable":true,"href":"https:\/\/radiorevelacionfm.cl\/index.php?rest_route=\/wp\/v2\/media\/21593"}],"wp:attachment":[{"href":"https:\/\/radiorevelacionfm.cl\/index.php?rest_route=%2Fwp%2Fv2%2Fmedia&parent=21592"}],"wp:term":[{"taxonomy":"category","embeddable":true,"href":"https:\/\/radiorevelacionfm.cl\/index.php?rest_route=%2Fwp%2Fv2%2Fcategories&post=21592"},{"taxonomy":"post_tag","embeddable":true,"href":"https:\/\/radiorevelacionfm.cl\/index.php?rest_route=%2Fwp%2Fv2%2Ftags&post=21592"}],"curies":[{"name":"wp","href":"https:\/\/api.w.org\/{rel}","templated":true}]}}