{"id":21588,"date":"2022-09-08T22:26:42","date_gmt":"2022-09-09T01:26:42","guid":{"rendered":"https:\/\/radiorevelacionfm.cl\/?p=21588"},"modified":"2022-09-08T22:26:42","modified_gmt":"2022-09-09T01:26:42","slug":"cft-estatal-de-la-region-de-aysen-realiza-lanzamiento-proceso-de-admision-2023","status":"publish","type":"post","link":"https:\/\/radiorevelacionfm.cl\/?p=21588","title":{"rendered":"CFT Estatal de la regi\u00f3n de Ays\u00e9n realiza lanzamiento proceso de admisi\u00f3n 2023"},"content":{"rendered":"<div class=\"flex_column av_one_full  flex_column_div av-zero-column-padding first  avia-builder-el-0  el_before_av_one_full  avia-builder-el-first  \" style='border-radius:0px; '><div  class='avia-image-container  av-styling-    avia-builder-el-1  avia-builder-el-no-sibling  avia-align-center '  itemprop=\"image\" itemscope=\"itemscope\" itemtype=\"https:\/\/schema.org\/ImageObject\"  ><div class='avia-image-container-inner'><div class='avia-image-overlay-wrap'><img decoding=\"async\" class='wp-image-21589 avia-img-lazy-loading-not-21589 avia_image' src=\"https:\/\/radiorevelacionfm.cl\/wp-content\/uploads\/2022\/09\/20220908_101803-2-2.jpg\" alt='' title='20220908_101803-2-2' height=\"600\" width=\"800\"  itemprop=\"thumbnailUrl\" srcset=\"https:\/\/radiorevelacionfm.cl\/wp-content\/uploads\/2022\/09\/20220908_101803-2-2.jpg 800w, https:\/\/radiorevelacionfm.cl\/wp-content\/uploads\/2022\/09\/20220908_101803-2-2-300x225.jpg 300w, https:\/\/radiorevelacionfm.cl\/wp-content\/uploads\/2022\/09\/20220908_101803-2-2-768x576.jpg 768w, https:\/\/radiorevelacionfm.cl\/wp-content\/uploads\/2022\/09\/20220908_101803-2-2-705x529.jpg 705w, https:\/\/radiorevelacionfm.cl\/wp-content\/uploads\/2022\/09\/20220908_101803-2-2-600x450.jpg 600w\" sizes=\"(max-width: 800px) 100vw, 800px\" \/><\/div><\/div><\/div><\/div><div class=\"flex_column av_one_full  flex_column_div av-zero-column-padding first  avia-builder-el-2  el_after_av_one_full  el_before_av_one_full  column-top-margin\" style='border-radius:0px; '><section class=\"av_textblock_section \"  itemscope=\"itemscope\" itemtype=\"https:\/\/schema.org\/BlogPosting\" itemprop=\"blogPost\" ><div class='avia_textblock  '   itemprop=\"text\" ><p style=\"text-align: center;\"><span style=\"font-size: 18pt;\"><strong>CFT Estatal de la regi\u00f3n de Ays\u00e9n realiza lanzamiento proceso de admisi\u00f3n 2023<\/strong><\/span><\/p>\n<div id=\"gtx-trans\" style=\"position: absolute; left: -50px; top: 4.31534px;\">\n<div class=\"gtx-trans-icon\"><\/div>\n<\/div>\n<\/div><\/section><\/div><div class=\"flex_column av_one_full  flex_column_div av-zero-column-padding first  avia-builder-el-4  el_after_av_one_full  el_before_av_hr  column-top-margin\" style='border-radius:0px; '><section class=\"av_textblock_section \"  itemscope=\"itemscope\" itemtype=\"https:\/\/schema.org\/BlogPosting\" itemprop=\"blogPost\" ><div class='avia_textblock  '   itemprop=\"text\" ><p style=\"text-align: justify;\">En el CFT Estatal de la Regi\u00f3n de Ays\u00e9n, a las carreras de T\u00e9cnico de Nivel Superior en Administraci\u00f3n de Sistemas Log\u00edsticos y de T\u00e9cnico de Nivel Superior en Administraci\u00f3n P\u00fablica se les suma para el a\u00f1o 2023 la carrera de T\u00e9cnico de Nivel Superior en Mantenimiento Industrial.<\/p>\n<p style=\"text-align: justify;\">En dependencias del Liceo Polit\u00e9cnico de Puerto Ays\u00e9n, lugar que en la actualidad el CFT Estatal est\u00e1 impartiendo sus clases en jornada vespertina, en un punto de prensa encabezado por el Rector de la casa de estudios superiores Sr. V\u00edctor Hugo \u00c1lvarez, Director DEM Patricio B\u00f3rquez y el Subdirector del Liceo TP Esteban Labarca, se dio a conocer la nueva carrera que acompa\u00f1ar\u00e1 a las antes mencionadas para el pr\u00f3ximo a\u00f1o 2023.<\/p>\n<p style=\"text-align: justify;\">Luego de reunirse con la prensa y hacerle una exposici\u00f3n de lo que fue la instalaci\u00f3n y el actual desarrollo acad\u00e9mico de la casa de estudios, el Rector del CFT Estatal de la Regi\u00f3n de Ays\u00e9n entregaba sus impresiones al respecto \u201cacabamos de hacer el lanzamiento del Proceso de Admisi\u00f3n 2023. Estamos muy contentos porque vamos a comenzar nuestro periodo de matr\u00edculas el 12 de octubre, tambi\u00e9n pueden comenzar a realizar consultas en nuestra p\u00e1gina web <a href=\"http:\/\/www.cftestataldeaysen.cl\/\">www.cftestataldeaysen.cl<\/a> donde tienen la posibilidad de preinscribirse y una noticia muy buena para la comunidad es que las matriculas ser\u00e1n absolutamente gratis\u201d.<\/p>\n<p style=\"text-align: justify;\">Respecto a la nueva carrera para el 2023 que es TNS en Mantenimiento Industrial la autoridad acad\u00e9mica agregaba \u201cen este hito tan importante para nosotros es que en nuestro Proceso de Admisi\u00f3n 2023 vamos a incorporar una carrera nueva, que la estamos co-construyendo con los diversos sectores industriales de la zona que es la carrera de Mantenimiento Industrial\u201d.<\/p>\n<p style=\"text-align: justify;\">A su vez el Director DEM Sr. Patricio B\u00f3rquez valoraba la vinculaci\u00f3n que existe entre el CFT Estatal y la Educaci\u00f3n Municipal, principalmente con el Liceo Polit\u00e9cnico de Puerto Ays\u00e9n \u201cpara el Departamento de Educaci\u00f3n Municipal y para la gesti\u00f3n del Alcalde Julio Uribe es tremendamente significativo poder participar de esta actividad a prop\u00f3sito del lanzamiento de una nueva carrera para el a\u00f1o 2023, esto sin duda constituye un tremendo apoyo para poder avanzar en pertinencia tanto en las carreras que imparten como en la vinculaci\u00f3n y el trabajo mancomunado que est\u00e1n llevando adelante con el Liceo T\u00e9cnico Profesional\u201d.<\/p>\n<p style=\"text-align: justify;\">Finalmente mencionar que el equipo de Admisi\u00f3n y Comunicaciones junto con el \u00e1rea Acad\u00e9mica han estado \u00faltimamente realizando charlas a distintos establecimientos educacionales de la Regi\u00f3n de Ays\u00e9n.<\/p>\n<\/div><\/section><\/div><div  style='height:50px' class='hr hr-invisible   avia-builder-el-6  el_after_av_one_full  el_before_av_social_share '><span class='hr-inner ' ><span class='hr-inner-style'><\/span><\/span><\/div><\/p>\n<div  class='av-social-sharing-box  avia-builder-el-7  el_after_av_hr  el_before_av_hr  '><div class='av-share-box'><h5 class='av-share-link-description av-no-toc '>Compartir esta noticia<\/h5><ul class='av-share-box-list noLightbox'><li class='av-share-link av-social-link-facebook' ><a target=\"_blank\" aria-label=\"Compartir en Facebook\" href='https:\/\/www.facebook.com\/sharer.php?u=https:\/\/radiorevelacionfm.cl\/?p=21588&#038;t=CFT%20Estatal%20de%20la%20regi%C3%B3n%20de%20Ays%C3%A9n%20realiza%20lanzamiento%20proceso%20de%20admisi%C3%B3n%202023' aria-hidden='false' data-av_icon='\ue8f3' data-av_iconfont='entypo-fontello' title='' data-avia-related-tooltip='Compartir en Facebook' rel=\"noopener\"><span class='avia_hidden_link_text'>Compartir en Facebook<\/span><\/a><\/li><li class='av-share-link av-social-link-twitter' ><a target=\"_blank\" aria-label=\"Compartir en Twitter\" href='https:\/\/twitter.com\/share?text=CFT%20Estatal%20de%20la%20regi%C3%B3n%20de%20Ays%C3%A9n%20realiza%20lanzamiento%20proceso%20de%20admisi%C3%B3n%202023&#038;url=https:\/\/radiorevelacionfm.cl\/?p=21588' aria-hidden='false' data-av_icon='\ue8f1' data-av_iconfont='entypo-fontello' title='' data-avia-related-tooltip='Compartir en Twitter' rel=\"noopener\"><span class='avia_hidden_link_text'>Compartir en Twitter<\/span><\/a><\/li><li class='av-share-link av-social-link-whatsapp' ><a target=\"_blank\" aria-label=\"Compartir en Whatsapp\" href='https:\/\/api.whatsapp.com\/send?text=https:\/\/radiorevelacionfm.cl\/?p=21588' aria-hidden='false' data-av_icon='\uf232' data-av_iconfont='entypo-fontello' title='' data-avia-related-tooltip='Compartir en Whatsapp' rel=\"noopener\"><span class='avia_hidden_link_text'>Compartir en Whatsapp<\/span><\/a><\/li><li class='av-share-link av-social-link-linkedin' ><a target=\"_blank\" aria-label=\"Compartir en LinkedIn\" href='https:\/\/linkedin.com\/shareArticle?mini=true&#038;title=CFT%20Estatal%20de%20la%20regi%C3%B3n%20de%20Ays%C3%A9n%20realiza%20lanzamiento%20proceso%20de%20admisi%C3%B3n%202023&#038;url=https:\/\/radiorevelacionfm.cl\/?p=21588' aria-hidden='false' data-av_icon='\ue8fc' data-av_iconfont='entypo-fontello' title='' data-avia-related-tooltip='Compartir en LinkedIn' rel=\"noopener\"><span class='avia_hidden_link_text'>Compartir en LinkedIn<\/span><\/a><\/li><li class='av-share-link av-social-link-mail' ><a  aria-label=\"Compartir por correo\" href='mailto:?subject=CFT%20Estatal%20de%20la%20regi%C3%B3n%20de%20Ays%C3%A9n%20realiza%20lanzamiento%20proceso%20de%20admisi%C3%B3n%202023&#038;body=https:\/\/radiorevelacionfm.cl\/?p=21588' aria-hidden='false' data-av_icon='\ue805' data-av_iconfont='entypo-fontello' title='' data-avia-related-tooltip='Compartir por correo'><span class='avia_hidden_link_text'>Compartir por correo<\/span><\/a><\/li><\/ul><\/div><\/div>\n<div  style='height:50px' class='hr hr-invisible   avia-builder-el-8  el_after_av_social_share  el_before_av_comments_list '><span class='hr-inner ' ><span class='hr-inner-style'><\/span><\/span><\/div>\n<div  class='av-buildercomment  av-blog-meta-html-info-disabled av-blog-meta-tag-disabled  '><\/div>\n","protected":false},"excerpt":{"rendered":"","protected":false},"author":1,"featured_media":21589,"comment_status":"open","ping_status":"open","sticky":false,"template":"","format":"standard","meta":{"footnotes":""},"categories":[49],"tags":[],"class_list":["post-21588","post","type-post","status-publish","format-standard","has-post-thumbnail","hentry","category-educacion"],"jetpack_featured_media_url":"https:\/\/radiorevelacionfm.cl\/wp-content\/uploads\/2022\/09\/20220908_101803-2-2.jpg","_links":{"self":[{"href":"https:\/\/radiorevelacionfm.cl\/index.php?rest_route=\/wp\/v2\/posts\/21588","targetHints":{"allow":["GET"]}}],"collection":[{"href":"https:\/\/radiorevelacionfm.cl\/index.php?rest_route=\/wp\/v2\/posts"}],"about":[{"href":"https:\/\/radiorevelacionfm.cl\/index.php?rest_route=\/wp\/v2\/types\/post"}],"author":[{"embeddable":true,"href":"https:\/\/radiorevelacionfm.cl\/index.php?rest_route=\/wp\/v2\/users\/1"}],"replies":[{"embeddable":true,"href":"https:\/\/radiorevelacionfm.cl\/index.php?rest_route=%2Fwp%2Fv2%2Fcomments&post=21588"}],"version-history":[{"count":2,"href":"https:\/\/radiorevelacionfm.cl\/index.php?rest_route=\/wp\/v2\/posts\/21588\/revisions"}],"predecessor-version":[{"id":21591,"href":"https:\/\/radiorevelacionfm.cl\/index.php?rest_route=\/wp\/v2\/posts\/21588\/revisions\/21591"}],"wp:featuredmedia":[{"embeddable":true,"href":"https:\/\/radiorevelacionfm.cl\/index.php?rest_route=\/wp\/v2\/media\/21589"}],"wp:attachment":[{"href":"https:\/\/radiorevelacionfm.cl\/index.php?rest_route=%2Fwp%2Fv2%2Fmedia&parent=21588"}],"wp:term":[{"taxonomy":"category","embeddable":true,"href":"https:\/\/radiorevelacionfm.cl\/index.php?rest_route=%2Fwp%2Fv2%2Fcategories&post=21588"},{"taxonomy":"post_tag","embeddable":true,"href":"https:\/\/radiorevelacionfm.cl\/index.php?rest_route=%2Fwp%2Fv2%2Ftags&post=21588"}],"curies":[{"name":"wp","href":"https:\/\/api.w.org\/{rel}","templated":true}]}}