{"id":21585,"date":"2022-09-09T11:09:17","date_gmt":"2022-09-09T14:09:17","guid":{"rendered":"https:\/\/radiorevelacionfm.cl\/?p=21585"},"modified":"2022-09-09T11:09:17","modified_gmt":"2022-09-09T14:09:17","slug":"empresas-de-turismo-seran-fortalecidas-de-cara-a-la-apertura-de-la-temporada-estival","status":"publish","type":"post","link":"https:\/\/radiorevelacionfm.cl\/?p=21585","title":{"rendered":"Empresas de turismo ser\u00e1n fortalecidas de cara a la apertura de la temporada estival"},"content":{"rendered":"<div class=\"flex_column av_one_full  flex_column_div av-zero-column-padding first  avia-builder-el-0  el_before_av_one_full  avia-builder-el-first  \" style='border-radius:0px; '><div  class='avia-image-container  av-styling-    avia-builder-el-1  avia-builder-el-no-sibling  avia-align-center '  itemprop=\"image\" itemscope=\"itemscope\" itemtype=\"https:\/\/schema.org\/ImageObject\"  ><div class='avia-image-container-inner'><div class='avia-image-overlay-wrap'><img decoding=\"async\" class='wp-image-21586 avia-img-lazy-loading-not-21586 avia_image' src=\"https:\/\/radiorevelacionfm.cl\/wp-content\/uploads\/2022\/09\/turismo-222-2-2_optimized-2.jpg\" alt='' title='turismo-222-2-2_optimized-2' height=\"600\" width=\"1067\"  itemprop=\"thumbnailUrl\" srcset=\"https:\/\/radiorevelacionfm.cl\/wp-content\/uploads\/2022\/09\/turismo-222-2-2_optimized-2.jpg 1067w, https:\/\/radiorevelacionfm.cl\/wp-content\/uploads\/2022\/09\/turismo-222-2-2_optimized-2-300x169.jpg 300w, https:\/\/radiorevelacionfm.cl\/wp-content\/uploads\/2022\/09\/turismo-222-2-2_optimized-2-1030x579.jpg 1030w, https:\/\/radiorevelacionfm.cl\/wp-content\/uploads\/2022\/09\/turismo-222-2-2_optimized-2-768x432.jpg 768w, https:\/\/radiorevelacionfm.cl\/wp-content\/uploads\/2022\/09\/turismo-222-2-2_optimized-2-705x396.jpg 705w, https:\/\/radiorevelacionfm.cl\/wp-content\/uploads\/2022\/09\/turismo-222-2-2_optimized-2-600x337.jpg 600w\" sizes=\"(max-width: 1067px) 100vw, 1067px\" \/><\/div><\/div><\/div><\/div><div class=\"flex_column av_one_full  flex_column_div av-zero-column-padding first  avia-builder-el-2  el_after_av_one_full  el_before_av_one_full  column-top-margin\" style='border-radius:0px; '><section class=\"av_textblock_section \"  itemscope=\"itemscope\" itemtype=\"https:\/\/schema.org\/BlogPosting\" itemprop=\"blogPost\" ><div class='avia_textblock  '   itemprop=\"text\" ><p style=\"text-align: center;\"><span style=\"font-size: 18pt;\"><strong>Empresas de turismo ser\u00e1n fortalecidas de cara a la apertura de la temporada estival<\/strong><\/span><\/p>\n<div id=\"gtx-trans\" style=\"position: absolute; left: -50px; top: 4.31534px;\">\n<div class=\"gtx-trans-icon\"><\/div>\n<\/div>\n<\/div><\/section><\/div><div class=\"flex_column av_one_full  flex_column_div av-zero-column-padding first  avia-builder-el-4  el_after_av_one_full  el_before_av_hr  column-top-margin\" style='border-radius:0px; '><section class=\"av_textblock_section \"  itemscope=\"itemscope\" itemtype=\"https:\/\/schema.org\/BlogPosting\" itemprop=\"blogPost\" ><div class='avia_textblock  '   itemprop=\"text\" ><p class=\"v1MsoNormal\" style=\"text-align: justify;\"><span lang=\"ES-CL\">El 27 de septiembre se celebra el <\/span><span lang=\"ES-CL\"><a href=\"https:\/\/www.unwto.org\/es\/dia-mundial-turismo-2022\" target=\"_blank\" rel=\"noopener noreferrer\">D\u00eda Mundial del Turismo<\/a><\/span><span lang=\"ES-CL\">, misma fecha en la que el equipo del programa Fortalece Pyme Ays\u00e9n, ubicado en Baquedano 400, realizar\u00e1 el primer taller enfocado en empresas de turismo donde se abordar\u00e1 la importancia de las redes sociales para potenciar los distintos emprendimientos, seguido de un taller de <\/span><span lang=\"ES-CL\"><a href=\"https:\/\/www.tripadvisor.cl\/\" target=\"_blank\" rel=\"noopener noreferrer\">Tripadvisor<\/a><\/span><span lang=\"ES-CL\"> y fotograf\u00eda digital enfocada para el mismo sector.<\/span><\/p>\n<p class=\"v1MsoNormal\" style=\"text-align: justify;\"><span lang=\"ES-CL\">El objetivo de estas jornadas es potenciar estas importantes \u00e1reas que, sin lugar a duda generar\u00e1n, una mayor audiencia y potenciales nuevos clientes para peque\u00f1as empresas del \u00e1rea hotelera, gastron\u00f3mica y tur\u00edstica de la Regi\u00f3n de Ays\u00e9n, y as\u00ed acercar los distintos beneficios que tiene la digitalizaci\u00f3n para cada uno de ellos tanto en sus marcas, productos y servicios que ofrecen.<\/span><\/p>\n<p class=\"v1MsoNormal\" style=\"text-align: justify;\"><span lang=\"ES-CL\">En este sentido, el gerente del programa Mat\u00edas Broussangaray mencion\u00f3 que \u00abla industria del turismo, no solo en Ays\u00e9n, ha sido una de las m\u00e1s golpeadas por la pandemia, y es justamente la temporada que viene la que puede apoyar a todos los empresarios a retomar la habitualidad de flujo de turistas, ventas y utilizar esta temporada para llegar a m\u00e1s clientes, justamente utilizando las herramientas tecnol\u00f3gicas que est\u00e1n a su disposici\u00f3n. Es por esto, que como Fpyme queremos apoyarlos a poder sacar el mayor provecho a las redes sociales, Tripadvisor, <\/span><span lang=\"ES-CL\"><a href=\"https:\/\/www.google.com\/intl\/es_es\/business\/\" target=\"_blank\" rel=\"noopener noreferrer\">Google My Business<\/a><\/span><span lang=\"ES-CL\"> y la fotograf\u00eda, elementos claves para dar a conocer las experiencias y servicios inigualables que la Patagonia puede ofrecer\u00bb.<\/span><\/p>\n<p class=\"v1MsoNormal\" style=\"text-align: justify;\"><span lang=\"ES-CL\">Fernando Johnson Dur\u00e1n, director (S) de Corfo Ays\u00e9n, explic\u00f3 que el sector turismo \u00abes uno de los focos de nuestro trabajo, entendiendo que es un polo de desarrollo en constante crecimiento. En este sentido, para Corfo es estrat\u00e9gico fortalecer la digitalizaci\u00f3n de las empresas de este rubro, acercando la informaci\u00f3n y facilitando el uso de herramientas y adopci\u00f3n de nuevas tecnolog\u00edas que les permitan generar estrategias para mejorar su competitividad y obtener mejores resultados en esta nueva temporada tur\u00edstica para el pa\u00eds y regi\u00f3n\u00bb.<\/span><\/p>\n<p class=\"v1MsoNormal\" style=\"text-align: justify;\"><span lang=\"ES-CL\">Junto con estos importantes talleres para el fortalecimiento de la industria del turismo, Fpyme Ays\u00e9n contempla la realizaci\u00f3n de nuevos conversatorios y actividades que apunten a la utilizaci\u00f3n y adopci\u00f3n de estas herramientas de comunicaci\u00f3n en la era digital.<\/span><\/p>\n<div style=\"text-align: justify;\"><span lang=\"ES-CL\">Si quieres saber m\u00e1s informaci\u00f3n sobre el trabajo que desarrolla Fpyme en la regi\u00f3n o quieres ser asistido mediante el diagn\u00f3stico de digitalizaci\u00f3n, visita <\/span><span lang=\"ES-CL\"><a href=\"http:\/\/www.fpymeaysen.cl\/\" target=\"_blank\" rel=\"noopener noreferrer\">www.fpymeaysen.cl<\/a><\/span><span lang=\"ES-CL\">\u00a0y las redes sociales de Facebook e Instagram en Fpyme_Aysen.<\/span><\/div>\n<\/div><\/section><\/div><div  style='height:50px' class='hr hr-invisible   avia-builder-el-6  el_after_av_one_full  el_before_av_social_share '><span class='hr-inner ' ><span class='hr-inner-style'><\/span><\/span><\/div><\/p>\n<div  class='av-social-sharing-box  avia-builder-el-7  el_after_av_hr  el_before_av_hr  '><div class='av-share-box'><h5 class='av-share-link-description av-no-toc '>Compartir esta noticia<\/h5><ul class='av-share-box-list noLightbox'><li class='av-share-link av-social-link-facebook' ><a target=\"_blank\" aria-label=\"Compartir en Facebook\" href='https:\/\/www.facebook.com\/sharer.php?u=https:\/\/radiorevelacionfm.cl\/?p=21585&#038;t=Empresas%20de%20turismo%20ser%C3%A1n%20fortalecidas%20de%20cara%20a%20la%20apertura%20de%20la%20temporada%20estival' aria-hidden='false' data-av_icon='\ue8f3' data-av_iconfont='entypo-fontello' title='' data-avia-related-tooltip='Compartir en Facebook' rel=\"noopener\"><span class='avia_hidden_link_text'>Compartir en Facebook<\/span><\/a><\/li><li class='av-share-link av-social-link-twitter' ><a target=\"_blank\" aria-label=\"Compartir en Twitter\" href='https:\/\/twitter.com\/share?text=Empresas%20de%20turismo%20ser%C3%A1n%20fortalecidas%20de%20cara%20a%20la%20apertura%20de%20la%20temporada%20estival&#038;url=https:\/\/radiorevelacionfm.cl\/?p=21585' aria-hidden='false' data-av_icon='\ue8f1' data-av_iconfont='entypo-fontello' title='' data-avia-related-tooltip='Compartir en Twitter' rel=\"noopener\"><span class='avia_hidden_link_text'>Compartir en Twitter<\/span><\/a><\/li><li class='av-share-link av-social-link-whatsapp' ><a target=\"_blank\" aria-label=\"Compartir en Whatsapp\" href='https:\/\/api.whatsapp.com\/send?text=https:\/\/radiorevelacionfm.cl\/?p=21585' aria-hidden='false' data-av_icon='\uf232' data-av_iconfont='entypo-fontello' title='' data-avia-related-tooltip='Compartir en Whatsapp' rel=\"noopener\"><span class='avia_hidden_link_text'>Compartir en Whatsapp<\/span><\/a><\/li><li class='av-share-link av-social-link-linkedin' ><a target=\"_blank\" aria-label=\"Compartir en LinkedIn\" href='https:\/\/linkedin.com\/shareArticle?mini=true&#038;title=Empresas%20de%20turismo%20ser%C3%A1n%20fortalecidas%20de%20cara%20a%20la%20apertura%20de%20la%20temporada%20estival&#038;url=https:\/\/radiorevelacionfm.cl\/?p=21585' aria-hidden='false' data-av_icon='\ue8fc' data-av_iconfont='entypo-fontello' title='' data-avia-related-tooltip='Compartir en LinkedIn' rel=\"noopener\"><span class='avia_hidden_link_text'>Compartir en LinkedIn<\/span><\/a><\/li><li class='av-share-link av-social-link-mail' ><a  aria-label=\"Compartir por correo\" href='mailto:?subject=Empresas%20de%20turismo%20ser%C3%A1n%20fortalecidas%20de%20cara%20a%20la%20apertura%20de%20la%20temporada%20estival&#038;body=https:\/\/radiorevelacionfm.cl\/?p=21585' aria-hidden='false' data-av_icon='\ue805' data-av_iconfont='entypo-fontello' title='' data-avia-related-tooltip='Compartir por correo'><span class='avia_hidden_link_text'>Compartir por correo<\/span><\/a><\/li><\/ul><\/div><\/div>\n<div  style='height:50px' class='hr hr-invisible   avia-builder-el-8  el_after_av_social_share  el_before_av_comments_list '><span class='hr-inner ' ><span class='hr-inner-style'><\/span><\/span><\/div>\n<div  class='av-buildercomment  av-blog-meta-html-info-disabled av-blog-meta-tag-disabled  '><\/div>\n","protected":false},"excerpt":{"rendered":"","protected":false},"author":1,"featured_media":21586,"comment_status":"open","ping_status":"open","sticky":false,"template":"","format":"standard","meta":{"footnotes":""},"categories":[54],"tags":[],"class_list":["post-21585","post","type-post","status-publish","format-standard","has-post-thumbnail","hentry","category-turismo"],"jetpack_featured_media_url":"https:\/\/radiorevelacionfm.cl\/wp-content\/uploads\/2022\/09\/turismo-222-2-2_optimized-2.jpg","_links":{"self":[{"href":"https:\/\/radiorevelacionfm.cl\/index.php?rest_route=\/wp\/v2\/posts\/21585","targetHints":{"allow":["GET"]}}],"collection":[{"href":"https:\/\/radiorevelacionfm.cl\/index.php?rest_route=\/wp\/v2\/posts"}],"about":[{"href":"https:\/\/radiorevelacionfm.cl\/index.php?rest_route=\/wp\/v2\/types\/post"}],"author":[{"embeddable":true,"href":"https:\/\/radiorevelacionfm.cl\/index.php?rest_route=\/wp\/v2\/users\/1"}],"replies":[{"embeddable":true,"href":"https:\/\/radiorevelacionfm.cl\/index.php?rest_route=%2Fwp%2Fv2%2Fcomments&post=21585"}],"version-history":[{"count":2,"href":"https:\/\/radiorevelacionfm.cl\/index.php?rest_route=\/wp\/v2\/posts\/21585\/revisions"}],"predecessor-version":[{"id":21615,"href":"https:\/\/radiorevelacionfm.cl\/index.php?rest_route=\/wp\/v2\/posts\/21585\/revisions\/21615"}],"wp:featuredmedia":[{"embeddable":true,"href":"https:\/\/radiorevelacionfm.cl\/index.php?rest_route=\/wp\/v2\/media\/21586"}],"wp:attachment":[{"href":"https:\/\/radiorevelacionfm.cl\/index.php?rest_route=%2Fwp%2Fv2%2Fmedia&parent=21585"}],"wp:term":[{"taxonomy":"category","embeddable":true,"href":"https:\/\/radiorevelacionfm.cl\/index.php?rest_route=%2Fwp%2Fv2%2Fcategories&post=21585"},{"taxonomy":"post_tag","embeddable":true,"href":"https:\/\/radiorevelacionfm.cl\/index.php?rest_route=%2Fwp%2Fv2%2Ftags&post=21585"}],"curies":[{"name":"wp","href":"https:\/\/api.w.org\/{rel}","templated":true}]}}