{"id":21581,"date":"2022-09-08T21:41:03","date_gmt":"2022-09-09T00:41:03","guid":{"rendered":"https:\/\/radiorevelacionfm.cl\/?p=21581"},"modified":"2022-09-08T21:41:03","modified_gmt":"2022-09-09T00:41:03","slug":"puerto-chacabuco-y-actores-del-turismo-local-preparan-temporada-de-cruceros-2022-2023","status":"publish","type":"post","link":"https:\/\/radiorevelacionfm.cl\/?p=21581","title":{"rendered":"Puerto Chacabuco y actores del turismo local preparan Temporada de Cruceros 2022-2023"},"content":{"rendered":"<div class=\"flex_column av_one_full  flex_column_div av-zero-column-padding first  avia-builder-el-0  el_before_av_one_full  avia-builder-el-first  \" style='border-radius:0px; '><div  class='avia-image-container  av-styling-    avia-builder-el-1  avia-builder-el-no-sibling  avia-align-center '  itemprop=\"image\" itemscope=\"itemscope\" itemtype=\"https:\/\/schema.org\/ImageObject\"  ><div class='avia-image-container-inner'><div class='avia-image-overlay-wrap'><img decoding=\"async\" class='wp-image-21582 avia-img-lazy-loading-not-21582 avia_image' src=\"https:\/\/radiorevelacionfm.cl\/wp-content\/uploads\/2022\/09\/crucero-emporcha-2-2_optimized-2.jpg\" alt='' title='crucero-emporcha-2-2_optimized-2' height=\"600\" width=\"957\"  itemprop=\"thumbnailUrl\" srcset=\"https:\/\/radiorevelacionfm.cl\/wp-content\/uploads\/2022\/09\/crucero-emporcha-2-2_optimized-2.jpg 957w, https:\/\/radiorevelacionfm.cl\/wp-content\/uploads\/2022\/09\/crucero-emporcha-2-2_optimized-2-300x188.jpg 300w, https:\/\/radiorevelacionfm.cl\/wp-content\/uploads\/2022\/09\/crucero-emporcha-2-2_optimized-2-768x482.jpg 768w, https:\/\/radiorevelacionfm.cl\/wp-content\/uploads\/2022\/09\/crucero-emporcha-2-2_optimized-2-705x442.jpg 705w, https:\/\/radiorevelacionfm.cl\/wp-content\/uploads\/2022\/09\/crucero-emporcha-2-2_optimized-2-600x376.jpg 600w\" sizes=\"(max-width: 957px) 100vw, 957px\" \/><\/div><\/div><\/div><\/div><div class=\"flex_column av_one_full  flex_column_div av-zero-column-padding first  avia-builder-el-2  el_after_av_one_full  el_before_av_one_full  column-top-margin\" style='border-radius:0px; '><section class=\"av_textblock_section \"  itemscope=\"itemscope\" itemtype=\"https:\/\/schema.org\/BlogPosting\" itemprop=\"blogPost\" ><div class='avia_textblock  '   itemprop=\"text\" ><p class=\"v1Marcelo\" align=\"center\"><span style=\"font-size: 18pt;\"><b>Puerto Chacabuco y actores del turismo local preparan Temporada de Cruceros 2022-2023 <\/b><\/span><\/p>\n<div id=\"gtx-trans\" style=\"position: absolute; left: -50px; top: 4.31534px;\">\n<div class=\"gtx-trans-icon\"><\/div>\n<\/div>\n<\/div><\/section><\/div><div class=\"flex_column av_one_full  flex_column_div av-zero-column-padding first  avia-builder-el-4  el_after_av_one_full  el_before_av_hr  column-top-margin\" style='border-radius:0px; '><section class=\"av_textblock_section \"  itemscope=\"itemscope\" itemtype=\"https:\/\/schema.org\/BlogPosting\" itemprop=\"blogPost\" ><div class='avia_textblock  '   itemprop=\"text\" ><p class=\"v1Marcelo\" style=\"text-align: justify;\">Una reuni\u00f3n clave de cara a lo que ser\u00e1 la Temporada de Cruceros 2022-2023 en Puerto Chacabuco, sostuvieron representantes de Emporcha junto a autoridades y l\u00edderes de diversas agrupaciones de la ciudad.<\/p>\n<p class=\"v1Marcelo\" style=\"text-align: justify;\">Encabezada por Patricio Bast\u00edas, director de Sernatur Regi\u00f3n de Ays\u00e9n, y con participaci\u00f3n del presidente del directorio de Puerto Chacabuco, Enrique Runin, y de la gerenta general (i) Jovita Ulloa, la cita adem\u00e1s convoc\u00f3 a funcionarios de Conaf, transportistas, agrupaciones de artesanos, C\u00e1mara de Comercio, el municipio de Puerto Ays\u00e9n y otros actores relacionados con la atenci\u00f3n tur\u00edstica en la zona.<\/p>\n<p class=\"v1Marcelo\" style=\"text-align: justify;\">Ello con el prop\u00f3sito de conocer las distintas acciones de coordinaci\u00f3n, seguridad y promoci\u00f3n de los destinos tur\u00edsticos locales, y desarrollar oportunamente estrategias que aseguren la mejor atenci\u00f3n posible para los miles de turistas que arribar\u00e1n en los trasatl\u00e1nticos a la regi\u00f3n.<\/p>\n<p class=\"v1Marcelo\" style=\"text-align: justify;\">\u00abNos correspondi\u00f3 dar a conocer los distintos preparativos, desde el punto de vista log\u00edstico y de coordinaci\u00f3n, que la Empresa Portuaria Chacabuco realizar\u00e1 para recibir a los turistas que usar\u00e1n nuestras instalaciones en las distintas recaladas que hasta ahora est\u00e1n programadas para la temporada\u00bb, detall\u00f3 Jovita Ulloa, la gerenta general (i) de la portuaria estatal.<\/p>\n<p class=\"v1Marcelo\" style=\"text-align: justify;\">Seg\u00fan la ejecutiva, este tipo de reuniones permite \u00abmejorar de forma dialogante y en colaboraci\u00f3n los servicios que prestamos las distintas instituciones involucradas a los turistas que recorren la ciudad. Queremos que se vayan contentos y bien atendidos, y que en definitiva ellos recuerden como una excelente experiencia su paso por la Regi\u00f3n de Ays\u00e9n\u00bb, a\u00f1adi\u00f3.<\/p>\n<p class=\"v1Marcelo\" style=\"text-align: justify;\">La Regi\u00f3n de Ays\u00e9n recibir\u00e1 cerca de 28 mil visitantes que llegar\u00e1n a bordo de las naves de cruceros, de las cuales unos 11.500 se atender\u00e1n en las instalaciones de Emporcha. Ser\u00e1n 9 de las 18 recaladas anunciadas para este ciclo tur\u00edstico las que arribar\u00e1n a los muelles de la compa\u00f1\u00eda portuaria estatal.<\/p>\n<p class=\"v1Marcelo\" style=\"text-align: justify;\">La Temporada de Cruceros 2022-2023 de Puerto Chacabuco se iniciar\u00e1 formalmente el pr\u00f3ximo lunes 28 de noviembre cuando recale en infraestructura de Emporcha la nave \u00abSeven Seas Mariner\u00bb, de 216 metros de eslora, operado por la l\u00ednea Regent Seven Seas Cruises.<\/p>\n<\/div><\/section><\/div><div  style='height:50px' class='hr hr-invisible   avia-builder-el-6  el_after_av_one_full  el_before_av_social_share '><span class='hr-inner ' ><span class='hr-inner-style'><\/span><\/span><\/div><\/p>\n<div  class='av-social-sharing-box  avia-builder-el-7  el_after_av_hr  el_before_av_hr  '><div class='av-share-box'><h5 class='av-share-link-description av-no-toc '>Compartir esta noticia<\/h5><ul class='av-share-box-list noLightbox'><li class='av-share-link av-social-link-facebook' ><a target=\"_blank\" aria-label=\"Compartir en Facebook\" href='https:\/\/www.facebook.com\/sharer.php?u=https:\/\/radiorevelacionfm.cl\/?p=21581&#038;t=Puerto%20Chacabuco%20y%20actores%20del%20turismo%20local%20preparan%20Temporada%20de%20Cruceros%202022-2023' aria-hidden='false' data-av_icon='\ue8f3' data-av_iconfont='entypo-fontello' title='' data-avia-related-tooltip='Compartir en Facebook' rel=\"noopener\"><span class='avia_hidden_link_text'>Compartir en Facebook<\/span><\/a><\/li><li class='av-share-link av-social-link-twitter' ><a target=\"_blank\" aria-label=\"Compartir en Twitter\" href='https:\/\/twitter.com\/share?text=Puerto%20Chacabuco%20y%20actores%20del%20turismo%20local%20preparan%20Temporada%20de%20Cruceros%202022-2023&#038;url=https:\/\/radiorevelacionfm.cl\/?p=21581' aria-hidden='false' data-av_icon='\ue8f1' data-av_iconfont='entypo-fontello' title='' data-avia-related-tooltip='Compartir en Twitter' rel=\"noopener\"><span class='avia_hidden_link_text'>Compartir en Twitter<\/span><\/a><\/li><li class='av-share-link av-social-link-whatsapp' ><a target=\"_blank\" aria-label=\"Compartir en Whatsapp\" href='https:\/\/api.whatsapp.com\/send?text=https:\/\/radiorevelacionfm.cl\/?p=21581' aria-hidden='false' data-av_icon='\uf232' data-av_iconfont='entypo-fontello' title='' data-avia-related-tooltip='Compartir en Whatsapp' rel=\"noopener\"><span class='avia_hidden_link_text'>Compartir en Whatsapp<\/span><\/a><\/li><li class='av-share-link av-social-link-linkedin' ><a target=\"_blank\" aria-label=\"Compartir en LinkedIn\" href='https:\/\/linkedin.com\/shareArticle?mini=true&#038;title=Puerto%20Chacabuco%20y%20actores%20del%20turismo%20local%20preparan%20Temporada%20de%20Cruceros%202022-2023&#038;url=https:\/\/radiorevelacionfm.cl\/?p=21581' aria-hidden='false' data-av_icon='\ue8fc' data-av_iconfont='entypo-fontello' title='' data-avia-related-tooltip='Compartir en LinkedIn' rel=\"noopener\"><span class='avia_hidden_link_text'>Compartir en LinkedIn<\/span><\/a><\/li><li class='av-share-link av-social-link-mail' ><a  aria-label=\"Compartir por correo\" href='mailto:?subject=Puerto%20Chacabuco%20y%20actores%20del%20turismo%20local%20preparan%20Temporada%20de%20Cruceros%202022-2023&#038;body=https:\/\/radiorevelacionfm.cl\/?p=21581' aria-hidden='false' data-av_icon='\ue805' data-av_iconfont='entypo-fontello' title='' data-avia-related-tooltip='Compartir por correo'><span class='avia_hidden_link_text'>Compartir por correo<\/span><\/a><\/li><\/ul><\/div><\/div>\n<div  style='height:50px' class='hr hr-invisible   avia-builder-el-8  el_after_av_social_share  el_before_av_comments_list '><span class='hr-inner ' ><span class='hr-inner-style'><\/span><\/span><\/div>\n<div  class='av-buildercomment  av-blog-meta-html-info-disabled av-blog-meta-tag-disabled  '><\/div>\n","protected":false},"excerpt":{"rendered":"","protected":false},"author":1,"featured_media":21582,"comment_status":"open","ping_status":"open","sticky":false,"template":"","format":"standard","meta":{"footnotes":""},"categories":[54],"tags":[],"class_list":["post-21581","post","type-post","status-publish","format-standard","has-post-thumbnail","hentry","category-turismo"],"jetpack_featured_media_url":"https:\/\/radiorevelacionfm.cl\/wp-content\/uploads\/2022\/09\/crucero-emporcha-2-2_optimized-2.jpg","_links":{"self":[{"href":"https:\/\/radiorevelacionfm.cl\/index.php?rest_route=\/wp\/v2\/posts\/21581","targetHints":{"allow":["GET"]}}],"collection":[{"href":"https:\/\/radiorevelacionfm.cl\/index.php?rest_route=\/wp\/v2\/posts"}],"about":[{"href":"https:\/\/radiorevelacionfm.cl\/index.php?rest_route=\/wp\/v2\/types\/post"}],"author":[{"embeddable":true,"href":"https:\/\/radiorevelacionfm.cl\/index.php?rest_route=\/wp\/v2\/users\/1"}],"replies":[{"embeddable":true,"href":"https:\/\/radiorevelacionfm.cl\/index.php?rest_route=%2Fwp%2Fv2%2Fcomments&post=21581"}],"version-history":[{"count":2,"href":"https:\/\/radiorevelacionfm.cl\/index.php?rest_route=\/wp\/v2\/posts\/21581\/revisions"}],"predecessor-version":[{"id":21584,"href":"https:\/\/radiorevelacionfm.cl\/index.php?rest_route=\/wp\/v2\/posts\/21581\/revisions\/21584"}],"wp:featuredmedia":[{"embeddable":true,"href":"https:\/\/radiorevelacionfm.cl\/index.php?rest_route=\/wp\/v2\/media\/21582"}],"wp:attachment":[{"href":"https:\/\/radiorevelacionfm.cl\/index.php?rest_route=%2Fwp%2Fv2%2Fmedia&parent=21581"}],"wp:term":[{"taxonomy":"category","embeddable":true,"href":"https:\/\/radiorevelacionfm.cl\/index.php?rest_route=%2Fwp%2Fv2%2Fcategories&post=21581"},{"taxonomy":"post_tag","embeddable":true,"href":"https:\/\/radiorevelacionfm.cl\/index.php?rest_route=%2Fwp%2Fv2%2Ftags&post=21581"}],"curies":[{"name":"wp","href":"https:\/\/api.w.org\/{rel}","templated":true}]}}