{"id":21575,"date":"2022-09-08T20:37:22","date_gmt":"2022-09-08T23:37:22","guid":{"rendered":"https:\/\/radiorevelacionfm.cl\/?p=21575"},"modified":"2022-09-08T20:37:22","modified_gmt":"2022-09-08T23:37:22","slug":"en-aysen-desarrollan-inedita-campana-para-reunir-dispositivos-de-ayuda-en-favor-de-personas-con-discapacidad","status":"publish","type":"post","link":"https:\/\/radiorevelacionfm.cl\/?p=21575","title":{"rendered":"En Ays\u00e9n desarrollan in\u00e9dita campa\u00f1a para reunir dispositivos de ayuda en favor de personas con discapacidad"},"content":{"rendered":"<div class=\"flex_column av_one_full  flex_column_div av-zero-column-padding first  avia-builder-el-0  el_before_av_one_full  avia-builder-el-first  \" style='border-radius:0px; '><div  class='avia-image-container  av-styling-    avia-builder-el-1  avia-builder-el-no-sibling  avia-align-center '  itemprop=\"image\" itemscope=\"itemscope\" itemtype=\"https:\/\/schema.org\/ImageObject\"  ><div class='avia-image-container-inner'><div class='avia-image-overlay-wrap'><img decoding=\"async\" class='wp-image-21577 avia-img-lazy-loading-not-21577 avia_image' src=\"https:\/\/radiorevelacionfm.cl\/wp-content\/uploads\/2022\/09\/banco-de-ayudas-1080x1350-2.jpg\" alt='' title='banco-de-ayudas - 1080x1350-2' height=\"600\" width=\"480\"  itemprop=\"thumbnailUrl\" srcset=\"https:\/\/radiorevelacionfm.cl\/wp-content\/uploads\/2022\/09\/banco-de-ayudas-1080x1350-2.jpg 480w, https:\/\/radiorevelacionfm.cl\/wp-content\/uploads\/2022\/09\/banco-de-ayudas-1080x1350-2-240x300.jpg 240w\" sizes=\"(max-width: 480px) 100vw, 480px\" \/><\/div><\/div><\/div><\/div><div class=\"flex_column av_one_full  flex_column_div av-zero-column-padding first  avia-builder-el-2  el_after_av_one_full  el_before_av_one_full  column-top-margin\" style='border-radius:0px; '><section class=\"av_textblock_section \"  itemscope=\"itemscope\" itemtype=\"https:\/\/schema.org\/BlogPosting\" itemprop=\"blogPost\" ><div class='avia_textblock  '   itemprop=\"text\" ><p style=\"text-align: center;\"><strong><span style=\"font-size: 18pt;\">En Ays\u00e9n desarrollan in\u00e9dita campa\u00f1a para reunir dispositivos de ayuda en favor de personas con discapacidad<\/span><\/strong><\/p>\n<div id=\"gtx-trans\" style=\"position: absolute; left: -50px; top: 4.31534px;\">\n<div class=\"gtx-trans-icon\"><\/div>\n<\/div>\n<\/div><\/section><\/div><div class=\"flex_column av_one_full  flex_column_div av-zero-column-padding first  avia-builder-el-4  el_after_av_one_full  el_before_av_hr  column-top-margin\" style='border-radius:0px; '><section class=\"av_textblock_section \"  itemscope=\"itemscope\" itemtype=\"https:\/\/schema.org\/BlogPosting\" itemprop=\"blogPost\" ><div class='avia_textblock  '   itemprop=\"text\" ><p style=\"text-align: justify;\">\u201cBanco de Ayudas T\u00e9cnicas\u201d es el nombre que posee esta iniciativa que pretender otorgar por medio de un comodato, una nueva vida \u00fatil a los dispositivos de ayuda que actualmente se encuentran en los hogares ayseninos. Esto con el fin de contribuir con quienes presentan alg\u00fan grado de discapacidad f\u00edsica y no cuentan con los medios econ\u00f3micos necesarios para adquirir uno. Los equipos ser\u00e1n recepcionados en la Direcci\u00f3n de Desarrollo Comunitario del municipio porte\u00f1o por la Oficina del Adulto Mayor y la Discapacidad. Sillas de bastones, aud\u00edfonos, camas cl\u00ednicas, entre otros pueden ser aportados.<\/p>\n<p style=\"text-align: justify;\">Al respecto, Soledad Millatureo una de las profesionales que desempe\u00f1a labores en la Oficina del Adulto Mayor y Discapacidad, junto con explicar la iniciativa y sus alcances indic\u00f3 que, para quienes desean optar por una de estas ayudas \u201cdeben presentar un documento m\u00e9dico que acredite discapacidad o bien, quien cuente con su credencial de discapacidad, adem\u00e1s de encontrarse en un m\u00e1ximo del 80% de vulnerabilidad en el Registro Social de Hogares. Adem\u00e1s, la profesional a\u00f1adi\u00f3 que los dispositivos aportados ser\u00e1n revisados, por lo que la invitaci\u00f3n, es a efectuar este acto altruista en un comodato que brindar\u00e1 seguridad tanto para quienes las reciben como quienes deseen entregar estos admin\u00edculos.<\/p>\n<p style=\"text-align: justify;\">En tanto, la encargada de la iniciativa, Ruth Navarro coment\u00f3 que, \u201ceste proyecto consta en entregar tres productos de comienzo, un servicio de apoyos domiciliarios, un radar, que es una red de apoyo comunitario para Personas Mayores y el \u00faltimo producto es gestionar un Banco de Ayudas T\u00e9cnicas y en este \u00faltimo es donde queremos hacer part\u00edcipes a la comunidad donde ellos puedan venir a donar, ayudas t\u00e9cnicas en buen estado o en desuso. Las ayudas bajo un criterio despu\u00e9s van a ir a otra persona beneficiaria que la necesita. La idea es que este Banco se gestione durante el tiempo y que funcione para este proyecto y tambi\u00e9n para la Oficina\u201d.<\/p>\n<p style=\"text-align: justify;\">Para mayor informaci\u00f3n, la comunidad puede acercarse hasta la Direcci\u00f3n de Desarrollo Comunitario en la cual se encuentra la Oficina de Adulto Mayor y Discapacidad en calle Teniente Merino #630 de Puerto Ays\u00e9n o llamando al n\u00famero de tel\u00e9fono 672336560 anexo 232.<\/p>\n<\/div><\/section><\/div><div  style='height:50px' class='hr hr-invisible   avia-builder-el-6  el_after_av_one_full  el_before_av_social_share '><span class='hr-inner ' ><span class='hr-inner-style'><\/span><\/span><\/div><\/p>\n<div  class='av-social-sharing-box  avia-builder-el-7  el_after_av_hr  el_before_av_hr  '><div class='av-share-box'><h5 class='av-share-link-description av-no-toc '>Compartir esta noticia<\/h5><ul class='av-share-box-list noLightbox'><li class='av-share-link av-social-link-facebook' ><a target=\"_blank\" aria-label=\"Compartir en Facebook\" href='https:\/\/www.facebook.com\/sharer.php?u=https:\/\/radiorevelacionfm.cl\/?p=21575&#038;t=En%20Ays%C3%A9n%20desarrollan%20in%C3%A9dita%20campa%C3%B1a%20para%20reunir%20dispositivos%20de%20ayuda%20en%20favor%20de%20personas%20con%20discapacidad' aria-hidden='false' data-av_icon='\ue8f3' data-av_iconfont='entypo-fontello' title='' data-avia-related-tooltip='Compartir en Facebook' rel=\"noopener\"><span class='avia_hidden_link_text'>Compartir en Facebook<\/span><\/a><\/li><li class='av-share-link av-social-link-twitter' ><a target=\"_blank\" aria-label=\"Compartir en Twitter\" href='https:\/\/twitter.com\/share?text=En%20Ays%C3%A9n%20desarrollan%20in%C3%A9dita%20campa%C3%B1a%20para%20reunir%20dispositivos%20de%20ayuda%20en%20favor%20de%20personas%20con%20discapacidad&#038;url=https:\/\/radiorevelacionfm.cl\/?p=21575' aria-hidden='false' data-av_icon='\ue8f1' data-av_iconfont='entypo-fontello' title='' data-avia-related-tooltip='Compartir en Twitter' rel=\"noopener\"><span class='avia_hidden_link_text'>Compartir en Twitter<\/span><\/a><\/li><li class='av-share-link av-social-link-whatsapp' ><a target=\"_blank\" aria-label=\"Compartir en Whatsapp\" href='https:\/\/api.whatsapp.com\/send?text=https:\/\/radiorevelacionfm.cl\/?p=21575' aria-hidden='false' data-av_icon='\uf232' data-av_iconfont='entypo-fontello' title='' data-avia-related-tooltip='Compartir en Whatsapp' rel=\"noopener\"><span class='avia_hidden_link_text'>Compartir en Whatsapp<\/span><\/a><\/li><li class='av-share-link av-social-link-linkedin' ><a target=\"_blank\" aria-label=\"Compartir en LinkedIn\" href='https:\/\/linkedin.com\/shareArticle?mini=true&#038;title=En%20Ays%C3%A9n%20desarrollan%20in%C3%A9dita%20campa%C3%B1a%20para%20reunir%20dispositivos%20de%20ayuda%20en%20favor%20de%20personas%20con%20discapacidad&#038;url=https:\/\/radiorevelacionfm.cl\/?p=21575' aria-hidden='false' data-av_icon='\ue8fc' data-av_iconfont='entypo-fontello' title='' data-avia-related-tooltip='Compartir en LinkedIn' rel=\"noopener\"><span class='avia_hidden_link_text'>Compartir en LinkedIn<\/span><\/a><\/li><li class='av-share-link av-social-link-mail' ><a  aria-label=\"Compartir por correo\" href='mailto:?subject=En%20Ays%C3%A9n%20desarrollan%20in%C3%A9dita%20campa%C3%B1a%20para%20reunir%20dispositivos%20de%20ayuda%20en%20favor%20de%20personas%20con%20discapacidad&#038;body=https:\/\/radiorevelacionfm.cl\/?p=21575' aria-hidden='false' data-av_icon='\ue805' data-av_iconfont='entypo-fontello' title='' data-avia-related-tooltip='Compartir por correo'><span class='avia_hidden_link_text'>Compartir por correo<\/span><\/a><\/li><\/ul><\/div><\/div>\n<div  style='height:50px' class='hr hr-invisible   avia-builder-el-8  el_after_av_social_share  el_before_av_comments_list '><span class='hr-inner ' ><span class='hr-inner-style'><\/span><\/span><\/div>\n<div  class='av-buildercomment  av-blog-meta-html-info-disabled av-blog-meta-tag-disabled  '><\/div>\n","protected":false},"excerpt":{"rendered":"","protected":false},"author":1,"featured_media":21576,"comment_status":"open","ping_status":"open","sticky":false,"template":"","format":"standard","meta":{"footnotes":""},"categories":[38],"tags":[],"class_list":["post-21575","post","type-post","status-publish","format-standard","has-post-thumbnail","hentry","category-regional"],"jetpack_featured_media_url":"https:\/\/radiorevelacionfm.cl\/wp-content\/uploads\/2022\/09\/image-105-2_optimized.jpg","_links":{"self":[{"href":"https:\/\/radiorevelacionfm.cl\/index.php?rest_route=\/wp\/v2\/posts\/21575","targetHints":{"allow":["GET"]}}],"collection":[{"href":"https:\/\/radiorevelacionfm.cl\/index.php?rest_route=\/wp\/v2\/posts"}],"about":[{"href":"https:\/\/radiorevelacionfm.cl\/index.php?rest_route=\/wp\/v2\/types\/post"}],"author":[{"embeddable":true,"href":"https:\/\/radiorevelacionfm.cl\/index.php?rest_route=\/wp\/v2\/users\/1"}],"replies":[{"embeddable":true,"href":"https:\/\/radiorevelacionfm.cl\/index.php?rest_route=%2Fwp%2Fv2%2Fcomments&post=21575"}],"version-history":[{"count":2,"href":"https:\/\/radiorevelacionfm.cl\/index.php?rest_route=\/wp\/v2\/posts\/21575\/revisions"}],"predecessor-version":[{"id":21579,"href":"https:\/\/radiorevelacionfm.cl\/index.php?rest_route=\/wp\/v2\/posts\/21575\/revisions\/21579"}],"wp:featuredmedia":[{"embeddable":true,"href":"https:\/\/radiorevelacionfm.cl\/index.php?rest_route=\/wp\/v2\/media\/21576"}],"wp:attachment":[{"href":"https:\/\/radiorevelacionfm.cl\/index.php?rest_route=%2Fwp%2Fv2%2Fmedia&parent=21575"}],"wp:term":[{"taxonomy":"category","embeddable":true,"href":"https:\/\/radiorevelacionfm.cl\/index.php?rest_route=%2Fwp%2Fv2%2Fcategories&post=21575"},{"taxonomy":"post_tag","embeddable":true,"href":"https:\/\/radiorevelacionfm.cl\/index.php?rest_route=%2Fwp%2Fv2%2Ftags&post=21575"}],"curies":[{"name":"wp","href":"https:\/\/api.w.org\/{rel}","templated":true}]}}