{"id":21571,"date":"2022-09-08T20:01:58","date_gmt":"2022-09-08T23:01:58","guid":{"rendered":"https:\/\/radiorevelacionfm.cl\/?p=21571"},"modified":"2022-09-08T20:01:58","modified_gmt":"2022-09-08T23:01:58","slug":"desabastecimiento-y-muerte-de-ganado-mas-de-dos-meses-de-desconectividad-lacustre-impactan-gravemente-a-habitantes-del-sector-el-avellano","status":"publish","type":"post","link":"https:\/\/radiorevelacionfm.cl\/?p=21571","title":{"rendered":"Desabastecimiento y muerte de ganado: M\u00e1s de dos meses de desconectividad lacustre impactan gravemente a habitantes del sector El Avellano"},"content":{"rendered":"<div class=\"flex_column av_one_full  flex_column_div av-zero-column-padding first  avia-builder-el-0  el_before_av_one_full  avia-builder-el-first  \" style='border-radius:0px; '><div  class='avia-image-container  av-styling-    avia-builder-el-1  avia-builder-el-no-sibling  avia-align-center '  itemprop=\"image\" itemscope=\"itemscope\" itemtype=\"https:\/\/schema.org\/ImageObject\"  ><div class='avia-image-container-inner'><div class='avia-image-overlay-wrap'><img decoding=\"async\" class='wp-image-21572 avia-img-lazy-loading-not-21572 avia_image' src=\"https:\/\/radiorevelacionfm.cl\/wp-content\/uploads\/2022\/09\/image-104-2.jpg\" alt='' title='image-104-2' height=\"600\" width=\"807\"  itemprop=\"thumbnailUrl\" srcset=\"https:\/\/radiorevelacionfm.cl\/wp-content\/uploads\/2022\/09\/image-104-2.jpg 807w, https:\/\/radiorevelacionfm.cl\/wp-content\/uploads\/2022\/09\/image-104-2-300x223.jpg 300w, https:\/\/radiorevelacionfm.cl\/wp-content\/uploads\/2022\/09\/image-104-2-768x571.jpg 768w, https:\/\/radiorevelacionfm.cl\/wp-content\/uploads\/2022\/09\/image-104-2-705x524.jpg 705w, https:\/\/radiorevelacionfm.cl\/wp-content\/uploads\/2022\/09\/image-104-2-600x446.jpg 600w\" sizes=\"(max-width: 807px) 100vw, 807px\" \/><\/div><\/div><\/div><\/div><div class=\"flex_column av_one_full  flex_column_div av-zero-column-padding first  avia-builder-el-2  el_after_av_one_full  el_before_av_one_full  column-top-margin\" style='border-radius:0px; '><section class=\"av_textblock_section \"  itemscope=\"itemscope\" itemtype=\"https:\/\/schema.org\/BlogPosting\" itemprop=\"blogPost\" ><div class='avia_textblock  '   itemprop=\"text\" ><p style=\"text-align: center;\"><span style=\"font-size: 18pt;\"><strong>Desabastecimiento y muerte de ganado: M\u00e1s de dos meses de desconectividad lacustre impactan gravemente a habitantes del sector El Avellano<\/strong><\/span><\/p>\n<div id=\"gtx-trans\" style=\"position: absolute; left: -50px; top: 4.31534px;\">\n<div class=\"gtx-trans-icon\"><\/div>\n<\/div>\n<\/div><\/section><\/div><div class=\"flex_column av_one_full  flex_column_div av-zero-column-padding first  avia-builder-el-4  el_after_av_one_full  el_before_av_hr  column-top-margin\" style='border-radius:0px; '><section class=\"av_textblock_section \"  itemscope=\"itemscope\" itemtype=\"https:\/\/schema.org\/BlogPosting\" itemprop=\"blogPost\" ><div class='avia_textblock  '   itemprop=\"text\" ><p style=\"text-align: justify;\">R\u00edo Ib\u00e1\u00f1ez\u2014 \u201cSi no hay barcaza y no hay nada, tenemos que dejar morir a los animales nom\u00e1s. Algunos sobrevivir\u00e1n, otros morir\u00e1n\u201d, esta es una de las pocas certezas con las que cuenta Juan Villagr\u00e1n, campesino del sector El Avellano, zona que se ha visto fuertemente afectado por la desconectividad lacustre del Lago General Carrera, producto de las constantes fallas motoras de las barcazas.<\/p>\n<p style=\"text-align: justify;\">Algunos de los grandes afectados por la desconectividad lacustre del Lago General Carrera, son las familias campesinas del Sector el Avellano, quienes actualmente se encuentran observando como lentamente muere su ganado por falta de alimento, dado que no han podido trasladar forraje en la barcaza hasta sus campos.<\/p>\n<p style=\"text-align: justify;\">\u201cHoy en d\u00eda los vecinos del sector se demoran 10 horas a caballo para llegar al asentamiento m\u00e1s cercano, que es la Pen\u00ednsula de Levican, sin embargo, por las malas condiciones clim\u00e1ticas estos caminos se cortaron (\u2026) Mi pap\u00e1, al igual que los otros pobladores han tenido que racionar hasta lo que ellos mismos comen\u201d, as\u00ed describe la situaci\u00f3n Agnny D\u00edaz Galindo, hija de uno de los pobladores del sector.<\/p>\n<p style=\"text-align: justify;\">Julio Villagr\u00e1n, campesino del sector El Avellano, declara que \u201cen octubre se viene el problema, los animales caen y ya no se paran.\u00a0 Como dice el dicho en invierno enflaquece y la primavera mata, se vienen las pariciones y los animales no tienen para comer\u201d.<\/p>\n<p style=\"text-align: justify;\">Actualmente, se encuentra operativa solo una barcaza de tres, cuya funci\u00f3n es trasladar a pasajeros entre Puerto Ingeniero Ib\u00e1\u00f1ez y Chile Chico, comunidades que tambi\u00e9n enfrentaron una conectividad inestable durante casi un a\u00f1o, sin embargo, las familias del sector El Avellano hasta la fecha no han obtenido respuestas.<\/p>\n<p style=\"text-align: justify;\">El alcalde de la comuna de R\u00edo Ib\u00e1\u00f1ez, Marcelo Santana Vargas, se pronunci\u00f3 al respecto, \u201cestoy muy preocupado, hace tiempo no ten\u00edamos una situaci\u00f3n tan cr\u00edtica de abastecimiento (\u2026) sector rural de nuestra comuna y que no ha tenido conectividad durante los \u00faltimos meses. Exigimos que nos puedan dar una respuesta r\u00e1pida a trav\u00e9s del Ministerio del Interior con respecto a los viajes al sector El Avellano, que ya no se requieren r\u00e1pido, sino con urgencia para poder dar respuesta a los vecinos\u201d afirma.<\/p>\n<p style=\"text-align: justify;\">Existen cerca de 100 sacos de forraje almacenadas en las bodegas de INDAP como apoyo de alimento para ganado, los cuales se mantienen acopiados esperando a ser enviados lo antes posible.<\/p>\n<p style=\"text-align: justify;\">Lilian Inostroza Parra, concejera regional por la provincia General Carrera, se\u00f1ala que \u201cdesde hace m\u00e1s de un mes se ha informado a la Seremi de Transporte y Telecomunicaciones, Claudia Cantero y al Delegado Presidencial Regional, Rodrigo Araya; poniendo en conocimiento y dando \u00e9nfasis a la situaci\u00f3n ganadera que hoy en d\u00eda viven los vecinos del sector El Avellano\u201d, una realidad que se agrava con el pasar de los d\u00edas.<\/p>\n<p style=\"text-align: justify;\">A este llamado se suma el concejal de la comuna de R\u00edo Ib\u00e1\u00f1ez, Juan Saldivia, \u201cel llamado que queremos hacer es a la Delegaci\u00f3n Provincial, a la Delegaci\u00f3n Presidencial Regional, para que tomen cartas en el asunto y que apuren los contratos pendientes con la empresa Somarco\u201d.<\/p>\n<p style=\"text-align: justify;\">La nieve, rodados y mal clima, impide el paso de veh\u00edculos, maquinaria e incluso caballos hasta el sector, por esta raz\u00f3n las familias se encuentran en manos de la voluntad pol\u00edtica o de la decisi\u00f3n de la concesionaria Somarco, para facilitar un viaje hasta El Avellano. El tiempo corre en contra y lo que comenz\u00f3 como una urgencia actualmente es una necesidad vital.<\/p>\n<\/div><\/section><\/div><div  style='height:50px' class='hr hr-invisible   avia-builder-el-6  el_after_av_one_full  el_before_av_social_share '><span class='hr-inner ' ><span class='hr-inner-style'><\/span><\/span><\/div><\/p>\n<div  class='av-social-sharing-box  avia-builder-el-7  el_after_av_hr  el_before_av_hr  '><div class='av-share-box'><h5 class='av-share-link-description av-no-toc '>Compartir esta noticia<\/h5><ul class='av-share-box-list noLightbox'><li class='av-share-link av-social-link-facebook' ><a target=\"_blank\" aria-label=\"Compartir en Facebook\" href='https:\/\/www.facebook.com\/sharer.php?u=https:\/\/radiorevelacionfm.cl\/?p=21571&#038;t=Desabastecimiento%20y%20muerte%20de%20ganado%3A%20M%C3%A1s%20de%20dos%20meses%20de%20desconectividad%20lacustre%20impactan%20gravemente%20a%20habitantes%20del%20sector%20El%20Avellano' aria-hidden='false' data-av_icon='\ue8f3' data-av_iconfont='entypo-fontello' title='' data-avia-related-tooltip='Compartir en Facebook' rel=\"noopener\"><span class='avia_hidden_link_text'>Compartir en Facebook<\/span><\/a><\/li><li class='av-share-link av-social-link-twitter' ><a target=\"_blank\" aria-label=\"Compartir en Twitter\" href='https:\/\/twitter.com\/share?text=Desabastecimiento%20y%20muerte%20de%20ganado%3A%20M%C3%A1s%20de%20dos%20meses%20de%20desconectividad%20lacustre%20impactan%20gravemente%20a%20habitantes%20del%20sector%20El%20Avellano&#038;url=https:\/\/radiorevelacionfm.cl\/?p=21571' aria-hidden='false' data-av_icon='\ue8f1' data-av_iconfont='entypo-fontello' title='' data-avia-related-tooltip='Compartir en Twitter' rel=\"noopener\"><span class='avia_hidden_link_text'>Compartir en Twitter<\/span><\/a><\/li><li class='av-share-link av-social-link-whatsapp' ><a target=\"_blank\" aria-label=\"Compartir en Whatsapp\" href='https:\/\/api.whatsapp.com\/send?text=https:\/\/radiorevelacionfm.cl\/?p=21571' aria-hidden='false' data-av_icon='\uf232' data-av_iconfont='entypo-fontello' title='' data-avia-related-tooltip='Compartir en Whatsapp' rel=\"noopener\"><span class='avia_hidden_link_text'>Compartir en Whatsapp<\/span><\/a><\/li><li class='av-share-link av-social-link-linkedin' ><a target=\"_blank\" aria-label=\"Compartir en LinkedIn\" href='https:\/\/linkedin.com\/shareArticle?mini=true&#038;title=Desabastecimiento%20y%20muerte%20de%20ganado%3A%20M%C3%A1s%20de%20dos%20meses%20de%20desconectividad%20lacustre%20impactan%20gravemente%20a%20habitantes%20del%20sector%20El%20Avellano&#038;url=https:\/\/radiorevelacionfm.cl\/?p=21571' aria-hidden='false' data-av_icon='\ue8fc' data-av_iconfont='entypo-fontello' title='' data-avia-related-tooltip='Compartir en LinkedIn' rel=\"noopener\"><span class='avia_hidden_link_text'>Compartir en LinkedIn<\/span><\/a><\/li><li class='av-share-link av-social-link-mail' ><a  aria-label=\"Compartir por correo\" href='mailto:?subject=Desabastecimiento%20y%20muerte%20de%20ganado%3A%20M%C3%A1s%20de%20dos%20meses%20de%20desconectividad%20lacustre%20impactan%20gravemente%20a%20habitantes%20del%20sector%20El%20Avellano&#038;body=https:\/\/radiorevelacionfm.cl\/?p=21571' aria-hidden='false' data-av_icon='\ue805' data-av_iconfont='entypo-fontello' title='' data-avia-related-tooltip='Compartir por correo'><span class='avia_hidden_link_text'>Compartir por correo<\/span><\/a><\/li><\/ul><\/div><\/div>\n<div  style='height:50px' class='hr hr-invisible   avia-builder-el-8  el_after_av_social_share  el_before_av_comments_list '><span class='hr-inner ' ><span class='hr-inner-style'><\/span><\/span><\/div>\n<div  class='av-buildercomment  av-blog-meta-html-info-disabled av-blog-meta-tag-disabled  '><\/div>\n","protected":false},"excerpt":{"rendered":"","protected":false},"author":1,"featured_media":21572,"comment_status":"open","ping_status":"open","sticky":false,"template":"","format":"standard","meta":{"footnotes":""},"categories":[38],"tags":[],"class_list":["post-21571","post","type-post","status-publish","format-standard","has-post-thumbnail","hentry","category-regional"],"jetpack_featured_media_url":"https:\/\/radiorevelacionfm.cl\/wp-content\/uploads\/2022\/09\/image-104-2.jpg","_links":{"self":[{"href":"https:\/\/radiorevelacionfm.cl\/index.php?rest_route=\/wp\/v2\/posts\/21571","targetHints":{"allow":["GET"]}}],"collection":[{"href":"https:\/\/radiorevelacionfm.cl\/index.php?rest_route=\/wp\/v2\/posts"}],"about":[{"href":"https:\/\/radiorevelacionfm.cl\/index.php?rest_route=\/wp\/v2\/types\/post"}],"author":[{"embeddable":true,"href":"https:\/\/radiorevelacionfm.cl\/index.php?rest_route=\/wp\/v2\/users\/1"}],"replies":[{"embeddable":true,"href":"https:\/\/radiorevelacionfm.cl\/index.php?rest_route=%2Fwp%2Fv2%2Fcomments&post=21571"}],"version-history":[{"count":2,"href":"https:\/\/radiorevelacionfm.cl\/index.php?rest_route=\/wp\/v2\/posts\/21571\/revisions"}],"predecessor-version":[{"id":21574,"href":"https:\/\/radiorevelacionfm.cl\/index.php?rest_route=\/wp\/v2\/posts\/21571\/revisions\/21574"}],"wp:featuredmedia":[{"embeddable":true,"href":"https:\/\/radiorevelacionfm.cl\/index.php?rest_route=\/wp\/v2\/media\/21572"}],"wp:attachment":[{"href":"https:\/\/radiorevelacionfm.cl\/index.php?rest_route=%2Fwp%2Fv2%2Fmedia&parent=21571"}],"wp:term":[{"taxonomy":"category","embeddable":true,"href":"https:\/\/radiorevelacionfm.cl\/index.php?rest_route=%2Fwp%2Fv2%2Fcategories&post=21571"},{"taxonomy":"post_tag","embeddable":true,"href":"https:\/\/radiorevelacionfm.cl\/index.php?rest_route=%2Fwp%2Fv2%2Ftags&post=21571"}],"curies":[{"name":"wp","href":"https:\/\/api.w.org\/{rel}","templated":true}]}}