{"id":21567,"date":"2022-09-08T19:42:53","date_gmt":"2022-09-08T22:42:53","guid":{"rendered":"https:\/\/radiorevelacionfm.cl\/?p=21567"},"modified":"2022-09-08T19:42:53","modified_gmt":"2022-09-08T22:42:53","slug":"destinan-mas-de-66-millones-para-mejorar-mirador-los-chonos-de-puerto-cisnes","status":"publish","type":"post","link":"https:\/\/radiorevelacionfm.cl\/?p=21567","title":{"rendered":"Destinan m\u00e1s de $66 millones para mejorar mirador \u201cLos Chonos\u201d de Puerto Cisnes"},"content":{"rendered":"<div class=\"flex_column av_one_full  flex_column_div av-zero-column-padding first  avia-builder-el-0  el_before_av_one_full  avia-builder-el-first  \" style='border-radius:0px; '><div  class='avia-image-container  av-styling-    avia-builder-el-1  avia-builder-el-no-sibling  avia-align-center '  itemprop=\"image\" itemscope=\"itemscope\" itemtype=\"https:\/\/schema.org\/ImageObject\"  ><div class='avia-image-container-inner'><div class='avia-image-overlay-wrap'><img decoding=\"async\" class='wp-image-21568 avia-img-lazy-loading-not-21568 avia_image' src=\"https:\/\/radiorevelacionfm.cl\/wp-content\/uploads\/2022\/09\/los-chonos-2-2-2_optimized-2.jpg\" alt='' title='los-chonos-2-2-2_optimized-2' height=\"600\" width=\"1067\"  itemprop=\"thumbnailUrl\" srcset=\"https:\/\/radiorevelacionfm.cl\/wp-content\/uploads\/2022\/09\/los-chonos-2-2-2_optimized-2.jpg 1067w, https:\/\/radiorevelacionfm.cl\/wp-content\/uploads\/2022\/09\/los-chonos-2-2-2_optimized-2-300x169.jpg 300w, https:\/\/radiorevelacionfm.cl\/wp-content\/uploads\/2022\/09\/los-chonos-2-2-2_optimized-2-1030x579.jpg 1030w, https:\/\/radiorevelacionfm.cl\/wp-content\/uploads\/2022\/09\/los-chonos-2-2-2_optimized-2-768x432.jpg 768w, https:\/\/radiorevelacionfm.cl\/wp-content\/uploads\/2022\/09\/los-chonos-2-2-2_optimized-2-705x396.jpg 705w, https:\/\/radiorevelacionfm.cl\/wp-content\/uploads\/2022\/09\/los-chonos-2-2-2_optimized-2-600x337.jpg 600w\" sizes=\"(max-width: 1067px) 100vw, 1067px\" \/><\/div><\/div><\/div><\/div><div class=\"flex_column av_one_full  flex_column_div av-zero-column-padding first  avia-builder-el-2  el_after_av_one_full  el_before_av_one_full  column-top-margin\" style='border-radius:0px; '><section class=\"av_textblock_section \"  itemscope=\"itemscope\" itemtype=\"https:\/\/schema.org\/BlogPosting\" itemprop=\"blogPost\" ><div class='avia_textblock  '   itemprop=\"text\" ><p style=\"text-align: center;\"><strong><span style=\"font-size: 18pt;\">Destinan m\u00e1s de $66 millones para mejorar mirador \u201cLos Chonos\u201d de Puerto Cisnes<\/span><\/strong><\/p>\n<div id=\"gtx-trans\" style=\"position: absolute; left: -50px; top: 4.31534px;\">\n<div class=\"gtx-trans-icon\"><\/div>\n<\/div>\n<\/div><\/section><\/div><div class=\"flex_column av_one_full  flex_column_div av-zero-column-padding first  avia-builder-el-4  el_after_av_one_full  el_before_av_hr  column-top-margin\" style='border-radius:0px; '><section class=\"av_textblock_section \"  itemscope=\"itemscope\" itemtype=\"https:\/\/schema.org\/BlogPosting\" itemprop=\"blogPost\" ><div class='avia_textblock  '   itemprop=\"text\" ><p style=\"text-align: justify;\">La autoridad sectorial, el Alcalde de la comuna y su equipo t\u00e9cnico visitaron el lugar que tendr\u00e1 un importante cambio y donde mejorar\u00e1 la accesibilidad, entre otras intervenciones<\/p>\n<p style=\"text-align: justify;\">El Alcalde Francisco Roncagliolo y el equipo t\u00e9cnico de la Secretaria Comunal de Planificaci\u00f3n, estuvieron en terreno junto al jefe regional de Subdere, Guillermo Mart\u00ednez, visitando la actual condici\u00f3n del mirador \u201cLos Chonos de Puerto Cisnes. Debido a que, desde el Municipio se levant\u00f3 una iniciativa que permitir\u00e1 mejorar este espacio p\u00fablico con los recursos que ha confirmado la Subsecretaria de Desarrollo Regional y Administrativo.<\/p>\n<p style=\"text-align: justify;\">\u201cEstuvimos viendo el financiamiento de este parque Los Chonos, donde nosotros vamos a financiar un proyecto que tiene que ver con todo lo que es actualizaci\u00f3n, renovaci\u00f3n del parque en s\u00ed, para que pueda ser un espacio habitable, un espacio compartido para la comunidad de Cisnes, para la gente de Cisnes, para que pueda disfrutar, ir reconociendo, recuperando los espacios compartidos y comunitarios\u201d, se\u00f1al\u00f3 Guillermo Mart\u00ednez, jefe regional de Subdere.<\/p>\n<p style=\"text-align: justify;\">El Alcalde de la comuna de Cisnes, Francisco Roncagliolo, puso \u00e9nfasis en la importancia de estos proyectos que permiten mejorar los espacios utilizados por la comunidad y los visitantes, pero tambi\u00e9n, estas iniciativas dan la posibilidad de trabajos a vecinos de la comuna.<\/p>\n<p style=\"text-align: justify;\">estamos muy contentos nosotros de trabajar con Subdere, que, para nuestro Municipio, nuestra comuna, es un socio estrat\u00e9gico y que nos apoya en el financiamiento de distintas iniciativas. Hoy pensando en mejorar los espacios p\u00fablicos, pero tambi\u00e9n, sobre todo, poder generar empleo dentro de la comuna, hemos presentado una cantidad importante de iniciativas y hoy Subdere nos avisa formalmente que tenemos el financiamiento para el mejoramiento, hermoseamiento de este lugar y por lo mismo, mejorar las condiciones de los espacios p\u00fablicos\u201d.<\/p>\n<p style=\"text-align: justify;\">En tanto, el jefe de Secplan del Municipio de Cisnes, Jos\u00e9 Francisco Gonz\u00e1lez, detall\u00f3 algunos de los cambios que tendr\u00e1 el mirador Los Chonos. \u201cSe va a renovar todo lo que es la techumbre, el sistema el\u00e9ctrico, la iluminaci\u00f3n, en el piso ahora tenemos gravilla, se va a cambiar por pavimento con accesibilidad universal. La idea es renovar este espacio, este mirador que tenemos hacia la bah\u00eda de Puerto Cisnes y que se junte pr\u00f3ximamente con el parque borde rio San Luis, que vamos a tener ac\u00e1 en la localidad\u201d.<\/p>\n<p style=\"text-align: justify;\">Son $66.927.111 los que se invertir\u00e1n en el mejoramiento del mejoramiento del mirador \u201cLos Chonos\u201d de Puerto Cisnes, una iniciativa m\u00e1s de la actual administraci\u00f3n municipal en conjunto a Subdere, en bien de toda la comunidad.<\/p>\n<\/div><\/section><\/div><div  style='height:50px' class='hr hr-invisible   avia-builder-el-6  el_after_av_one_full  el_before_av_social_share '><span class='hr-inner ' ><span class='hr-inner-style'><\/span><\/span><\/div><\/p>\n<div  class='av-social-sharing-box  avia-builder-el-7  el_after_av_hr  el_before_av_hr  '><div class='av-share-box'><h5 class='av-share-link-description av-no-toc '>Compartir esta noticia<\/h5><ul class='av-share-box-list noLightbox'><li class='av-share-link av-social-link-facebook' ><a target=\"_blank\" aria-label=\"Compartir en Facebook\" href='https:\/\/www.facebook.com\/sharer.php?u=https:\/\/radiorevelacionfm.cl\/?p=21567&#038;t=Destinan%20m%C3%A1s%20de%20%2466%20millones%20para%20mejorar%20mirador%20%E2%80%9CLos%20Chonos%E2%80%9D%20de%20Puerto%20Cisnes' aria-hidden='false' data-av_icon='\ue8f3' data-av_iconfont='entypo-fontello' title='' data-avia-related-tooltip='Compartir en Facebook' rel=\"noopener\"><span class='avia_hidden_link_text'>Compartir en Facebook<\/span><\/a><\/li><li class='av-share-link av-social-link-twitter' ><a target=\"_blank\" aria-label=\"Compartir en Twitter\" href='https:\/\/twitter.com\/share?text=Destinan%20m%C3%A1s%20de%20%2466%20millones%20para%20mejorar%20mirador%20%E2%80%9CLos%20Chonos%E2%80%9D%20de%20Puerto%20Cisnes&#038;url=https:\/\/radiorevelacionfm.cl\/?p=21567' aria-hidden='false' data-av_icon='\ue8f1' data-av_iconfont='entypo-fontello' title='' data-avia-related-tooltip='Compartir en Twitter' rel=\"noopener\"><span class='avia_hidden_link_text'>Compartir en Twitter<\/span><\/a><\/li><li class='av-share-link av-social-link-whatsapp' ><a target=\"_blank\" aria-label=\"Compartir en Whatsapp\" href='https:\/\/api.whatsapp.com\/send?text=https:\/\/radiorevelacionfm.cl\/?p=21567' aria-hidden='false' data-av_icon='\uf232' data-av_iconfont='entypo-fontello' title='' data-avia-related-tooltip='Compartir en Whatsapp' rel=\"noopener\"><span class='avia_hidden_link_text'>Compartir en Whatsapp<\/span><\/a><\/li><li class='av-share-link av-social-link-linkedin' ><a target=\"_blank\" aria-label=\"Compartir en LinkedIn\" href='https:\/\/linkedin.com\/shareArticle?mini=true&#038;title=Destinan%20m%C3%A1s%20de%20%2466%20millones%20para%20mejorar%20mirador%20%E2%80%9CLos%20Chonos%E2%80%9D%20de%20Puerto%20Cisnes&#038;url=https:\/\/radiorevelacionfm.cl\/?p=21567' aria-hidden='false' data-av_icon='\ue8fc' data-av_iconfont='entypo-fontello' title='' data-avia-related-tooltip='Compartir en LinkedIn' rel=\"noopener\"><span class='avia_hidden_link_text'>Compartir en LinkedIn<\/span><\/a><\/li><li class='av-share-link av-social-link-mail' ><a  aria-label=\"Compartir por correo\" href='mailto:?subject=Destinan%20m%C3%A1s%20de%20%2466%20millones%20para%20mejorar%20mirador%20%E2%80%9CLos%20Chonos%E2%80%9D%20de%20Puerto%20Cisnes&#038;body=https:\/\/radiorevelacionfm.cl\/?p=21567' aria-hidden='false' data-av_icon='\ue805' data-av_iconfont='entypo-fontello' title='' data-avia-related-tooltip='Compartir por correo'><span class='avia_hidden_link_text'>Compartir por correo<\/span><\/a><\/li><\/ul><\/div><\/div>\n<div  style='height:50px' class='hr hr-invisible   avia-builder-el-8  el_after_av_social_share  el_before_av_comments_list '><span class='hr-inner ' ><span class='hr-inner-style'><\/span><\/span><\/div>\n<div  class='av-buildercomment  av-blog-meta-html-info-disabled av-blog-meta-tag-disabled  '><\/div>\n","protected":false},"excerpt":{"rendered":"","protected":false},"author":1,"featured_media":21568,"comment_status":"open","ping_status":"open","sticky":false,"template":"","format":"standard","meta":{"footnotes":""},"categories":[38],"tags":[],"class_list":["post-21567","post","type-post","status-publish","format-standard","has-post-thumbnail","hentry","category-regional"],"jetpack_featured_media_url":"https:\/\/radiorevelacionfm.cl\/wp-content\/uploads\/2022\/09\/los-chonos-2-2-2_optimized-2.jpg","_links":{"self":[{"href":"https:\/\/radiorevelacionfm.cl\/index.php?rest_route=\/wp\/v2\/posts\/21567","targetHints":{"allow":["GET"]}}],"collection":[{"href":"https:\/\/radiorevelacionfm.cl\/index.php?rest_route=\/wp\/v2\/posts"}],"about":[{"href":"https:\/\/radiorevelacionfm.cl\/index.php?rest_route=\/wp\/v2\/types\/post"}],"author":[{"embeddable":true,"href":"https:\/\/radiorevelacionfm.cl\/index.php?rest_route=\/wp\/v2\/users\/1"}],"replies":[{"embeddable":true,"href":"https:\/\/radiorevelacionfm.cl\/index.php?rest_route=%2Fwp%2Fv2%2Fcomments&post=21567"}],"version-history":[{"count":2,"href":"https:\/\/radiorevelacionfm.cl\/index.php?rest_route=\/wp\/v2\/posts\/21567\/revisions"}],"predecessor-version":[{"id":21570,"href":"https:\/\/radiorevelacionfm.cl\/index.php?rest_route=\/wp\/v2\/posts\/21567\/revisions\/21570"}],"wp:featuredmedia":[{"embeddable":true,"href":"https:\/\/radiorevelacionfm.cl\/index.php?rest_route=\/wp\/v2\/media\/21568"}],"wp:attachment":[{"href":"https:\/\/radiorevelacionfm.cl\/index.php?rest_route=%2Fwp%2Fv2%2Fmedia&parent=21567"}],"wp:term":[{"taxonomy":"category","embeddable":true,"href":"https:\/\/radiorevelacionfm.cl\/index.php?rest_route=%2Fwp%2Fv2%2Fcategories&post=21567"},{"taxonomy":"post_tag","embeddable":true,"href":"https:\/\/radiorevelacionfm.cl\/index.php?rest_route=%2Fwp%2Fv2%2Ftags&post=21567"}],"curies":[{"name":"wp","href":"https:\/\/api.w.org\/{rel}","templated":true}]}}