{"id":21561,"date":"2022-09-08T11:26:31","date_gmt":"2022-09-08T14:26:31","guid":{"rendered":"https:\/\/radiorevelacionfm.cl\/?p=21561"},"modified":"2022-09-08T11:26:31","modified_gmt":"2022-09-08T14:26:31","slug":"coyhaique-y-lago-verde-se-suman-a-comunas-sin-restriccion-de-aforos-para-lugares-cerrados","status":"publish","type":"post","link":"https:\/\/radiorevelacionfm.cl\/?p=21561","title":{"rendered":"Coyhaique y Lago Verde se suman a comunas sin restricci\u00f3n de aforos para lugares cerrados"},"content":{"rendered":"<div class=\"flex_column av_one_full  flex_column_div av-zero-column-padding first  avia-builder-el-0  el_before_av_one_full  avia-builder-el-first  \" style='border-radius:0px; '><div  class='avia-image-container  av-styling-    avia-builder-el-1  avia-builder-el-no-sibling  avia-align-center '  itemprop=\"image\" itemscope=\"itemscope\" itemtype=\"https:\/\/schema.org\/ImageObject\"  ><div class='avia-image-container-inner'><div class='avia-image-overlay-wrap'><img decoding=\"async\" class='wp-image-0 avia-img-lazy-loading-not-0 avia_image' src=\"https:\/\/radiorevelacionfm.cl\/wp-content\/uploads\/2021\/06\/centro_coyhaique-1_optimized.jpg\" alt='' title=''   itemprop=\"thumbnailUrl\"  \/><\/div><\/div><\/div><\/div><div class=\"flex_column av_one_full  flex_column_div av-zero-column-padding first  avia-builder-el-2  el_after_av_one_full  el_before_av_one_full  column-top-margin\" style='border-radius:0px; '><section class=\"av_textblock_section \"  itemscope=\"itemscope\" itemtype=\"https:\/\/schema.org\/BlogPosting\" itemprop=\"blogPost\" ><div class='avia_textblock  '   itemprop=\"text\" ><p style=\"text-align: center;\"><span style=\"font-size: 18pt;\"><strong>Coyhaique y Lago Verde se suman a comunas sin restricci\u00f3n de aforos para lugares cerrados<\/strong><\/span><\/p>\n<div id=\"gtx-trans\" style=\"position: absolute; left: -50px; top: 4.31534px;\">\n<div class=\"gtx-trans-icon\"><\/div>\n<\/div>\n<\/div><\/section><\/div><div class=\"flex_column av_one_full  flex_column_div av-zero-column-padding first  avia-builder-el-4  el_after_av_one_full  el_before_av_hr  column-top-margin\" style='border-radius:0px; '><section class=\"av_textblock_section \"  itemscope=\"itemscope\" itemtype=\"https:\/\/schema.org\/BlogPosting\" itemprop=\"blogPost\" ><div class='avia_textblock  '   itemprop=\"text\" ><p style=\"text-align: justify;\">Con el cambio de Fase a Bajo Impacto Sanitario, la eliminaci\u00f3n de los aforos para lugares cerrados, sectores asociados al comercio y turismo podr\u00e1n ampliar sus capacidades de atenci\u00f3n a la comunidad.<\/p>\n<p style=\"text-align: justify;\">A contar de este jueves 08 de septiembre, las comunas de Coyhaique y Lago Verde avanzar\u00e1n hacia la Fase de Bajo Impacto Sanitario donde se mantendr\u00e1 el uso obligatorio de mascarilla y la exigencia de pase de movilidad en lugares cerrados; sin embargo, en esta nueva fase no habr\u00e1 restricci\u00f3n de aforos, lo que constituye una importante noticia para el sector productivo del comercio y turismo.<\/p>\n<p style=\"text-align: justify;\">La informaci\u00f3n la dio a conocer la Seremi de Salud Ays\u00e9n, Carmen Monsalve, quien recalc\u00f3 los alcances de esta medida.\u00a0 \u201cVecinos de Coyhaique y Lago Verde, este jueves ambas localidades avanzan a Fase de Bajo Impacto Sanitario, lo que quiere decir que debemos mantener el uso de las mascarillas en lugares cerrados, el pase de movilidad tambi\u00e9n ser\u00e1 una exigencia para el ingreso a lugares cerrados de uso p\u00fablico, y en la etapa de Bajo Impacto Sanitario, no hay restricci\u00f3n de aforos lo que es una muy buena noticia para el rubro de la econom\u00eda y turismo de la regi\u00f3n\u201d.<\/p>\n<p style=\"text-align: justify;\">Una positiva noticia en t\u00e9rminos productivos, como lo explic\u00f3 la Seremi de Econom\u00eda, Rosa Machacan.\u00a0 \u201cEste cambio de fase viene a dinamizar las econom\u00edas en las comunas de Coyhaique y Lago Verde, lo que nos permitir\u00e1 avanzar en las materias de reactivaci\u00f3n econ\u00f3mica en que nos encontramos, y es una muy buena noticia para los sectores de comercio y turismo que se han visto tan golpeados por la pandemia en t\u00e9rminos econ\u00f3micos, donde la eliminaci\u00f3n de los aforos les permitir\u00e1 a estos sectores trabajar a una mejor capacidad\u201d.<\/p>\n<p style=\"text-align: justify;\">En Fase de Bajo Impacto Sanitario, el Pase de Movilidad y el uso de la Mascarilla seguir\u00e1n siendo obligatorio para acceder a los espacios cerrados de uso p\u00fablico, si las personas no cuentan con este documento pueden presentar un examen PCR (24 horas desde la toma de la muestra) o permanecer en los espacios cerrados por menos de una hora, resguard\u00e1ndose el correspondiente registro en la hora de ingreso al local.\u00a0 Lo importante es que para mantener esta fase, se requerir\u00e1 reforzar medidas de autocuidado como el lavado frecuente de manos, el testeo oportuno para COVID-19 y estar al d\u00eda con los esquemas de vacunaci\u00f3n.<\/p>\n<p style=\"text-align: justify;\">Cabe se\u00f1alar que a contar de este jueves, Coyhaique y Lago Verde se suman a las comunas de Guaitecas, Ib\u00e1\u00f1ez, Cochrane, Tortel y Villa O&#8217;Higgins que estar\u00e1n en Fase de Bajo Impacto Sanitario; mientras que Cisnes, Ays\u00e9n y Chile Chico, permanecen a\u00fan en fase de Medio Impacto Sanitario.<\/p>\n<\/div><\/section><\/div><div  style='height:50px' class='hr hr-invisible   avia-builder-el-6  el_after_av_one_full  el_before_av_social_share '><span class='hr-inner ' ><span class='hr-inner-style'><\/span><\/span><\/div><\/p>\n<div  class='av-social-sharing-box  avia-builder-el-7  el_after_av_hr  el_before_av_hr  '><div class='av-share-box'><h5 class='av-share-link-description av-no-toc '>Compartir esta noticia<\/h5><ul class='av-share-box-list noLightbox'><li class='av-share-link av-social-link-facebook' ><a target=\"_blank\" aria-label=\"Compartir en Facebook\" href='https:\/\/www.facebook.com\/sharer.php?u=https:\/\/radiorevelacionfm.cl\/?p=21561&#038;t=Coyhaique%20y%20Lago%20Verde%20se%20suman%20a%20comunas%20sin%20restricci%C3%B3n%20de%20aforos%20para%20lugares%20cerrados' aria-hidden='false' data-av_icon='\ue8f3' data-av_iconfont='entypo-fontello' title='' data-avia-related-tooltip='Compartir en Facebook' rel=\"noopener\"><span class='avia_hidden_link_text'>Compartir en Facebook<\/span><\/a><\/li><li class='av-share-link av-social-link-twitter' ><a target=\"_blank\" aria-label=\"Compartir en Twitter\" href='https:\/\/twitter.com\/share?text=Coyhaique%20y%20Lago%20Verde%20se%20suman%20a%20comunas%20sin%20restricci%C3%B3n%20de%20aforos%20para%20lugares%20cerrados&#038;url=https:\/\/radiorevelacionfm.cl\/?p=21561' aria-hidden='false' data-av_icon='\ue8f1' data-av_iconfont='entypo-fontello' title='' data-avia-related-tooltip='Compartir en Twitter' rel=\"noopener\"><span class='avia_hidden_link_text'>Compartir en Twitter<\/span><\/a><\/li><li class='av-share-link av-social-link-whatsapp' ><a target=\"_blank\" aria-label=\"Compartir en Whatsapp\" href='https:\/\/api.whatsapp.com\/send?text=https:\/\/radiorevelacionfm.cl\/?p=21561' aria-hidden='false' data-av_icon='\uf232' data-av_iconfont='entypo-fontello' title='' data-avia-related-tooltip='Compartir en Whatsapp' rel=\"noopener\"><span class='avia_hidden_link_text'>Compartir en Whatsapp<\/span><\/a><\/li><li class='av-share-link av-social-link-linkedin' ><a target=\"_blank\" aria-label=\"Compartir en LinkedIn\" href='https:\/\/linkedin.com\/shareArticle?mini=true&#038;title=Coyhaique%20y%20Lago%20Verde%20se%20suman%20a%20comunas%20sin%20restricci%C3%B3n%20de%20aforos%20para%20lugares%20cerrados&#038;url=https:\/\/radiorevelacionfm.cl\/?p=21561' aria-hidden='false' data-av_icon='\ue8fc' data-av_iconfont='entypo-fontello' title='' data-avia-related-tooltip='Compartir en LinkedIn' rel=\"noopener\"><span class='avia_hidden_link_text'>Compartir en LinkedIn<\/span><\/a><\/li><li class='av-share-link av-social-link-mail' ><a  aria-label=\"Compartir por correo\" href='mailto:?subject=Coyhaique%20y%20Lago%20Verde%20se%20suman%20a%20comunas%20sin%20restricci%C3%B3n%20de%20aforos%20para%20lugares%20cerrados&#038;body=https:\/\/radiorevelacionfm.cl\/?p=21561' aria-hidden='false' data-av_icon='\ue805' data-av_iconfont='entypo-fontello' title='' data-avia-related-tooltip='Compartir por correo'><span class='avia_hidden_link_text'>Compartir por correo<\/span><\/a><\/li><\/ul><\/div><\/div>\n<div  style='height:50px' class='hr hr-invisible   avia-builder-el-8  el_after_av_social_share  el_before_av_comments_list '><span class='hr-inner ' ><span class='hr-inner-style'><\/span><\/span><\/div>\n<div  class='av-buildercomment  av-blog-meta-html-info-disabled av-blog-meta-tag-disabled  '><\/div>\n","protected":false},"excerpt":{"rendered":"","protected":false},"author":1,"featured_media":0,"comment_status":"open","ping_status":"open","sticky":false,"template":"","format":"standard","meta":{"footnotes":""},"categories":[46],"tags":[],"class_list":["post-21561","post","type-post","status-publish","format-standard","hentry","category-salud"],"jetpack_featured_media_url":"","_links":{"self":[{"href":"https:\/\/radiorevelacionfm.cl\/index.php?rest_route=\/wp\/v2\/posts\/21561","targetHints":{"allow":["GET"]}}],"collection":[{"href":"https:\/\/radiorevelacionfm.cl\/index.php?rest_route=\/wp\/v2\/posts"}],"about":[{"href":"https:\/\/radiorevelacionfm.cl\/index.php?rest_route=\/wp\/v2\/types\/post"}],"author":[{"embeddable":true,"href":"https:\/\/radiorevelacionfm.cl\/index.php?rest_route=\/wp\/v2\/users\/1"}],"replies":[{"embeddable":true,"href":"https:\/\/radiorevelacionfm.cl\/index.php?rest_route=%2Fwp%2Fv2%2Fcomments&post=21561"}],"version-history":[{"count":2,"href":"https:\/\/radiorevelacionfm.cl\/index.php?rest_route=\/wp\/v2\/posts\/21561\/revisions"}],"predecessor-version":[{"id":21563,"href":"https:\/\/radiorevelacionfm.cl\/index.php?rest_route=\/wp\/v2\/posts\/21561\/revisions\/21563"}],"wp:attachment":[{"href":"https:\/\/radiorevelacionfm.cl\/index.php?rest_route=%2Fwp%2Fv2%2Fmedia&parent=21561"}],"wp:term":[{"taxonomy":"category","embeddable":true,"href":"https:\/\/radiorevelacionfm.cl\/index.php?rest_route=%2Fwp%2Fv2%2Fcategories&post=21561"},{"taxonomy":"post_tag","embeddable":true,"href":"https:\/\/radiorevelacionfm.cl\/index.php?rest_route=%2Fwp%2Fv2%2Ftags&post=21561"}],"curies":[{"name":"wp","href":"https:\/\/api.w.org\/{rel}","templated":true}]}}