{"id":21551,"date":"2022-09-07T22:08:05","date_gmt":"2022-09-08T01:08:05","guid":{"rendered":"https:\/\/radiorevelacionfm.cl\/?p=21551"},"modified":"2022-09-07T22:08:05","modified_gmt":"2022-09-08T01:08:05","slug":"calisto-envia-oficio-a-ministro-de-obras-publicas-por-mal-estado-de-los-caminos","status":"publish","type":"post","link":"https:\/\/radiorevelacionfm.cl\/?p=21551","title":{"rendered":"Calisto env\u00eda oficio a Ministro de Obras P\u00fablicas por mal estado de los caminos"},"content":{"rendered":"<div class=\"flex_column av_one_full  flex_column_div av-zero-column-padding first  avia-builder-el-0  el_before_av_one_full  avia-builder-el-first  \" style='border-radius:0px; '><div  class='avia-image-container  av-styling-    avia-builder-el-1  avia-builder-el-no-sibling  avia-align-center '  itemprop=\"image\" itemscope=\"itemscope\" itemtype=\"https:\/\/schema.org\/ImageObject\"  ><div class='avia-image-container-inner'><div class='avia-image-overlay-wrap'><img decoding=\"async\" class='wp-image-15525 avia-img-lazy-loading-not-15525 avia_image' src=\"https:\/\/radiorevelacionfm.cl\/wp-content\/uploads\/2022\/04\/Calisto-Ruta7-1-1.jpg\" alt='' title='Calisto-Ruta7 (1) (1)' height=\"600\" width=\"1085\"  itemprop=\"thumbnailUrl\" srcset=\"https:\/\/radiorevelacionfm.cl\/wp-content\/uploads\/2022\/04\/Calisto-Ruta7-1-1.jpg 1085w, https:\/\/radiorevelacionfm.cl\/wp-content\/uploads\/2022\/04\/Calisto-Ruta7-1-1-300x166.jpg 300w, https:\/\/radiorevelacionfm.cl\/wp-content\/uploads\/2022\/04\/Calisto-Ruta7-1-1-1030x570.jpg 1030w, https:\/\/radiorevelacionfm.cl\/wp-content\/uploads\/2022\/04\/Calisto-Ruta7-1-1-768x425.jpg 768w, https:\/\/radiorevelacionfm.cl\/wp-content\/uploads\/2022\/04\/Calisto-Ruta7-1-1-705x390.jpg 705w, https:\/\/radiorevelacionfm.cl\/wp-content\/uploads\/2022\/04\/Calisto-Ruta7-1-1-600x332.jpg 600w\" sizes=\"(max-width: 1085px) 100vw, 1085px\" \/><\/div><\/div><\/div><\/div><div class=\"flex_column av_one_full  flex_column_div av-zero-column-padding first  avia-builder-el-2  el_after_av_one_full  el_before_av_one_full  column-top-margin\" style='border-radius:0px; '><section class=\"av_textblock_section \"  itemscope=\"itemscope\" itemtype=\"https:\/\/schema.org\/BlogPosting\" itemprop=\"blogPost\" ><div class='avia_textblock  '   itemprop=\"text\" ><p style=\"text-align: center;\"><span style=\"font-size: 18pt;\"><strong>Calisto env\u00eda oficio a Ministro de Obras P\u00fablicas por mal estado de los caminos \u00a0<\/strong><\/span><\/p>\n<div id=\"gtx-trans\" style=\"position: absolute; left: -50px; top: 4.31534px;\">\n<div class=\"gtx-trans-icon\"><\/div>\n<\/div>\n<\/div><\/section><\/div><div class=\"flex_column av_one_full  flex_column_div av-zero-column-padding first  avia-builder-el-4  el_after_av_one_full  el_before_av_hr  column-top-margin\" style='border-radius:0px; '><section class=\"av_textblock_section \"  itemscope=\"itemscope\" itemtype=\"https:\/\/schema.org\/BlogPosting\" itemprop=\"blogPost\" ><div class='avia_textblock  '   itemprop=\"text\" ><p style=\"text-align: justify;\">Frente al mal estado en que se encuentra la Ruta 7 Sur y los caminos secundarios, lo que genera una serie de problemas para las personas que viven en la zona, el diputado Miguel \u00c1ngel Calisto envi\u00f3 un oficio al Ministro de Obras P\u00fablicas, Juan Carlos Garc\u00eda, donde le solicita que se realice una revisi\u00f3n detallada de los contratos vigentes con las empresas encargadas de hacer la mantenci\u00f3n de estas rutas.<\/p>\n<p style=\"text-align: justify;\">Seg\u00fan el legislador, \u201cel invierno en Ays\u00e9n no da tregua, adem\u00e1s, viene acompa\u00f1ado por los problemas de conectividad y el mal estado de los caminos. Hemos enviado un oficio al Ministro de Obras P\u00fablicas, para que ponga atenci\u00f3n particularmente a los contratos de mantenci\u00f3n de los caminos en Coyhaique, en Ays\u00e9n, en general en toda la regi\u00f3n\u201d.<\/p>\n<p style=\"text-align: justify;\">Calisto agreg\u00f3 que \u201cnos reunimos tambi\u00e9n con dirigentes del turismo de Villa O\u00b4Higgins, quienes nos dicen que la carretera al sur est\u00e1 intransitable, como as\u00ed tambi\u00e9n los caminos secundarios. Lamentablemente hemos visto que el clima nos ha golpeado fuerte. Por un lado, es positivo por la abundancia de agua, pero por otro lado es un gran problema para los vecinos y vecinas de los sectores rurales en materia de conectividad\u201d.<\/p>\n<p style=\"text-align: justify;\">Finalmente, el diputado Calisto se\u00f1al\u00f3 que \u201cpor esto estamos pidiendo de manera urgente que se mejoren los caminos, que se hagan las mantenciones en el tiempo determinado en los contratos. Al parecer no se est\u00e1n cumpliendo, porque de verdad es lamentable el estado en que encontramos la ruta 7 sur, y especialmente los caminos secundarios. Pro eso enviamos este oficio que esperamos que sea respondido lo antes posible\u201d.<\/p>\n<\/div><\/section><\/div><div  style='height:50px' class='hr hr-invisible   avia-builder-el-6  el_after_av_one_full  el_before_av_social_share '><span class='hr-inner ' ><span class='hr-inner-style'><\/span><\/span><\/div><\/p>\n<div  class='av-social-sharing-box  avia-builder-el-7  el_after_av_hr  el_before_av_hr  '><div class='av-share-box'><h5 class='av-share-link-description av-no-toc '>Compartir esta noticia<\/h5><ul class='av-share-box-list noLightbox'><li class='av-share-link av-social-link-facebook' ><a target=\"_blank\" aria-label=\"Compartir en Facebook\" href='https:\/\/www.facebook.com\/sharer.php?u=https:\/\/radiorevelacionfm.cl\/?p=21551&#038;t=Calisto%20env%C3%ADa%20oficio%20a%20Ministro%20de%20Obras%20P%C3%BAblicas%20por%20mal%20estado%20de%20los%20caminos' aria-hidden='false' data-av_icon='\ue8f3' data-av_iconfont='entypo-fontello' title='' data-avia-related-tooltip='Compartir en Facebook' rel=\"noopener\"><span class='avia_hidden_link_text'>Compartir en Facebook<\/span><\/a><\/li><li class='av-share-link av-social-link-twitter' ><a target=\"_blank\" aria-label=\"Compartir en Twitter\" href='https:\/\/twitter.com\/share?text=Calisto%20env%C3%ADa%20oficio%20a%20Ministro%20de%20Obras%20P%C3%BAblicas%20por%20mal%20estado%20de%20los%20caminos&#038;url=https:\/\/radiorevelacionfm.cl\/?p=21551' aria-hidden='false' data-av_icon='\ue8f1' data-av_iconfont='entypo-fontello' title='' data-avia-related-tooltip='Compartir en Twitter' rel=\"noopener\"><span class='avia_hidden_link_text'>Compartir en Twitter<\/span><\/a><\/li><li class='av-share-link av-social-link-whatsapp' ><a target=\"_blank\" aria-label=\"Compartir en Whatsapp\" href='https:\/\/api.whatsapp.com\/send?text=https:\/\/radiorevelacionfm.cl\/?p=21551' aria-hidden='false' data-av_icon='\uf232' data-av_iconfont='entypo-fontello' title='' data-avia-related-tooltip='Compartir en Whatsapp' rel=\"noopener\"><span class='avia_hidden_link_text'>Compartir en Whatsapp<\/span><\/a><\/li><li class='av-share-link av-social-link-linkedin' ><a target=\"_blank\" aria-label=\"Compartir en LinkedIn\" href='https:\/\/linkedin.com\/shareArticle?mini=true&#038;title=Calisto%20env%C3%ADa%20oficio%20a%20Ministro%20de%20Obras%20P%C3%BAblicas%20por%20mal%20estado%20de%20los%20caminos&#038;url=https:\/\/radiorevelacionfm.cl\/?p=21551' aria-hidden='false' data-av_icon='\ue8fc' data-av_iconfont='entypo-fontello' title='' data-avia-related-tooltip='Compartir en LinkedIn' rel=\"noopener\"><span class='avia_hidden_link_text'>Compartir en LinkedIn<\/span><\/a><\/li><li class='av-share-link av-social-link-mail' ><a  aria-label=\"Compartir por correo\" href='mailto:?subject=Calisto%20env%C3%ADa%20oficio%20a%20Ministro%20de%20Obras%20P%C3%BAblicas%20por%20mal%20estado%20de%20los%20caminos&#038;body=https:\/\/radiorevelacionfm.cl\/?p=21551' aria-hidden='false' data-av_icon='\ue805' data-av_iconfont='entypo-fontello' title='' data-avia-related-tooltip='Compartir por correo'><span class='avia_hidden_link_text'>Compartir por correo<\/span><\/a><\/li><\/ul><\/div><\/div>\n<div  style='height:50px' class='hr hr-invisible   avia-builder-el-8  el_after_av_social_share  el_before_av_comments_list '><span class='hr-inner ' ><span class='hr-inner-style'><\/span><\/span><\/div>\n<div  class='av-buildercomment  av-blog-meta-html-info-disabled av-blog-meta-tag-disabled  '><\/div>\n","protected":false},"excerpt":{"rendered":"","protected":false},"author":1,"featured_media":15525,"comment_status":"open","ping_status":"open","sticky":false,"template":"","format":"standard","meta":{"footnotes":""},"categories":[35],"tags":[],"class_list":["post-21551","post","type-post","status-publish","format-standard","has-post-thumbnail","hentry","category-politica"],"jetpack_featured_media_url":"https:\/\/radiorevelacionfm.cl\/wp-content\/uploads\/2022\/04\/Calisto-Ruta7-1-1.jpg","_links":{"self":[{"href":"https:\/\/radiorevelacionfm.cl\/index.php?rest_route=\/wp\/v2\/posts\/21551","targetHints":{"allow":["GET"]}}],"collection":[{"href":"https:\/\/radiorevelacionfm.cl\/index.php?rest_route=\/wp\/v2\/posts"}],"about":[{"href":"https:\/\/radiorevelacionfm.cl\/index.php?rest_route=\/wp\/v2\/types\/post"}],"author":[{"embeddable":true,"href":"https:\/\/radiorevelacionfm.cl\/index.php?rest_route=\/wp\/v2\/users\/1"}],"replies":[{"embeddable":true,"href":"https:\/\/radiorevelacionfm.cl\/index.php?rest_route=%2Fwp%2Fv2%2Fcomments&post=21551"}],"version-history":[{"count":2,"href":"https:\/\/radiorevelacionfm.cl\/index.php?rest_route=\/wp\/v2\/posts\/21551\/revisions"}],"predecessor-version":[{"id":21553,"href":"https:\/\/radiorevelacionfm.cl\/index.php?rest_route=\/wp\/v2\/posts\/21551\/revisions\/21553"}],"wp:featuredmedia":[{"embeddable":true,"href":"https:\/\/radiorevelacionfm.cl\/index.php?rest_route=\/wp\/v2\/media\/15525"}],"wp:attachment":[{"href":"https:\/\/radiorevelacionfm.cl\/index.php?rest_route=%2Fwp%2Fv2%2Fmedia&parent=21551"}],"wp:term":[{"taxonomy":"category","embeddable":true,"href":"https:\/\/radiorevelacionfm.cl\/index.php?rest_route=%2Fwp%2Fv2%2Fcategories&post=21551"},{"taxonomy":"post_tag","embeddable":true,"href":"https:\/\/radiorevelacionfm.cl\/index.php?rest_route=%2Fwp%2Fv2%2Ftags&post=21551"}],"curies":[{"name":"wp","href":"https:\/\/api.w.org\/{rel}","templated":true}]}}