{"id":21548,"date":"2022-09-08T21:18:23","date_gmt":"2022-09-09T00:18:23","guid":{"rendered":"https:\/\/radiorevelacionfm.cl\/?p=21548"},"modified":"2022-09-08T21:18:23","modified_gmt":"2022-09-09T00:18:23","slug":"firman-convenio-de-colaboracion-para-ejecucion-de-linea-de-representacion-juridica-para-nna-en-puerto-aysen","status":"publish","type":"post","link":"https:\/\/radiorevelacionfm.cl\/?p=21548","title":{"rendered":"Firman convenio de colaboraci\u00f3n para ejecuci\u00f3n de L\u00ednea de Representaci\u00f3n Jur\u00eddica para NNA en Puerto Ays\u00e9n"},"content":{"rendered":"<div class=\"flex_column av_one_full  flex_column_div av-zero-column-padding first  avia-builder-el-0  el_before_av_one_full  avia-builder-el-first  \" style='border-radius:0px; '><div  class='avia-image-container  av-styling-    avia-builder-el-1  avia-builder-el-no-sibling  avia-align-center '  itemprop=\"image\" itemscope=\"itemscope\" itemtype=\"https:\/\/schema.org\/ImageObject\"  ><div class='avia-image-container-inner'><div class='avia-image-overlay-wrap'><img decoding=\"async\" class='wp-image-21549 avia-img-lazy-loading-not-21549 avia_image' src=\"https:\/\/radiorevelacionfm.cl\/wp-content\/uploads\/2022\/09\/CONVENIO-1-2-2.jpg\" alt='' title='CONVENIO 1-2-2' height=\"600\" width=\"800\"  itemprop=\"thumbnailUrl\" srcset=\"https:\/\/radiorevelacionfm.cl\/wp-content\/uploads\/2022\/09\/CONVENIO-1-2-2.jpg 800w, https:\/\/radiorevelacionfm.cl\/wp-content\/uploads\/2022\/09\/CONVENIO-1-2-2-300x225.jpg 300w, https:\/\/radiorevelacionfm.cl\/wp-content\/uploads\/2022\/09\/CONVENIO-1-2-2-768x576.jpg 768w, https:\/\/radiorevelacionfm.cl\/wp-content\/uploads\/2022\/09\/CONVENIO-1-2-2-705x529.jpg 705w, https:\/\/radiorevelacionfm.cl\/wp-content\/uploads\/2022\/09\/CONVENIO-1-2-2-600x450.jpg 600w\" sizes=\"(max-width: 800px) 100vw, 800px\" \/><\/div><\/div><\/div><\/div><div class=\"flex_column av_one_full  flex_column_div av-zero-column-padding first  avia-builder-el-2  el_after_av_one_full  el_before_av_one_full  column-top-margin\" style='border-radius:0px; '><section class=\"av_textblock_section \"  itemscope=\"itemscope\" itemtype=\"https:\/\/schema.org\/BlogPosting\" itemprop=\"blogPost\" ><div class='avia_textblock  '   itemprop=\"text\" ><p style=\"text-align: center;\"><span style=\"font-size: 18pt;\"><strong>Firman convenio de colaboraci\u00f3n para ejecuci\u00f3n de L\u00ednea de Representaci\u00f3n Jur\u00eddica para NNA en Puerto Ays\u00e9n<\/strong><\/span><\/p>\n<div id=\"gtx-trans\" style=\"position: absolute; left: -50px; top: 4.31534px;\">\n<div class=\"gtx-trans-icon\"><\/div>\n<\/div>\n<\/div><\/section><\/div><div class=\"flex_column av_one_full  flex_column_div av-zero-column-padding first  avia-builder-el-4  el_after_av_one_full  el_before_av_hr  column-top-margin\" style='border-radius:0px; '><section class=\"av_textblock_section \"  itemscope=\"itemscope\" itemtype=\"https:\/\/schema.org\/BlogPosting\" itemprop=\"blogPost\" ><div class='avia_textblock  '   itemprop=\"text\" ><p style=\"text-align: justify;\">Un importante convenio de colaboraci\u00f3n se firm\u00f3 este mi\u00e9rcoles entre la Delegaci\u00f3n Presidencial Provincial de Ays\u00e9n y la Corporaci\u00f3n de Asistencia Judicial, dicha instancia se traduce en facilitar a la Corporaci\u00f3n de Asistencia Judicial un espacio f\u00edsico al interior de la Delegaci\u00f3n Presidencial para uso exclusivo del programa de Representaci\u00f3n Judicial Especializada para ni\u00f1os, ni\u00f1as y adolescentes \u201cLa ni\u00f1ez y la adolescencia se defienden\u201d en la provincia de Ays\u00e9n.<\/p>\n<p style=\"text-align: justify;\">La actividad se realiz\u00f3 en dependencias de la Delegaci\u00f3n Presidencial de la Provincia de Ays\u00e9n, y cont\u00f3 con la presencia del Seremi de Justicia y Derechos Humanos Samuel Navarro Castro, el Delegado Presidencial de la Provincia de Ays\u00e9n Jorge Salfate Aguayo, la Directora Regional (s) de la Corporaci\u00f3n de Asistencia Judicial Mar\u00eda Francisca Vilchez y el abogado coordinador de la L\u00ednea de Representaci\u00f3n Jur\u00eddica Especializada para Ni\u00f1os, Ni\u00f1as y Adolescentes \u201cLa Ni\u00f1ez y Adolescencia se defienden\u201d Iv\u00e1n Olgu\u00edn Araneda.<\/p>\n<p style=\"text-align: justify;\">Cabe recordar que la semana reci\u00e9n pasada se llev\u00f3 a cabo el lanzamiento de la L\u00ednea de Representaci\u00f3n Jur\u00eddica de Ni\u00f1os, Ni\u00f1as y Adolescentes (NNA) a nivel regional, la que brinda asistencia jur\u00eddica integral a NNA, mediante la cual se reconoce a este p\u00fablico objetivo el derecho a contar con representaci\u00f3n jur\u00eddica especializada, esto es, de abogados que tengan conocimiento y formaci\u00f3n en derechos de familia, derechos humanos, en la Convenci\u00f3n de Derechos del Ni\u00f1o y de las Observaciones Generales del Comit\u00e9 de Derechos del Ni\u00f1o. Los NNA ser\u00e1n atendidos de manera exclusiva por estos abogados y acompa\u00f1ados durante todo el proceso, haciendo posible el ejercicio de sus derechos, en el marco de un debido proceso que los visualiza como sujetos titulares de derechos humanos, que, por su condici\u00f3n, merecen especial protecci\u00f3n por parte del Estado.<\/p>\n<p style=\"text-align: justify;\">Respecto a la firma de este convenio, el Delegado Presidencial de la Provincia de Ays\u00e9n, Jorge Salfate Aguayo explic\u00f3 que \u201cestamos muy satisfechos que la provincia de Ays\u00e9n disponga en esta delegaci\u00f3n de nuevas dependencias para la representaci\u00f3n jur\u00eddica para ni\u00f1os, ni\u00f1as y adolescentes con asiento en Puerto Ays\u00e9n. La verdad que, esto demuestra que vamos avanzando en forma decidida, con el programa de Gobierno en lo que significa la protecci\u00f3n de la ni\u00f1ez. Hoy disponemos de un mejor servicio de representaci\u00f3n a nuestros ni\u00f1os, raz\u00f3n por la cual estamos muy contentos de poder habilitar un espacio de atenci\u00f3n a p\u00fablico con estas dependencias que dispone la Delegaci\u00f3n Provincial para la comunidad\u201d.<\/p>\n<p style=\"text-align: justify;\">Por su parte, la Directora Regional (s) de la Caj B\u00edo B\u00edo Mar\u00eda Francisca Vilchez destac\u00f3 que \u201cpara nosotros como Corporaci\u00f3n de Asistencia Judicial esto es un hito muy importante a trav\u00e9s del cual como instituci\u00f3n damos cumplimiento a lo establecido en la Ley 21.430 sobre garant\u00eda para los derechos de ni\u00f1os, ni\u00f1as y adolescentes en la provincia de Ays\u00e9n, inicialmente vamos a contar con un abogado que va a poder funcionar en estas dependencias, y est\u00e1 programado que para el mes de enero esta atenci\u00f3n profesional sea ampliada ya sea de trabajadores sociales e incluso otro abogado dependiendo de los requerimientos que se puedan dar en este periodo. El horario de atenci\u00f3n va a ser de las 08:30 a las 17:30 horas, se\u00f1alar tambi\u00e9n que la atenci\u00f3n de nuestros profesionales en estas instancias se da en terreno, as\u00ed que va depender de la necesidad, de los requerimientos que desde el Tribunal de Ays\u00e9n se vaya manifestando hacia nuestros profesionales\u201d.<\/p>\n<p style=\"text-align: justify;\">Finalmente, el Seremi de Justicia y Derechos Humanos Samuel Navarro Castro indic\u00f3 que \u201cnos parece muy importante este hito en la descentralizaci\u00f3n de los servicios, en acercar la Justicia a la gente que es uno de los objetivos como Seremi de Justicia y Derechos Humanos. Nos parece importante adem\u00e1s cumplir con este mandato del Presidente Boric en orden a que los ni\u00f1os, ni\u00f1as y adolescentes tengan representaci\u00f3n jur\u00eddica especializada, aut\u00f3noma, profesional y eso lo estamos haciendo no solo en la provincia de Coyhaique sino que tambi\u00e9n en Ays\u00e9n, y nos parece relevante que la ciudadan\u00eda sepa que hoy d\u00eda van a poder contar particularmente los ni\u00f1os, ni\u00f1as y adolescentes con una representaci\u00f3n jur\u00eddica, que van a poder acercar a las oficinas de la Corporaci\u00f3n de Asistencia Judicial a buscar esta l\u00ednea de representaci\u00f3n, a buscar asesor\u00eda, a buscar ayuda que se requiere por parte de la comunidad, y esto complementa lo que hemos venido trabajando en la l\u00ednea de la ni\u00f1ez y la adolescencia, y todo el trabajo que se est\u00e1 haciendo desde el punto de vista jur\u00eddico pero tambi\u00e9n desde el punto de vista administrativo, para prestar este servicio a la comunidad\u201d concluy\u00f3.<\/p>\n<\/div><\/section><\/div><div  style='height:50px' class='hr hr-invisible   avia-builder-el-6  el_after_av_one_full  el_before_av_social_share '><span class='hr-inner ' ><span class='hr-inner-style'><\/span><\/span><\/div><\/p>\n<div  class='av-social-sharing-box  avia-builder-el-7  el_after_av_hr  el_before_av_hr  '><div class='av-share-box'><h5 class='av-share-link-description av-no-toc '>Compartir esta noticia<\/h5><ul class='av-share-box-list noLightbox'><li class='av-share-link av-social-link-facebook' ><a target=\"_blank\" aria-label=\"Compartir en Facebook\" href='https:\/\/www.facebook.com\/sharer.php?u=https:\/\/radiorevelacionfm.cl\/?p=21548&#038;t=Firman%20convenio%20de%20colaboraci%C3%B3n%20para%20ejecuci%C3%B3n%20de%20L%C3%ADnea%20de%20Representaci%C3%B3n%20Jur%C3%ADdica%20para%20NNA%20en%20Puerto%20Ays%C3%A9n' aria-hidden='false' data-av_icon='\ue8f3' data-av_iconfont='entypo-fontello' title='' data-avia-related-tooltip='Compartir en Facebook' rel=\"noopener\"><span class='avia_hidden_link_text'>Compartir en Facebook<\/span><\/a><\/li><li class='av-share-link av-social-link-twitter' ><a target=\"_blank\" aria-label=\"Compartir en Twitter\" href='https:\/\/twitter.com\/share?text=Firman%20convenio%20de%20colaboraci%C3%B3n%20para%20ejecuci%C3%B3n%20de%20L%C3%ADnea%20de%20Representaci%C3%B3n%20Jur%C3%ADdica%20para%20NNA%20en%20Puerto%20Ays%C3%A9n&#038;url=https:\/\/radiorevelacionfm.cl\/?p=21548' aria-hidden='false' data-av_icon='\ue8f1' data-av_iconfont='entypo-fontello' title='' data-avia-related-tooltip='Compartir en Twitter' rel=\"noopener\"><span class='avia_hidden_link_text'>Compartir en Twitter<\/span><\/a><\/li><li class='av-share-link av-social-link-whatsapp' ><a target=\"_blank\" aria-label=\"Compartir en Whatsapp\" href='https:\/\/api.whatsapp.com\/send?text=https:\/\/radiorevelacionfm.cl\/?p=21548' aria-hidden='false' data-av_icon='\uf232' data-av_iconfont='entypo-fontello' title='' data-avia-related-tooltip='Compartir en Whatsapp' rel=\"noopener\"><span class='avia_hidden_link_text'>Compartir en Whatsapp<\/span><\/a><\/li><li class='av-share-link av-social-link-linkedin' ><a target=\"_blank\" aria-label=\"Compartir en LinkedIn\" href='https:\/\/linkedin.com\/shareArticle?mini=true&#038;title=Firman%20convenio%20de%20colaboraci%C3%B3n%20para%20ejecuci%C3%B3n%20de%20L%C3%ADnea%20de%20Representaci%C3%B3n%20Jur%C3%ADdica%20para%20NNA%20en%20Puerto%20Ays%C3%A9n&#038;url=https:\/\/radiorevelacionfm.cl\/?p=21548' aria-hidden='false' data-av_icon='\ue8fc' data-av_iconfont='entypo-fontello' title='' data-avia-related-tooltip='Compartir en LinkedIn' rel=\"noopener\"><span class='avia_hidden_link_text'>Compartir en LinkedIn<\/span><\/a><\/li><li class='av-share-link av-social-link-mail' ><a  aria-label=\"Compartir por correo\" href='mailto:?subject=Firman%20convenio%20de%20colaboraci%C3%B3n%20para%20ejecuci%C3%B3n%20de%20L%C3%ADnea%20de%20Representaci%C3%B3n%20Jur%C3%ADdica%20para%20NNA%20en%20Puerto%20Ays%C3%A9n&#038;body=https:\/\/radiorevelacionfm.cl\/?p=21548' aria-hidden='false' data-av_icon='\ue805' data-av_iconfont='entypo-fontello' title='' data-avia-related-tooltip='Compartir por correo'><span class='avia_hidden_link_text'>Compartir por correo<\/span><\/a><\/li><\/ul><\/div><\/div>\n<div  style='height:50px' class='hr hr-invisible   avia-builder-el-8  el_after_av_social_share  el_before_av_comments_list '><span class='hr-inner ' ><span class='hr-inner-style'><\/span><\/span><\/div>\n<div  class='av-buildercomment  av-blog-meta-html-info-disabled av-blog-meta-tag-disabled  '><\/div>\n","protected":false},"excerpt":{"rendered":"","protected":false},"author":1,"featured_media":21549,"comment_status":"open","ping_status":"open","sticky":false,"template":"","format":"standard","meta":{"footnotes":""},"categories":[55],"tags":[],"class_list":["post-21548","post","type-post","status-publish","format-standard","has-post-thumbnail","hentry","category-justicia"],"jetpack_featured_media_url":"https:\/\/radiorevelacionfm.cl\/wp-content\/uploads\/2022\/09\/CONVENIO-1-2-2.jpg","_links":{"self":[{"href":"https:\/\/radiorevelacionfm.cl\/index.php?rest_route=\/wp\/v2\/posts\/21548","targetHints":{"allow":["GET"]}}],"collection":[{"href":"https:\/\/radiorevelacionfm.cl\/index.php?rest_route=\/wp\/v2\/posts"}],"about":[{"href":"https:\/\/radiorevelacionfm.cl\/index.php?rest_route=\/wp\/v2\/types\/post"}],"author":[{"embeddable":true,"href":"https:\/\/radiorevelacionfm.cl\/index.php?rest_route=\/wp\/v2\/users\/1"}],"replies":[{"embeddable":true,"href":"https:\/\/radiorevelacionfm.cl\/index.php?rest_route=%2Fwp%2Fv2%2Fcomments&post=21548"}],"version-history":[{"count":2,"href":"https:\/\/radiorevelacionfm.cl\/index.php?rest_route=\/wp\/v2\/posts\/21548\/revisions"}],"predecessor-version":[{"id":21580,"href":"https:\/\/radiorevelacionfm.cl\/index.php?rest_route=\/wp\/v2\/posts\/21548\/revisions\/21580"}],"wp:featuredmedia":[{"embeddable":true,"href":"https:\/\/radiorevelacionfm.cl\/index.php?rest_route=\/wp\/v2\/media\/21549"}],"wp:attachment":[{"href":"https:\/\/radiorevelacionfm.cl\/index.php?rest_route=%2Fwp%2Fv2%2Fmedia&parent=21548"}],"wp:term":[{"taxonomy":"category","embeddable":true,"href":"https:\/\/radiorevelacionfm.cl\/index.php?rest_route=%2Fwp%2Fv2%2Fcategories&post=21548"},{"taxonomy":"post_tag","embeddable":true,"href":"https:\/\/radiorevelacionfm.cl\/index.php?rest_route=%2Fwp%2Fv2%2Ftags&post=21548"}],"curies":[{"name":"wp","href":"https:\/\/api.w.org\/{rel}","templated":true}]}}