{"id":21543,"date":"2022-09-07T21:42:44","date_gmt":"2022-09-08T00:42:44","guid":{"rendered":"https:\/\/radiorevelacionfm.cl\/?p=21543"},"modified":"2022-09-07T21:42:44","modified_gmt":"2022-09-08T00:42:44","slug":"abren-convocatoria-para-postular-al-premio-musica-nacional","status":"publish","type":"post","link":"https:\/\/radiorevelacionfm.cl\/?p=21543","title":{"rendered":"Abren convocatoria para postular al Premio M\u00fasica Nacional"},"content":{"rendered":"<div class=\"flex_column av_one_full  flex_column_div av-zero-column-padding first  avia-builder-el-0  el_before_av_one_full  avia-builder-el-first  \" style='border-radius:0px; '><div  class='avia-image-container  av-styling-    avia-builder-el-1  avia-builder-el-no-sibling  avia-align-center '  itemprop=\"image\" itemscope=\"itemscope\" itemtype=\"https:\/\/schema.org\/ImageObject\"  ><div class='avia-image-container-inner'><div class='avia-image-overlay-wrap'><img decoding=\"async\" class='wp-image-21544 avia-img-lazy-loading-not-21544 avia_image' src=\"https:\/\/radiorevelacionfm.cl\/wp-content\/uploads\/2022\/09\/post-premiomusica-2-2-2.jpg\" alt='' title='post-premiomusica-2-2-2' height=\"600\" width=\"1067\"  itemprop=\"thumbnailUrl\" srcset=\"https:\/\/radiorevelacionfm.cl\/wp-content\/uploads\/2022\/09\/post-premiomusica-2-2-2.jpg 1067w, https:\/\/radiorevelacionfm.cl\/wp-content\/uploads\/2022\/09\/post-premiomusica-2-2-2-300x169.jpg 300w, https:\/\/radiorevelacionfm.cl\/wp-content\/uploads\/2022\/09\/post-premiomusica-2-2-2-1030x579.jpg 1030w, https:\/\/radiorevelacionfm.cl\/wp-content\/uploads\/2022\/09\/post-premiomusica-2-2-2-768x432.jpg 768w, https:\/\/radiorevelacionfm.cl\/wp-content\/uploads\/2022\/09\/post-premiomusica-2-2-2-705x396.jpg 705w, https:\/\/radiorevelacionfm.cl\/wp-content\/uploads\/2022\/09\/post-premiomusica-2-2-2-600x337.jpg 600w\" sizes=\"(max-width: 1067px) 100vw, 1067px\" \/><\/div><\/div><\/div><\/div><div class=\"flex_column av_one_full  flex_column_div av-zero-column-padding first  avia-builder-el-2  el_after_av_one_full  el_before_av_one_full  column-top-margin\" style='border-radius:0px; '><section class=\"av_textblock_section \"  itemscope=\"itemscope\" itemtype=\"https:\/\/schema.org\/BlogPosting\" itemprop=\"blogPost\" ><div class='avia_textblock  '   itemprop=\"text\" ><p style=\"text-align: center;\"><strong><span style=\"font-size: 18pt;\">Abren convocatoria para postular al Premio M\u00fasica Nacional<\/span><\/strong><\/p>\n<div id=\"gtx-trans\" style=\"position: absolute; left: -50px; top: 4.31534px;\">\n<div class=\"gtx-trans-icon\"><\/div>\n<\/div>\n<\/div><\/section><\/div><div class=\"flex_column av_one_full  flex_column_div av-zero-column-padding first  avia-builder-el-4  el_after_av_one_full  el_before_av_hr  column-top-margin\" style='border-radius:0px; '><section class=\"av_textblock_section \"  itemscope=\"itemscope\" itemtype=\"https:\/\/schema.org\/BlogPosting\" itemprop=\"blogPost\" ><div class='avia_textblock  '   itemprop=\"text\" ><p style=\"text-align: justify;\">El Ministerio de las Culturas, las Artes y el Patrimonio, junto con el Consejo de Fomento de la M\u00fasica Nacional, abren la convocatoria para postular al Premio a la M\u00fasica Nacional Presidente de la Rep\u00fablica 2022. Se trata de un galard\u00f3n anual que se entrega para los g\u00e9neros musicales reconocidos en la legislaci\u00f3n nacional (m\u00fasica popular, de ra\u00edz folkl\u00f3rica y docta), adem\u00e1s de contemplar dos reconocimientos en las categor\u00edas de Edici\u00f3n Musical y Producci\u00f3n Fonogr\u00e1fica.<\/p>\n<p style=\"text-align: justify;\">De esta forma, queda abierto un nuevo periodo de convocatoria, que se extender\u00e1 hasta las 23.59 (hora de Santiago de Chile) del 24 de octubre. El premio est\u00e1 destinado a reconocer la obra del\/de la autor\/a o compositor\/a, o del o de la artista int\u00e9rprete o ejecutante, recopilador\/a o realizador\/a o productor\/a musical chileno\/a, por su excelencia, creatividad, destacada labor y aporte trascendente al repertorio de la m\u00fasica nacional.<\/p>\n<p style=\"text-align: justify;\">En las cinco categor\u00edas, los\/las ganadores\/as reciben un diploma firmado por el Presidente de la Rep\u00fablica. En el caso de las tres categor\u00edas de g\u00e9neros musicales (popular, docta y de ra\u00edz folkl\u00f3rica), el galard\u00f3n contempla adem\u00e1s la entrega de 270 UTM. El premio ser\u00e1 dirimido por el Consejo de Fomento de la M\u00fasica Nacional durante el mes de noviembre.<\/p>\n<p style=\"text-align: justify;\"><b>Para postular<\/b><\/p>\n<p style=\"text-align: justify;\">Para postular, o postular a un tercero como merecedor de este reconocimiento, deber\u00e1 seguir los siguientes pasos:<\/p>\n<ol style=\"text-align: justify;\" start=\"1\" type=\"1\">\n<li>Ingresar a la plataforma de postulaci\u00f3n en\u00a0\u00a0<a href=\"https:\/\/clave.fondosdecultura.cl\/\" target=\"_blank\" rel=\"noopener noreferrer\">https:\/\/clave.fondosdecultura.cl\/<\/a><\/li>\n<\/ol>\n<ul style=\"text-align: justify;\" type=\"disc\">\n<li>Si est\u00e1 registrado ingrese su RUT y contrase\u00f1a.<\/li>\n<li>Si no est\u00e1 registrado ingrese a \u00abSi a\u00fan no has creado tu cuenta Ingresa aqu\u00ed\u00bb y cree su cuenta. Posteriormente, dir\u00edjase a \u00abTu Perfil\u00bb y complete los datos indicados.<\/li>\n<\/ul>\n<ol style=\"text-align: justify;\" start=\"2\" type=\"1\">\n<li>Ingrese a Concursos Disponibles.<\/li>\n<li>Filtre a\u00f1o 2022, Fondo Consejo de Fomento de la M\u00fasica Nacional, Premio Presidente de la Rep\u00fablica.<\/li>\n<li>Complete los datos del formulario.<\/li>\n<li>Adjunte los documentos solicitados.<\/li>\n<li>Env\u00ede su postulaci\u00f3n.<\/li>\n<\/ol>\n<p style=\"text-align: justify;\">En caso de dudas, enviar sus preguntas al correo\u00a0<a href=\"mailto:fondodelamusica@cultura.gob.cl\" rel=\"noreferrer\">fondodelamusica@cultura.gob.cl<\/a>.<\/p>\n<p style=\"text-align: left;\">M\u00e1s informaci\u00f3n en\u00a0<a href=\"https:\/\/www.fondosdecultura.cl\/convocatoria-premio-a-la-musica-nacional-presidente-de-la-republica-2022\/\" target=\"_blank\" rel=\"noopener noreferrer\">https:\/\/www.fondosdecultura.cl\/convocatoria-premio-a-la-musica-nacional-presidente-de-la-republica-2022\/<\/a><\/p>\n<\/div><\/section><\/div><div  style='height:50px' class='hr hr-invisible   avia-builder-el-6  el_after_av_one_full  el_before_av_social_share '><span class='hr-inner ' ><span class='hr-inner-style'><\/span><\/span><\/div><\/p>\n<div  class='av-social-sharing-box  avia-builder-el-7  el_after_av_hr  el_before_av_hr  '><div class='av-share-box'><h5 class='av-share-link-description av-no-toc '>Compartir esta noticia<\/h5><ul class='av-share-box-list noLightbox'><li class='av-share-link av-social-link-facebook' ><a target=\"_blank\" aria-label=\"Compartir en Facebook\" href='https:\/\/www.facebook.com\/sharer.php?u=https:\/\/radiorevelacionfm.cl\/?p=21543&#038;t=Abren%20convocatoria%20para%20postular%20al%20Premio%20M%C3%BAsica%20Nacional' aria-hidden='false' data-av_icon='\ue8f3' data-av_iconfont='entypo-fontello' title='' data-avia-related-tooltip='Compartir en Facebook' rel=\"noopener\"><span class='avia_hidden_link_text'>Compartir en Facebook<\/span><\/a><\/li><li class='av-share-link av-social-link-twitter' ><a target=\"_blank\" aria-label=\"Compartir en Twitter\" href='https:\/\/twitter.com\/share?text=Abren%20convocatoria%20para%20postular%20al%20Premio%20M%C3%BAsica%20Nacional&#038;url=https:\/\/radiorevelacionfm.cl\/?p=21543' aria-hidden='false' data-av_icon='\ue8f1' data-av_iconfont='entypo-fontello' title='' data-avia-related-tooltip='Compartir en Twitter' rel=\"noopener\"><span class='avia_hidden_link_text'>Compartir en Twitter<\/span><\/a><\/li><li class='av-share-link av-social-link-whatsapp' ><a target=\"_blank\" aria-label=\"Compartir en Whatsapp\" href='https:\/\/api.whatsapp.com\/send?text=https:\/\/radiorevelacionfm.cl\/?p=21543' aria-hidden='false' data-av_icon='\uf232' data-av_iconfont='entypo-fontello' title='' data-avia-related-tooltip='Compartir en Whatsapp' rel=\"noopener\"><span class='avia_hidden_link_text'>Compartir en Whatsapp<\/span><\/a><\/li><li class='av-share-link av-social-link-linkedin' ><a target=\"_blank\" aria-label=\"Compartir en LinkedIn\" href='https:\/\/linkedin.com\/shareArticle?mini=true&#038;title=Abren%20convocatoria%20para%20postular%20al%20Premio%20M%C3%BAsica%20Nacional&#038;url=https:\/\/radiorevelacionfm.cl\/?p=21543' aria-hidden='false' data-av_icon='\ue8fc' data-av_iconfont='entypo-fontello' title='' data-avia-related-tooltip='Compartir en LinkedIn' rel=\"noopener\"><span class='avia_hidden_link_text'>Compartir en LinkedIn<\/span><\/a><\/li><li class='av-share-link av-social-link-mail' ><a  aria-label=\"Compartir por correo\" href='mailto:?subject=Abren%20convocatoria%20para%20postular%20al%20Premio%20M%C3%BAsica%20Nacional&#038;body=https:\/\/radiorevelacionfm.cl\/?p=21543' aria-hidden='false' data-av_icon='\ue805' data-av_iconfont='entypo-fontello' title='' data-avia-related-tooltip='Compartir por correo'><span class='avia_hidden_link_text'>Compartir por correo<\/span><\/a><\/li><\/ul><\/div><\/div>\n<div  style='height:50px' class='hr hr-invisible   avia-builder-el-8  el_after_av_social_share  el_before_av_comments_list '><span class='hr-inner ' ><span class='hr-inner-style'><\/span><\/span><\/div>\n<div  class='av-buildercomment  av-blog-meta-html-info-disabled av-blog-meta-tag-disabled  '><\/div>\n","protected":false},"excerpt":{"rendered":"","protected":false},"author":1,"featured_media":21544,"comment_status":"open","ping_status":"open","sticky":false,"template":"","format":"standard","meta":{"footnotes":""},"categories":[52],"tags":[],"class_list":["post-21543","post","type-post","status-publish","format-standard","has-post-thumbnail","hentry","category-cultura"],"jetpack_featured_media_url":"https:\/\/radiorevelacionfm.cl\/wp-content\/uploads\/2022\/09\/post-premiomusica-2-2-2.jpg","_links":{"self":[{"href":"https:\/\/radiorevelacionfm.cl\/index.php?rest_route=\/wp\/v2\/posts\/21543","targetHints":{"allow":["GET"]}}],"collection":[{"href":"https:\/\/radiorevelacionfm.cl\/index.php?rest_route=\/wp\/v2\/posts"}],"about":[{"href":"https:\/\/radiorevelacionfm.cl\/index.php?rest_route=\/wp\/v2\/types\/post"}],"author":[{"embeddable":true,"href":"https:\/\/radiorevelacionfm.cl\/index.php?rest_route=\/wp\/v2\/users\/1"}],"replies":[{"embeddable":true,"href":"https:\/\/radiorevelacionfm.cl\/index.php?rest_route=%2Fwp%2Fv2%2Fcomments&post=21543"}],"version-history":[{"count":2,"href":"https:\/\/radiorevelacionfm.cl\/index.php?rest_route=\/wp\/v2\/posts\/21543\/revisions"}],"predecessor-version":[{"id":21546,"href":"https:\/\/radiorevelacionfm.cl\/index.php?rest_route=\/wp\/v2\/posts\/21543\/revisions\/21546"}],"wp:featuredmedia":[{"embeddable":true,"href":"https:\/\/radiorevelacionfm.cl\/index.php?rest_route=\/wp\/v2\/media\/21544"}],"wp:attachment":[{"href":"https:\/\/radiorevelacionfm.cl\/index.php?rest_route=%2Fwp%2Fv2%2Fmedia&parent=21543"}],"wp:term":[{"taxonomy":"category","embeddable":true,"href":"https:\/\/radiorevelacionfm.cl\/index.php?rest_route=%2Fwp%2Fv2%2Fcategories&post=21543"},{"taxonomy":"post_tag","embeddable":true,"href":"https:\/\/radiorevelacionfm.cl\/index.php?rest_route=%2Fwp%2Fv2%2Ftags&post=21543"}],"curies":[{"name":"wp","href":"https:\/\/api.w.org\/{rel}","templated":true}]}}