{"id":21539,"date":"2022-09-08T16:52:02","date_gmt":"2022-09-08T19:52:02","guid":{"rendered":"https:\/\/radiorevelacionfm.cl\/?p=21539"},"modified":"2022-09-08T16:52:02","modified_gmt":"2022-09-08T19:52:02","slug":"destacan-avance-del-proyecto-de-ley-de-dolor-cronico-no-oncologico-y-fibromialgia","status":"publish","type":"post","link":"https:\/\/radiorevelacionfm.cl\/?p=21539","title":{"rendered":"Destacan avance del proyecto de ley de dolor cr\u00f3nico no oncol\u00f3gico y fibromialgia"},"content":{"rendered":"<div class=\"flex_column av_one_full  flex_column_div av-zero-column-padding first  avia-builder-el-0  el_before_av_one_full  avia-builder-el-first  \" style='border-radius:0px; '><div  class='avia-image-container  av-styling-    avia-builder-el-1  avia-builder-el-no-sibling  avia-align-center '  itemprop=\"image\" itemscope=\"itemscope\" itemtype=\"https:\/\/schema.org\/ImageObject\"  ><div class='avia-image-container-inner'><div class='avia-image-overlay-wrap'><img decoding=\"async\" class='wp-image-21540 avia-img-lazy-loading-not-21540 avia_image' src=\"https:\/\/radiorevelacionfm.cl\/wp-content\/uploads\/2022\/09\/image-102-2.jpg\" alt='' title='image-102-2' height=\"600\" width=\"767\"  itemprop=\"thumbnailUrl\" srcset=\"https:\/\/radiorevelacionfm.cl\/wp-content\/uploads\/2022\/09\/image-102-2.jpg 767w, https:\/\/radiorevelacionfm.cl\/wp-content\/uploads\/2022\/09\/image-102-2-300x235.jpg 300w, https:\/\/radiorevelacionfm.cl\/wp-content\/uploads\/2022\/09\/image-102-2-705x551.jpg 705w, https:\/\/radiorevelacionfm.cl\/wp-content\/uploads\/2022\/09\/image-102-2-600x469.jpg 600w\" sizes=\"(max-width: 767px) 100vw, 767px\" \/><\/div><\/div><\/div><\/div><div class=\"flex_column av_one_full  flex_column_div av-zero-column-padding first  avia-builder-el-2  el_after_av_one_full  el_before_av_one_full  column-top-margin\" style='border-radius:0px; '><section class=\"av_textblock_section \"  itemscope=\"itemscope\" itemtype=\"https:\/\/schema.org\/BlogPosting\" itemprop=\"blogPost\" ><div class='avia_textblock  '   itemprop=\"text\" ><p style=\"text-align: center;\"><strong><span style=\"font-size: 18pt;\">Destacan avance del proyecto de ley de dolor cr\u00f3nico no oncol\u00f3gico y fibromialgia<\/span><\/strong><\/p>\n<div id=\"gtx-trans\" style=\"position: absolute; left: -50px; top: 4.31534px;\">\n<div class=\"gtx-trans-icon\"><\/div>\n<\/div>\n<\/div><\/section><\/div><div class=\"flex_column av_one_full  flex_column_div av-zero-column-padding first  avia-builder-el-4  el_after_av_one_full  el_before_av_hr  column-top-margin\" style='border-radius:0px; '><section class=\"av_textblock_section \"  itemscope=\"itemscope\" itemtype=\"https:\/\/schema.org\/BlogPosting\" itemprop=\"blogPost\" ><div class='avia_textblock  '   itemprop=\"text\" ><p style=\"text-align: justify;\">El senado aprob\u00f3 en general este mi\u00e9rcoles, en su segundo tr\u00e1mite legislativo, el proyecto de ley que reconoce el dolor cr\u00f3nico no oncol\u00f3gico y la fibromialgia como una condici\u00f3n que afecta la funcionalidad de quienes padecen tales dolencias y que en la gran mayor\u00eda de los casos puede llevar a la discapacidad, \u201clo que constituye un avance, una esperanza y una ayuda concreta para miles de chilenas, chilenos y sus familias\u201d, seg\u00fan expres\u00f3 la senadora Ximena Ordenes.<\/p>\n<p style=\"text-align: justify;\">El proyecto de ley, adem\u00e1s de establecer un marco que reconozca tales dolencias como afectantes de la funcionalidad, tambi\u00e9n busca promover y garantizar el cuidado integral de las personas que sufren de dolor cr\u00f3nico y fibromialgia, fijando derechos, tales como acceder a distintas alternativas terap\u00e9uticas, incluyendo las medicinas complementarias.<\/p>\n<p style=\"text-align: justify;\">La senadora expres\u00f3 que \u201cexisten decenas de organizaciones de la sociedad civil, entre fundaciones, agrupaciones, corporaciones y asociaciones de pacientes, que se dedican a difundir, orientar y otorgar contenci\u00f3n a pacientes que sufren de dolor cr\u00f3nico no oncol\u00f3gico y fibromialgia, y que se dedican a aportar, en todo lo que el sistema de salud sigue en deuda con ellos y ellas, desde una mirada profundamente emp\u00e1tica. Por ello, este es un importante paso legislativo que, esperamos, sea aprobado en particular por la comisi\u00f3n de Hacienda del Senado, y posteriormente, por la C\u00e1mara de Diputados\u201d.<\/p>\n<p style=\"text-align: justify;\">\u201cCon este proyecto de ley, toda persona que presente esta enfermedad tendr\u00e1 derecho a un diagn\u00f3stico temprano y oportuno, a contar con los cuidados necesarios para el resguardo de su salud mental y f\u00edsico, a que el Estado propicie el acceso a medicamentos, tratamientos, terapias, medicinas complementarias, y ayudas t\u00e9cnicas. Adem\u00e1s de acceder a informaci\u00f3n f\u00e1cil y accesible sobre las causas, caracter\u00edsticas y alternativas terap\u00e9uticas que implica su enfermedad\u201d, indic\u00f3 Ximena Ordenes.<\/p>\n<p style=\"text-align: justify;\">A\u00f1adi\u00f3 que, con este proyecto de ley, las licencias, que se otorguen por fibromialgia o dolores cr\u00f3nicos no oncol\u00f3gicos no podr\u00e1n rechazarse por el solo diagn\u00f3stico, como ha sucedido reiteradamente, ni sufrir un tratamiento especial o discriminatorio que afecte el normal proceso de su tramitaci\u00f3n.<\/p>\n<p style=\"text-align: justify;\">\u201cHemos recibido testimonios, donde hay mujeres que llevan m\u00e1s de 2 a\u00f1os de rechazo de licencias m\u00e9dicas, precarizando sus vidas y sus familias, pues en algunos casos son el \u00fanico sustento de sus hogares o simplemente toman la decisi\u00f3n de volver al trabajo con el riesgo que significa esta enfermedad\u201d, se\u00f1al\u00f3 la senadora.<\/p>\n<p style=\"text-align: justify;\">Ordenes adem\u00e1s hizo un reconocimiento especial a la Corporaci\u00f3n de Fibromialgia de Ays\u00e9n \u201cFibroesperanza\u201d de la Regi\u00f3n de Ays\u00e9n, representados por dirigentes como Francisca Ronda y Christofer San Mart\u00edn, \u201cquienes pudieron intervenir en la tramitaci\u00f3n del proyecto en la Comisi\u00f3n de Salud, entregando sus importantes testimonios sobre la realidad que viven en la Regi\u00f3n de Ays\u00e9n las y los pacientes que deben lidiar, d\u00eda tras d\u00eda, la problem\u00e1tica que rodea al dolor cr\u00f3nico y la fibromialgia\u201d.<\/p>\n<\/div><\/section><\/div><div  style='height:50px' class='hr hr-invisible   avia-builder-el-6  el_after_av_one_full  el_before_av_social_share '><span class='hr-inner ' ><span class='hr-inner-style'><\/span><\/span><\/div><\/p>\n<div  class='av-social-sharing-box  avia-builder-el-7  el_after_av_hr  el_before_av_hr  '><div class='av-share-box'><h5 class='av-share-link-description av-no-toc '>Compartir esta noticia<\/h5><ul class='av-share-box-list noLightbox'><li class='av-share-link av-social-link-facebook' ><a target=\"_blank\" aria-label=\"Compartir en Facebook\" href='https:\/\/www.facebook.com\/sharer.php?u=https:\/\/radiorevelacionfm.cl\/?p=21539&#038;t=Destacan%20avance%20del%20proyecto%20de%20ley%20de%20dolor%20cr%C3%B3nico%20no%20oncol%C3%B3gico%20y%20fibromialgia' aria-hidden='false' data-av_icon='\ue8f3' data-av_iconfont='entypo-fontello' title='' data-avia-related-tooltip='Compartir en Facebook' rel=\"noopener\"><span class='avia_hidden_link_text'>Compartir en Facebook<\/span><\/a><\/li><li class='av-share-link av-social-link-twitter' ><a target=\"_blank\" aria-label=\"Compartir en Twitter\" href='https:\/\/twitter.com\/share?text=Destacan%20avance%20del%20proyecto%20de%20ley%20de%20dolor%20cr%C3%B3nico%20no%20oncol%C3%B3gico%20y%20fibromialgia&#038;url=https:\/\/radiorevelacionfm.cl\/?p=21539' aria-hidden='false' data-av_icon='\ue8f1' data-av_iconfont='entypo-fontello' title='' data-avia-related-tooltip='Compartir en Twitter' rel=\"noopener\"><span class='avia_hidden_link_text'>Compartir en Twitter<\/span><\/a><\/li><li class='av-share-link av-social-link-whatsapp' ><a target=\"_blank\" aria-label=\"Compartir en Whatsapp\" href='https:\/\/api.whatsapp.com\/send?text=https:\/\/radiorevelacionfm.cl\/?p=21539' aria-hidden='false' data-av_icon='\uf232' data-av_iconfont='entypo-fontello' title='' data-avia-related-tooltip='Compartir en Whatsapp' rel=\"noopener\"><span class='avia_hidden_link_text'>Compartir en Whatsapp<\/span><\/a><\/li><li class='av-share-link av-social-link-linkedin' ><a target=\"_blank\" aria-label=\"Compartir en LinkedIn\" href='https:\/\/linkedin.com\/shareArticle?mini=true&#038;title=Destacan%20avance%20del%20proyecto%20de%20ley%20de%20dolor%20cr%C3%B3nico%20no%20oncol%C3%B3gico%20y%20fibromialgia&#038;url=https:\/\/radiorevelacionfm.cl\/?p=21539' aria-hidden='false' data-av_icon='\ue8fc' data-av_iconfont='entypo-fontello' title='' data-avia-related-tooltip='Compartir en LinkedIn' rel=\"noopener\"><span class='avia_hidden_link_text'>Compartir en LinkedIn<\/span><\/a><\/li><li class='av-share-link av-social-link-mail' ><a  aria-label=\"Compartir por correo\" href='mailto:?subject=Destacan%20avance%20del%20proyecto%20de%20ley%20de%20dolor%20cr%C3%B3nico%20no%20oncol%C3%B3gico%20y%20fibromialgia&#038;body=https:\/\/radiorevelacionfm.cl\/?p=21539' aria-hidden='false' data-av_icon='\ue805' data-av_iconfont='entypo-fontello' title='' data-avia-related-tooltip='Compartir por correo'><span class='avia_hidden_link_text'>Compartir por correo<\/span><\/a><\/li><\/ul><\/div><\/div>\n<div  style='height:50px' class='hr hr-invisible   avia-builder-el-8  el_after_av_social_share  el_before_av_comments_list '><span class='hr-inner ' ><span class='hr-inner-style'><\/span><\/span><\/div>\n<div  class='av-buildercomment  av-blog-meta-html-info-disabled av-blog-meta-tag-disabled  '><\/div>\n","protected":false},"excerpt":{"rendered":"","protected":false},"author":1,"featured_media":21540,"comment_status":"open","ping_status":"open","sticky":false,"template":"","format":"standard","meta":{"footnotes":""},"categories":[35],"tags":[],"class_list":["post-21539","post","type-post","status-publish","format-standard","has-post-thumbnail","hentry","category-politica"],"jetpack_featured_media_url":"https:\/\/radiorevelacionfm.cl\/wp-content\/uploads\/2022\/09\/image-102-2.jpg","_links":{"self":[{"href":"https:\/\/radiorevelacionfm.cl\/index.php?rest_route=\/wp\/v2\/posts\/21539","targetHints":{"allow":["GET"]}}],"collection":[{"href":"https:\/\/radiorevelacionfm.cl\/index.php?rest_route=\/wp\/v2\/posts"}],"about":[{"href":"https:\/\/radiorevelacionfm.cl\/index.php?rest_route=\/wp\/v2\/types\/post"}],"author":[{"embeddable":true,"href":"https:\/\/radiorevelacionfm.cl\/index.php?rest_route=\/wp\/v2\/users\/1"}],"replies":[{"embeddable":true,"href":"https:\/\/radiorevelacionfm.cl\/index.php?rest_route=%2Fwp%2Fv2%2Fcomments&post=21539"}],"version-history":[{"count":2,"href":"https:\/\/radiorevelacionfm.cl\/index.php?rest_route=\/wp\/v2\/posts\/21539\/revisions"}],"predecessor-version":[{"id":21566,"href":"https:\/\/radiorevelacionfm.cl\/index.php?rest_route=\/wp\/v2\/posts\/21539\/revisions\/21566"}],"wp:featuredmedia":[{"embeddable":true,"href":"https:\/\/radiorevelacionfm.cl\/index.php?rest_route=\/wp\/v2\/media\/21540"}],"wp:attachment":[{"href":"https:\/\/radiorevelacionfm.cl\/index.php?rest_route=%2Fwp%2Fv2%2Fmedia&parent=21539"}],"wp:term":[{"taxonomy":"category","embeddable":true,"href":"https:\/\/radiorevelacionfm.cl\/index.php?rest_route=%2Fwp%2Fv2%2Fcategories&post=21539"},{"taxonomy":"post_tag","embeddable":true,"href":"https:\/\/radiorevelacionfm.cl\/index.php?rest_route=%2Fwp%2Fv2%2Ftags&post=21539"}],"curies":[{"name":"wp","href":"https:\/\/api.w.org\/{rel}","templated":true}]}}