{"id":21532,"date":"2022-09-07T20:35:10","date_gmt":"2022-09-07T23:35:10","guid":{"rendered":"https:\/\/radiorevelacionfm.cl\/?p=21532"},"modified":"2022-09-07T20:35:10","modified_gmt":"2022-09-07T23:35:10","slug":"firman-convenio-para-la-reposicion-y-ampliacion-del-sistema-de-alumbrado-publico-de-islas-huichas","status":"publish","type":"post","link":"https:\/\/radiorevelacionfm.cl\/?p=21532","title":{"rendered":"Firman convenio para la reposici\u00f3n y ampliaci\u00f3n del sistema de alumbrado p\u00fablico de Islas Huichas"},"content":{"rendered":"<div class=\"flex_column av_one_full  flex_column_div av-zero-column-padding first  avia-builder-el-0  el_before_av_one_full  avia-builder-el-first  \" style='border-radius:0px; '><div  class='avia-image-container  av-styling-    avia-builder-el-1  avia-builder-el-no-sibling  avia-align-center '  itemprop=\"image\" itemscope=\"itemscope\" itemtype=\"https:\/\/schema.org\/ImageObject\"  ><div class='avia-image-container-inner'><div class='avia-image-overlay-wrap'><img decoding=\"async\" class='wp-image-21533 avia-img-lazy-loading-not-21533 avia_image' src=\"https:\/\/radiorevelacionfm.cl\/wp-content\/uploads\/2022\/09\/img-FirmaConvenioIH-muniaysen1-2-2.jpg\" alt='' title='img-FirmaConvenioIH-muniaysen1-2-2' height=\"600\" width=\"900\"  itemprop=\"thumbnailUrl\" srcset=\"https:\/\/radiorevelacionfm.cl\/wp-content\/uploads\/2022\/09\/img-FirmaConvenioIH-muniaysen1-2-2.jpg 900w, https:\/\/radiorevelacionfm.cl\/wp-content\/uploads\/2022\/09\/img-FirmaConvenioIH-muniaysen1-2-2-300x200.jpg 300w, https:\/\/radiorevelacionfm.cl\/wp-content\/uploads\/2022\/09\/img-FirmaConvenioIH-muniaysen1-2-2-768x512.jpg 768w, https:\/\/radiorevelacionfm.cl\/wp-content\/uploads\/2022\/09\/img-FirmaConvenioIH-muniaysen1-2-2-705x470.jpg 705w, https:\/\/radiorevelacionfm.cl\/wp-content\/uploads\/2022\/09\/img-FirmaConvenioIH-muniaysen1-2-2-600x400.jpg 600w\" sizes=\"(max-width: 900px) 100vw, 900px\" \/><\/div><\/div><\/div><\/div><div class=\"flex_column av_one_full  flex_column_div av-zero-column-padding first  avia-builder-el-2  el_after_av_one_full  el_before_av_one_full  column-top-margin\" style='border-radius:0px; '><section class=\"av_textblock_section \"  itemscope=\"itemscope\" itemtype=\"https:\/\/schema.org\/BlogPosting\" itemprop=\"blogPost\" ><div class='avia_textblock  '   itemprop=\"text\" ><p style=\"text-align: center;\"><strong><span style=\"font-size: 18pt;\">Firman convenio para la reposici\u00f3n y ampliaci\u00f3n del sistema de alumbrado p\u00fablico de Islas Huichas<\/span><\/strong><\/p>\n<div id=\"gtx-trans\" style=\"position: absolute; left: -50px; top: 4.31534px;\">\n<div class=\"gtx-trans-icon\"><\/div>\n<\/div>\n<\/div><\/section><\/div><div class=\"flex_column av_one_full  flex_column_div av-zero-column-padding first  avia-builder-el-4  el_after_av_one_full  el_before_av_hr  column-top-margin\" style='border-radius:0px; '><section class=\"av_textblock_section \"  itemscope=\"itemscope\" itemtype=\"https:\/\/schema.org\/BlogPosting\" itemprop=\"blogPost\" ><div class='avia_textblock  '   itemprop=\"text\" ><p style=\"text-align: justify;\">Una mejora completa es lo que tendr\u00e1n los habitantes de Puerto Aguirre, Estero Copa y Caleta Andrade en el sistema de alumbrado p\u00fablico. Esto luego de la firma estampada por el alcalde de Ays\u00e9n, Julio Uribe Alvarado, en el contrato de ejecuci\u00f3n de obras que responde a la sentida necesidad de iluminar m\u00e1s, y de mejor manera, esta zona de la comuna porte\u00f1a. Tecnolog\u00eda LED de \u00faltima generaci\u00f3n reemplazar\u00e1 a los focos de sodio que han presentado diversos problemas en el territorio insular. El proyecto conlleva una inversi\u00f3n superior a los 270 millones de pesos provenientes del Gobierno Regional de Ays\u00e9n y su Concejo.<\/p>\n<p style=\"text-align: justify;\">Frente a esto, la primera autoridad comunal de Ays\u00e9n, Julio Uribe Alvarado, destac\u00f3 los procesos de esta iniciativa y que durante su administraci\u00f3n han podido ser superados para llevar a la comunidad de Islas Huichas las mejoras al sistema de alumbrado, indicando que \u201cen los pr\u00f3ximos d\u00edas vamos a realizar la Entrega de Terreno para que ya comiencen definitivamente y, en 150 d\u00edas esperar que esta obra se encuentre finalizada. Esto solucionar\u00e1 tanto la seguridad de los vecinos, como tambi\u00e9n aquellos malestares sufridos por luminarias que tienen una muy larga data y no est\u00e1n en las mejores condiciones, vamos a llegar a dar la luz, a iluminar Islas Huichas y eso nos tiene muy contentos, esperar que los vecinos lo reciban de la mejor forma\u201d, expres\u00f3 el l\u00edder comunal.<\/p>\n<p style=\"text-align: justify;\">En tanto, la Secretaria Comunal de Planificaci\u00f3n, Roc\u00edo B\u00f3rquez Jorquera, explic\u00f3 el alcance que tendr\u00e1 esto para las localidades de Puerto Aguirre, Estero Copa y Caleta Andrade y sus respectivas uniones, al existir una reposici\u00f3n del 100% del sistema lum\u00ednico en el alumbrado p\u00fablico y un aumento del mismo en un 52%. \u201cEl proyecto est\u00e1 financiado por el Gobierno Regional de Ays\u00e9n en un FNDR por 350 millones distribuidos en tres \u00edtems: Obras Civiles, Consultor\u00edas e Inspecci\u00f3n T\u00e9cnica. En este caso, el contrato responde a las Obras Civiles por 277 millones y fracci\u00f3n\u201d.<\/p>\n<p style=\"text-align: justify;\">Finalmente, el representante legal de la empresa contratista, Pablo Casarejos Abarca, agradeci\u00f3 la confianza depositada por la casa edilicia para ejecutar este emblem\u00e1tico proyecto para el Litoral. Esto relevando la importancia que representa en los habitantes de Ays\u00e9n, contar con un buen servicio y que involucra la percepci\u00f3n de seguridad, as\u00ed como tambi\u00e9n, la eficiencia energ\u00e9tica. \u201cPor lo tanto, vamos a dar todo nuestro esfuerzo para realizar este proyecto en el corto plazo, incluso sacarlo tal vez antes de lo acordado por nuestra oferta y darle esta alegr\u00eda a la comunidad para que queden bien conformes con nuestro trabajo y con la gesti\u00f3n del municipio en cuanto a generar este proyecto\u201d, sentenci\u00f3 el mandante de la Uni\u00f3n Temporal de Proveedores.<\/p>\n<\/div><\/section><\/div><div  style='height:50px' class='hr hr-invisible   avia-builder-el-6  el_after_av_one_full  el_before_av_social_share '><span class='hr-inner ' ><span class='hr-inner-style'><\/span><\/span><\/div><\/p>\n<div  class='av-social-sharing-box  avia-builder-el-7  el_after_av_hr  el_before_av_hr  '><div class='av-share-box'><h5 class='av-share-link-description av-no-toc '>Compartir esta noticia<\/h5><ul class='av-share-box-list noLightbox'><li class='av-share-link av-social-link-facebook' ><a target=\"_blank\" aria-label=\"Compartir en Facebook\" href='https:\/\/www.facebook.com\/sharer.php?u=https:\/\/radiorevelacionfm.cl\/?p=21532&#038;t=Firman%20convenio%20para%20la%20reposici%C3%B3n%20y%20ampliaci%C3%B3n%20del%20sistema%20de%20alumbrado%20p%C3%BAblico%20de%20Islas%20Huichas' aria-hidden='false' data-av_icon='\ue8f3' data-av_iconfont='entypo-fontello' title='' data-avia-related-tooltip='Compartir en Facebook' rel=\"noopener\"><span class='avia_hidden_link_text'>Compartir en Facebook<\/span><\/a><\/li><li class='av-share-link av-social-link-twitter' ><a target=\"_blank\" aria-label=\"Compartir en Twitter\" href='https:\/\/twitter.com\/share?text=Firman%20convenio%20para%20la%20reposici%C3%B3n%20y%20ampliaci%C3%B3n%20del%20sistema%20de%20alumbrado%20p%C3%BAblico%20de%20Islas%20Huichas&#038;url=https:\/\/radiorevelacionfm.cl\/?p=21532' aria-hidden='false' data-av_icon='\ue8f1' data-av_iconfont='entypo-fontello' title='' data-avia-related-tooltip='Compartir en Twitter' rel=\"noopener\"><span class='avia_hidden_link_text'>Compartir en Twitter<\/span><\/a><\/li><li class='av-share-link av-social-link-whatsapp' ><a target=\"_blank\" aria-label=\"Compartir en Whatsapp\" href='https:\/\/api.whatsapp.com\/send?text=https:\/\/radiorevelacionfm.cl\/?p=21532' aria-hidden='false' data-av_icon='\uf232' data-av_iconfont='entypo-fontello' title='' data-avia-related-tooltip='Compartir en Whatsapp' rel=\"noopener\"><span class='avia_hidden_link_text'>Compartir en Whatsapp<\/span><\/a><\/li><li class='av-share-link av-social-link-linkedin' ><a target=\"_blank\" aria-label=\"Compartir en LinkedIn\" href='https:\/\/linkedin.com\/shareArticle?mini=true&#038;title=Firman%20convenio%20para%20la%20reposici%C3%B3n%20y%20ampliaci%C3%B3n%20del%20sistema%20de%20alumbrado%20p%C3%BAblico%20de%20Islas%20Huichas&#038;url=https:\/\/radiorevelacionfm.cl\/?p=21532' aria-hidden='false' data-av_icon='\ue8fc' data-av_iconfont='entypo-fontello' title='' data-avia-related-tooltip='Compartir en LinkedIn' rel=\"noopener\"><span class='avia_hidden_link_text'>Compartir en LinkedIn<\/span><\/a><\/li><li class='av-share-link av-social-link-mail' ><a  aria-label=\"Compartir por correo\" href='mailto:?subject=Firman%20convenio%20para%20la%20reposici%C3%B3n%20y%20ampliaci%C3%B3n%20del%20sistema%20de%20alumbrado%20p%C3%BAblico%20de%20Islas%20Huichas&#038;body=https:\/\/radiorevelacionfm.cl\/?p=21532' aria-hidden='false' data-av_icon='\ue805' data-av_iconfont='entypo-fontello' title='' data-avia-related-tooltip='Compartir por correo'><span class='avia_hidden_link_text'>Compartir por correo<\/span><\/a><\/li><\/ul><\/div><\/div>\n<div  style='height:50px' class='hr hr-invisible   avia-builder-el-8  el_after_av_social_share  el_before_av_comments_list '><span class='hr-inner ' ><span class='hr-inner-style'><\/span><\/span><\/div>\n<div  class='av-buildercomment  av-blog-meta-html-info-disabled av-blog-meta-tag-disabled  '><\/div>\n","protected":false},"excerpt":{"rendered":"","protected":false},"author":1,"featured_media":21533,"comment_status":"open","ping_status":"open","sticky":false,"template":"","format":"standard","meta":{"footnotes":""},"categories":[38],"tags":[],"class_list":["post-21532","post","type-post","status-publish","format-standard","has-post-thumbnail","hentry","category-regional"],"jetpack_featured_media_url":"https:\/\/radiorevelacionfm.cl\/wp-content\/uploads\/2022\/09\/img-FirmaConvenioIH-muniaysen1-2-2.jpg","_links":{"self":[{"href":"https:\/\/radiorevelacionfm.cl\/index.php?rest_route=\/wp\/v2\/posts\/21532","targetHints":{"allow":["GET"]}}],"collection":[{"href":"https:\/\/radiorevelacionfm.cl\/index.php?rest_route=\/wp\/v2\/posts"}],"about":[{"href":"https:\/\/radiorevelacionfm.cl\/index.php?rest_route=\/wp\/v2\/types\/post"}],"author":[{"embeddable":true,"href":"https:\/\/radiorevelacionfm.cl\/index.php?rest_route=\/wp\/v2\/users\/1"}],"replies":[{"embeddable":true,"href":"https:\/\/radiorevelacionfm.cl\/index.php?rest_route=%2Fwp%2Fv2%2Fcomments&post=21532"}],"version-history":[{"count":2,"href":"https:\/\/radiorevelacionfm.cl\/index.php?rest_route=\/wp\/v2\/posts\/21532\/revisions"}],"predecessor-version":[{"id":21535,"href":"https:\/\/radiorevelacionfm.cl\/index.php?rest_route=\/wp\/v2\/posts\/21532\/revisions\/21535"}],"wp:featuredmedia":[{"embeddable":true,"href":"https:\/\/radiorevelacionfm.cl\/index.php?rest_route=\/wp\/v2\/media\/21533"}],"wp:attachment":[{"href":"https:\/\/radiorevelacionfm.cl\/index.php?rest_route=%2Fwp%2Fv2%2Fmedia&parent=21532"}],"wp:term":[{"taxonomy":"category","embeddable":true,"href":"https:\/\/radiorevelacionfm.cl\/index.php?rest_route=%2Fwp%2Fv2%2Fcategories&post=21532"},{"taxonomy":"post_tag","embeddable":true,"href":"https:\/\/radiorevelacionfm.cl\/index.php?rest_route=%2Fwp%2Fv2%2Ftags&post=21532"}],"curies":[{"name":"wp","href":"https:\/\/api.w.org\/{rel}","templated":true}]}}